{"id":12744,"date":"2024-07-03T08:31:03","date_gmt":"2024-07-03T04:31:03","guid":{"rendered":"https:\/\/etab.ac-reunion.fr\/clg-les-aigrettes\/?p=12744"},"modified":"2024-07-03T10:51:21","modified_gmt":"2024-07-03T06:51:21","slug":"immersion-dans-lart-venue-de-vast-9-decembre-2023","status":"publish","type":"post","link":"https:\/\/etab.ac-reunion.fr\/clg-les-aigrettes\/immersion-dans-lart-venue-de-vast-9-decembre-2023\/","title":{"rendered":"IMMERSION DANS L&rsquo;ART &#8211; Venue de VAST &#8211; 9 d\u00e9cembre 2023"},"content":{"rendered":"<p><strong>Performance en \u00ab live \u00bb , le Samedi 9 D\u00e9cembre 2023\u00a0<\/strong><strong>de l\u2019artiste VAST,\u00a0<\/strong><strong>graffeur reconnu \u00e0 la R\u00e9union et aussi dans le monde.<\/strong><\/p>\n<p><strong>\u00a0<\/strong>De son vrai nom Jordi THA\u00cfS, n\u00e9 en 1991, ancien \u00e9l\u00e8ve du coll\u00e8ge les Aigrettes en 2005,\u00a0O\u00f9 d\u00e9j\u00e0 il graffitait son carnet jaune de liaison.\u00a0Il a mis a profit son don de \u00ab graffiteur \u00bbet en a fait son m\u00e9tier.\u00a0Et c\u2019est donc avec plaisir qu\u2019il est venu un samedi matin en Vague Artistique faire un graff sur le th\u00e8me de la joie du voyage dans le cadre du Projet plurilingue..et signal\u00e9tique au Coll\u00e8ge Les Aigrettes dont il est issu.<\/p>\n<p><iframe loading=\"lazy\" class=\"wp-embedded-content\" sandbox=\"allow-scripts\" security=\"restricted\" title=\"Fresque de VAST au coll\u00e8ge Les Aigrettes Projet plurilingue 2023_24\" width=\"560\" height=\"315\" src=\"https:\/\/tube-institutionnel.apps.education.fr\/videos\/embed\/37b101e1-da23-46b9-83c5-58f5bf20a0c1#?secret=LTcjQ09mga\" data-secret=\"LTcjQ09mga\" frameborder=\"0\"><\/iframe><\/p>\n<p><a href=\"https:\/\/etab.ac-reunion.fr\/clg-les-aigrettes\/wp-content\/uploads\/sites\/96\/2024\/07\/Vast-au-College-scaled.jpg\"><img loading=\"lazy\" decoding=\"async\" class=\"alignnone size-large wp-image-12764\" src=\"https:\/\/etab.ac-reunion.fr\/clg-les-aigrettes\/wp-content\/uploads\/sites\/96\/2024\/07\/Vast-au-College-1024x771.jpg\" alt=\"\" width=\"1024\" height=\"771\" srcset=\"https:\/\/etab.ac-reunion.fr\/clg-les-aigrettes\/wp-content\/uploads\/sites\/96\/2024\/07\/Vast-au-College-980x738.jpg 980w, https:\/\/etab.ac-reunion.fr\/clg-les-aigrettes\/wp-content\/uploads\/sites\/96\/2024\/07\/Vast-au-College-480x362.jpg 480w\" sizes=\"(min-width: 0px) and (max-width: 480px) 480px, (min-width: 481px) and (max-width: 980px) 980px, (min-width: 981px) 1024px, 100vw\" \/><\/a><\/p>\n<a href=\"https:\/\/etab.ac-reunion.fr\/clg-les-aigrettes\/wp-content\/uploads\/sites\/96\/2024\/07\/Vast-Performance-Graff-au-College-9-Decembre-2023_compressed-1.pdf\" class=\"pdfemb-viewer\" style=\"\" data-width=\"max\" data-height=\"max\" data-toolbar=\"bottom\" data-toolbar-fixed=\"on\">Vast Performance Graff au College 9 De\u0301cembre 2023_compressed<\/a>\n<!-- AddThis Advanced Settings generic via filter on the_content --><!-- AddThis Share Buttons generic via filter on the_content -->","protected":false},"excerpt":{"rendered":"<p>Performance en \u00ab live \u00bb , le Samedi 9 D\u00e9cembre 2023\u00a0de l\u2019artiste VAST,\u00a0graffeur reconnu \u00e0 la R\u00e9union et aussi dans le monde. \u00a0De son vrai nom Jordi THA\u00cfS, n\u00e9 en [&hellip;]<!-- AddThis Advanced Settings generic via filter on get_the_excerpt --><!-- AddThis Share Buttons generic via filter on get_the_excerpt --><\/p>\n","protected":false},"author":24673,"featured_media":0,"comment_status":"closed","ping_status":"closed","sticky":false,"template":"","format":"standard","meta":{"_et_pb_use_builder":"","_et_pb_old_content":"","_et_gb_content_width":"","footnotes":"","_links_to":"","_links_to_target":""},"categories":[13],"tags":[],"class_list":["post-12744","post","type-post","status-publish","format-standard","hentry","category-les-dernieres-informations"],"_links":{"self":[{"href":"https:\/\/etab.ac-reunion.fr\/clg-les-aigrettes\/wp-json\/wp\/v2\/posts\/12744","targetHints":{"allow":["GET"]}}],"collection":[{"href":"https:\/\/etab.ac-reunion.fr\/clg-les-aigrettes\/wp-json\/wp\/v2\/posts"}],"about":[{"href":"https:\/\/etab.ac-reunion.fr\/clg-les-aigrettes\/wp-json\/wp\/v2\/types\/post"}],"author":[{"embeddable":true,"href":"https:\/\/etab.ac-reunion.fr\/clg-les-aigrettes\/wp-json\/wp\/v2\/users\/24673"}],"replies":[{"embeddable":true,"href":"https:\/\/etab.ac-reunion.fr\/clg-les-aigrettes\/wp-json\/wp\/v2\/comments?post=12744"}],"version-history":[{"count":12,"href":"https:\/\/etab.ac-reunion.fr\/clg-les-aigrettes\/wp-json\/wp\/v2\/posts\/12744\/revisions"}],"predecessor-version":[{"id":12776,"href":"https:\/\/etab.ac-reunion.fr\/clg-les-aigrettes\/wp-json\/wp\/v2\/posts\/12744\/revisions\/12776"}],"wp:attachment":[{"href":"https:\/\/etab.ac-reunion.fr\/clg-les-aigrettes\/wp-json\/wp\/v2\/media?parent=12744"}],"wp:term":[{"taxonomy":"category","embeddable":true,"href":"https:\/\/etab.ac-reunion.fr\/clg-les-aigrettes\/wp-json\/wp\/v2\/categories?post=12744"},{"taxonomy":"post_tag","embeddable":true,"href":"https:\/\/etab.ac-reunion.fr\/clg-les-aigrettes\/wp-json\/wp\/v2\/tags?post=12744"}],"curies":[{"name":"wp","href":"https:\/\/api.w.org\/{rel}","templated":true}]}}