{"id":12780,"date":"2024-08-29T09:09:24","date_gmt":"2024-08-29T05:09:24","guid":{"rendered":"https:\/\/etab.ac-reunion.fr\/clg-les-aigrettes\/?p=12780"},"modified":"2024-08-29T09:55:26","modified_gmt":"2024-08-29T05:55:26","slug":"vague-artistique-2023-2024-bilan-actions","status":"publish","type":"post","link":"https:\/\/etab.ac-reunion.fr\/clg-les-aigrettes\/vague-artistique-2023-2024-bilan-actions\/","title":{"rendered":"Vague artistique &#8211; 2023-2024 &#8211; Bilan actions"},"content":{"rendered":"<p>&nbsp;<\/p>\n<p>Treize belles ann\u00e9es au coll\u00e8ge tous les samedis de \u00ab concert \u00bb avec Vague verte.<\/p>\n<p>Cela aura permis d\u2019embellir le coll\u00e8ge avec pl\u00e9thore de cr\u00e9ations faites avec le concours d\u2019\u00e9l\u00e8ves passionn\u00e9s d\u2019atelier :<\/p>\n<p>\u00ab on ne les compte plus, \u00ab comme un mus\u00e9e \u00e0 ciel ouvert \u00bb a dit une \u00e9l\u00e8ve !<\/p>\n<a href=\"https:\/\/etab.ac-reunion.fr\/clg-les-aigrettes\/wp-content\/uploads\/sites\/96\/2024\/07\/Bilan-1-Actions-Vague-Artistique-et-divers.pdf\" class=\"pdfemb-viewer\" style=\"\" data-width=\"max\" data-height=\"max\" data-toolbar=\"bottom\" data-toolbar-fixed=\"on\">Bilan-1-Actions Vague Artistique et divers<\/a>\n<p>Mascottes, mosa\u00efques, Sculptures de Recups : Dodo, tortue, savate pour le projet AFRICA 2020 (avec le concours du sculpteur soudeur Richard Korblah..)Insectes faits \u00e0 partir de moteurs de motos, Anamorphoses<br \/>\nsur les escaliers\u2026Et il y a quelques ann\u00e9es d\u00e9j\u00e0 le projet d\u2019Art et Danse G K Danser, en hommage \u00e0 Gustav Klimt avec la troupe de danse de V\u00e9ronique Cazal !Un beau souvenir !<\/p>\n<p>Et suis aussi tr\u00e8s heureuse de vous annoncer l\u2019entr\u00e9e \u00e0 Ambroise Vollard de deux de nos artistes participant ou ayant particip\u00e9 \u00e0 l\u2019atelier : Lya et Anya ..BRAVO !!! et leur souhaite une tr\u00e8s belle r\u00e9ussite !<\/p>\n<p>1\/ Cette ann\u00e9e , nous avons donc finalis\u00e9 ce tr\u00e8s chronophage projet de mosa\u00efque, sise au Jardin des Hommes et ce sur 3 ans de septembre 21 \u00e0 Juillet 2024 sur le th\u00e8me de la nature r\u00e9unionnaise entre terre,<br \/>\nmer et ciel<br \/>\nEt nous avons le plaisir de vous pr\u00e9senter dans un post d\u00e9di\u00e9 une petite vid\u00e9o, pr\u00e9sentant les diff\u00e9rentes \u00e9tapes :<br \/>\nDepuis la recherches de th\u00e8mes, agrandissement et mise en mosa\u00efque, recherches de couleurs etc<br \/>\nEt pose finale faite avec les agents dont Mathieu et ses co\u00e9quipiers : je leur adresse un grand merci ainsi qu\u2019\u00e0 Mr Allard qui m\u2019a aid\u00e9e pour l\u2019enduit..<\/p>\n<p>2\/ Nous avons aussi finalis\u00e9 l\u2019action \u00ab BEBET ZAIGRETTES \u00bb amorc\u00e9e avec le DODO et Tortue en Capsules.de 2012..Voir Jardin \u00e0 l\u2019entr\u00e9e.<br \/>\nLes derni\u00e8res productions \u00e9tant Les insectes faits \u00e0 par2r de r\u00e9cups de moteurs de moto et un cam\u00e9l\u00e9on g\u00e9ant.<br \/>\nMerci au passage \u00e0 Mr Guernion qui m\u2019a r\u00e9cup\u00e9r\u00e9 ces moteurs usag\u00e9s aupr\u00e8s de TOP MOTO et \u00e0 Mr Korblah pour la soudure !!!<\/p>\n<p>3\/ Avec le projet Plurilingue signal\u00e9tique de cette ann\u00e9e on a r\u00e9alis\u00e9 des anamorphoses<br \/>\nSur le \u00ab Nous sommes \u00bb en toutes les langues, peintes au nombre de six sur les escaliers : un projet laborieux qui aura n\u00e9cessit\u00e9 un pr\u00e9 travail avec les enseignants et les \u00e9l\u00e8ves, des projections de nuit avec le<br \/>\nconcours de notre \u00e9m\u00e9rite Giovanni sans oublier tous les autres membres de cette super \u00e9quipe Mme Marcelli en Anglais qui chapeautait le projet, Mr Allard et les deux Sophie dont Mme Ramirez qui a pr\u00eat\u00e9<br \/>\nmain forte ( et fait la bande son !) et Mme Pichot pour l\u2019espagnol, initiatrice de l\u2019id\u00e9e de ce projet colossal et auquel ont aussi particip\u00e9 nos \u00e9l\u00e8ves d\u2019atelier pendant cinq semaines\u2026<\/p>\n<p>Merci \u00e0 la direction qui m\u2019a permise de faire ces ateliers pendant ces treize ann\u00e9es et aussi \u00e0 mes chers \u00e9l\u00e8ves qui nous motivent et que je vais regretter !..<br \/>\nMerci \u00e0 toutes et tous !<\/p>\n<!-- AddThis Advanced Settings generic via filter on the_content --><!-- AddThis Share Buttons generic via filter on the_content -->","protected":false},"excerpt":{"rendered":"<p>&nbsp; Treize belles ann\u00e9es au coll\u00e8ge tous les samedis de \u00ab concert \u00bb avec Vague verte. Cela aura permis d\u2019embellir le coll\u00e8ge avec pl\u00e9thore de cr\u00e9ations faites avec le concours [&hellip;]<!-- AddThis Advanced Settings generic via filter on get_the_excerpt --><!-- AddThis Share Buttons generic via filter on get_the_excerpt --><\/p>\n","protected":false},"author":24673,"featured_media":12800,"comment_status":"closed","ping_status":"closed","sticky":false,"template":"","format":"standard","meta":{"_et_pb_use_builder":"","_et_pb_old_content":"","_et_gb_content_width":"","footnotes":"","_links_to":"","_links_to_target":""},"categories":[13],"tags":[],"class_list":["post-12780","post","type-post","status-publish","format-standard","has-post-thumbnail","hentry","category-les-dernieres-informations"],"_links":{"self":[{"href":"https:\/\/etab.ac-reunion.fr\/clg-les-aigrettes\/wp-json\/wp\/v2\/posts\/12780","targetHints":{"allow":["GET"]}}],"collection":[{"href":"https:\/\/etab.ac-reunion.fr\/clg-les-aigrettes\/wp-json\/wp\/v2\/posts"}],"about":[{"href":"https:\/\/etab.ac-reunion.fr\/clg-les-aigrettes\/wp-json\/wp\/v2\/types\/post"}],"author":[{"embeddable":true,"href":"https:\/\/etab.ac-reunion.fr\/clg-les-aigrettes\/wp-json\/wp\/v2\/users\/24673"}],"replies":[{"embeddable":true,"href":"https:\/\/etab.ac-reunion.fr\/clg-les-aigrettes\/wp-json\/wp\/v2\/comments?post=12780"}],"version-history":[{"count":8,"href":"https:\/\/etab.ac-reunion.fr\/clg-les-aigrettes\/wp-json\/wp\/v2\/posts\/12780\/revisions"}],"predecessor-version":[{"id":12909,"href":"https:\/\/etab.ac-reunion.fr\/clg-les-aigrettes\/wp-json\/wp\/v2\/posts\/12780\/revisions\/12909"}],"wp:featuredmedia":[{"embeddable":true,"href":"https:\/\/etab.ac-reunion.fr\/clg-les-aigrettes\/wp-json\/wp\/v2\/media\/12800"}],"wp:attachment":[{"href":"https:\/\/etab.ac-reunion.fr\/clg-les-aigrettes\/wp-json\/wp\/v2\/media?parent=12780"}],"wp:term":[{"taxonomy":"category","embeddable":true,"href":"https:\/\/etab.ac-reunion.fr\/clg-les-aigrettes\/wp-json\/wp\/v2\/categories?post=12780"},{"taxonomy":"post_tag","embeddable":true,"href":"https:\/\/etab.ac-reunion.fr\/clg-les-aigrettes\/wp-json\/wp\/v2\/tags?post=12780"}],"curies":[{"name":"wp","href":"https:\/\/api.w.org\/{rel}","templated":true}]}}