{"id":12879,"date":"2024-08-29T09:51:45","date_gmt":"2024-08-29T05:51:45","guid":{"rendered":"https:\/\/etab.ac-reunion.fr\/clg-les-aigrettes\/?p=12879"},"modified":"2024-09-02T13:16:03","modified_gmt":"2024-09-02T09:16:03","slug":"latelier-sanamorphose-2024","status":"publish","type":"post","link":"https:\/\/etab.ac-reunion.fr\/clg-les-aigrettes\/latelier-sanamorphose-2024\/","title":{"rendered":"L&rsquo;atelier s&rsquo;anamorphose &#8230; 2024"},"content":{"rendered":"[et_pb_section fb_built=\u00a0\u00bb1&Prime; _builder_version=\u00a0\u00bb4.27.0&Prime; _module_preset=\u00a0\u00bbdefault\u00a0\u00bb global_colors_info=\u00a0\u00bb{}\u00a0\u00bb][et_pb_row _builder_version=\u00a0\u00bb4.27.0&Prime; _module_preset=\u00a0\u00bbdefault\u00a0\u00bb global_colors_info=\u00a0\u00bb{}\u00a0\u00bb][et_pb_column type=\u00a0\u00bb4_4&Prime; _builder_version=\u00a0\u00bb4.27.0&Prime; _module_preset=\u00a0\u00bbdefault\u00a0\u00bb global_colors_info=\u00a0\u00bb{}\u00a0\u00bb][et_pb_text _builder_version=\u00a0\u00bb4.27.0&Prime; _module_preset=\u00a0\u00bbdefault\u00a0\u00bb global_colors_info=\u00a0\u00bb{}\u00a0\u00bb]\n<p><strong>ANAMORPHOSES : SIGNALETIQUE<\/strong><\/p>\n<p><strong>Sur le \u00ab NOUS SOMMES<\/strong><\/p>\n<p><strong>\u00a0<\/strong><u>Avec le projet Plurilingue signal\u00e9tique de cette ann\u00e9e<\/u> on a r\u00e9alis\u00e9 des <strong>anamorphoses sur les escaliers<\/strong><\/p>\n<p><strong>\u00a0<\/strong><\/p>\n<p><strong>Sur le \u00ab\u00a0Nous sommes\u00a0\u00bb en toutes les langues,\u00a0 peintes au nombre de six sur les escaliers<\/strong>\u00a0:<\/p>\n<p>un projet chronophage qui aura n\u00e9cessit\u00e9 un pr\u00e9travail avec les enseignants et les les \u00e9l\u00e8ves, des projections de nuit avec le concours de notre \u00e9merite Giovanni sans oublier tous les autres membres de cette super \u00e9quipe Mme Marcelli en Anglais qui chapeautait le projet, Mr Allard et les deux Sophie dont Mme Ramirez qui a pr\u00eat\u00e9 main forte ( et fait la bande son\u00a0!) et Mme Pichot pour l\u2019espagnol, initiatrice de l\u2019id\u00e9e de ce projet colossal et <u>auquel ont aussi particip\u00e9 les \u00e9l\u00e8ves d\u2019atelier pendant cinq semaines\u2026qu\u2019on remercie\u00a0!, pour la conception et coop\u00e9ration.<\/u><\/p>\n<p>D\u00e9finition \u00ab\u00a0Anamorphose\u00a0\u00bb (source Wikipedia) : <span>Une\u00a0<\/span><b>anamorphose<\/b><span>\u00a0(du grec\u00a0<\/span><i>\u03b1\u03bd\u03b1\u03bc\u03bf\u03c1\u03c6\u03c9\u03b5\u03b9\u03bd<\/i><span>\u00a0<\/span><i>anamorphoein,<\/i><span>\u00a0\u00ab\u00a0transformer\u00a0\u00bb) est le r\u00e9sultat de la projection frontale d\u2019une image sur une surface non perpendiculaire \u00e0 l\u2019axe de projection. L\u2019image projet\u00e9e en \u00e9pousant le model\u00e9 de la surface devient une image d\u00e9form\u00e9e appel\u00e9e anamorphose.\u00a0<\/span>\u00a0<\/p>\n[\/et_pb_text][et_pb_text _builder_version=\u00a0\u00bb4.27.0&Prime; _module_preset=\u00a0\u00bbdefault\u00a0\u00bb global_colors_info=\u00a0\u00bb{}\u00a0\u00bb]\n<p><a href=\"https:\/\/tube-institutionnel.apps.education.fr\/w\/6yjhhcCan2YQ1SUfoXeBdo\">Action Anamorphoses Signal\u00e9tiques en Atelier<\/a><\/p>\n[\/et_pb_text][\/et_pb_column][\/et_pb_row][et_pb_row _builder_version=\u00a0\u00bb4.27.0&Prime; _module_preset=\u00a0\u00bbdefault\u00a0\u00bb global_colors_info=\u00a0\u00bb{}\u00a0\u00bb][et_pb_column type=\u00a0\u00bb4_4&Prime; _builder_version=\u00a0\u00bb4.27.0&Prime; _module_preset=\u00a0\u00bbdefault\u00a0\u00bb global_colors_info=\u00a0\u00bb{}\u00a0\u00bb][et_pb_gallery gallery_ids=\u00a0\u00bb12884,12885,12886,12887,12888,12889,12890,12891,12892,12893,12894,12895,12896,12897,12898,12899,12900,12901,12902,12903,12904,12905,12906&Prime; _builder_version=\u00a0\u00bb4.27.0&Prime; _module_preset=\u00a0\u00bbdefault\u00a0\u00bb global_colors_info=\u00a0\u00bb{}\u00a0\u00bb custom_padding=\u00a0\u00bb||0px|||\u00a0\u00bb custom_margin=\u00a0\u00bb||-96px|||\u00a0\u00bb][\/et_pb_gallery][\/et_pb_column][\/et_pb_row][et_pb_row _builder_version=\u00a0\u00bb4.27.0&Prime; _module_preset=\u00a0\u00bbdefault\u00a0\u00bb global_colors_info=\u00a0\u00bb{}\u00a0\u00bb][et_pb_column type=\u00a0\u00bb4_4&Prime; _builder_version=\u00a0\u00bb4.27.0&Prime; _module_preset=\u00a0\u00bbdefault\u00a0\u00bb global_colors_info=\u00a0\u00bb{}\u00a0\u00bb][et_pb_text _builder_version=\u00a0\u00bb4.27.0&Prime; _module_preset=\u00a0\u00bbdefault\u00a0\u00bb global_colors_info=\u00a0\u00bb{}\u00a0\u00bb]\n<p><a href=\"https:\/\/etab.ac-reunion.fr\/clg-les-aigrettes\/wp-content\/uploads\/sites\/96\/2024\/08\/Projets-Anamorphoses-Projets-Eleves-Le-Nous-et-Nous-sommes-multilingue-603-604.pdf\" rel=\"attachment wp-att-12882\">Projets Anamorphoses Projets El\u00e8ves Le Nous et Nous sommes multilingue 603 604<\/a><\/p>\n[\/et_pb_text][\/et_pb_column][\/et_pb_row][\/et_pb_section]\n<!-- AddThis Advanced Settings generic via filter on the_content --><!-- AddThis Share Buttons generic via filter on the_content -->","protected":false},"excerpt":{"rendered":"<p>ANAMORPHOSES : SIGNALETIQUE Sur le \u00ab NOUS SOMMES \u00a0Avec le projet Plurilingue signal\u00e9tique de cette ann\u00e9e on a r\u00e9alis\u00e9 des anamorphoses sur les escaliers \u00a0 Sur le \u00ab\u00a0Nous sommes\u00a0\u00bb en [&hellip;]<\/p>\n<p><!-- AddThis Advanced Settings generic via filter on get_the_excerpt --><!-- AddThis Share Buttons generic via filter on get_the_excerpt --><\/p>\n","protected":false},"author":24673,"featured_media":0,"comment_status":"closed","ping_status":"closed","sticky":false,"template":"","format":"standard","meta":{"_et_pb_use_builder":"on","_et_pb_old_content":"","_et_gb_content_width":"","footnotes":"","_links_to":"","_links_to_target":""},"categories":[13],"tags":[],"class_list":["post-12879","post","type-post","status-publish","format-standard","hentry","category-les-dernieres-informations"],"_links":{"self":[{"href":"https:\/\/etab.ac-reunion.fr\/clg-les-aigrettes\/wp-json\/wp\/v2\/posts\/12879","targetHints":{"allow":["GET"]}}],"collection":[{"href":"https:\/\/etab.ac-reunion.fr\/clg-les-aigrettes\/wp-json\/wp\/v2\/posts"}],"about":[{"href":"https:\/\/etab.ac-reunion.fr\/clg-les-aigrettes\/wp-json\/wp\/v2\/types\/post"}],"author":[{"embeddable":true,"href":"https:\/\/etab.ac-reunion.fr\/clg-les-aigrettes\/wp-json\/wp\/v2\/users\/24673"}],"replies":[{"embeddable":true,"href":"https:\/\/etab.ac-reunion.fr\/clg-les-aigrettes\/wp-json\/wp\/v2\/comments?post=12879"}],"version-history":[{"count":8,"href":"https:\/\/etab.ac-reunion.fr\/clg-les-aigrettes\/wp-json\/wp\/v2\/posts\/12879\/revisions"}],"predecessor-version":[{"id":12926,"href":"https:\/\/etab.ac-reunion.fr\/clg-les-aigrettes\/wp-json\/wp\/v2\/posts\/12879\/revisions\/12926"}],"wp:attachment":[{"href":"https:\/\/etab.ac-reunion.fr\/clg-les-aigrettes\/wp-json\/wp\/v2\/media?parent=12879"}],"wp:term":[{"taxonomy":"category","embeddable":true,"href":"https:\/\/etab.ac-reunion.fr\/clg-les-aigrettes\/wp-json\/wp\/v2\/categories?post=12879"},{"taxonomy":"post_tag","embeddable":true,"href":"https:\/\/etab.ac-reunion.fr\/clg-les-aigrettes\/wp-json\/wp\/v2\/tags?post=12879"}],"curies":[{"name":"wp","href":"https:\/\/api.w.org\/{rel}","templated":true}]}}