{"id":12952,"date":"2025-03-27T07:54:54","date_gmt":"2025-03-27T03:54:54","guid":{"rendered":"https:\/\/etab.ac-reunion.fr\/clg-les-aigrettes\/?p=12952"},"modified":"2025-03-27T07:57:18","modified_gmt":"2025-03-27T03:57:18","slug":"journee-academique-de-linnovation-fevrier-2025","status":"publish","type":"post","link":"https:\/\/etab.ac-reunion.fr\/clg-les-aigrettes\/journee-academique-de-linnovation-fevrier-2025\/","title":{"rendered":"Journ\u00e9e acad\u00e9mique de l&rsquo;innovation &#8211; F\u00e9vrier 2025"},"content":{"rendered":"<h1 style=\"text-align: center\"><\/h1>\n<h1 style=\"text-align: center\"><strong>JOURN\u00c9ES ACAD\u00c9MIQUES DE L&rsquo;INNOVATION<\/strong><br \/>\n<strong>Moca, Domaine de Montgaillard, ST DENIS<\/strong><br \/>\n<strong>Mercredi 19 f\u00e9vrier 2025<\/strong><\/h1>\n<h1 style=\"text-align: center\"><strong><a href=\"https:\/\/etab.ac-reunion.fr\/clg-les-aigrettes\/wp-content\/uploads\/sites\/96\/2025\/03\/4Journee-Academique-de-lInnovation-mer-19-fev-25.jpg\"><img loading=\"lazy\" decoding=\"async\" class=\"alignnone size-large wp-image-12955\" src=\"https:\/\/etab.ac-reunion.fr\/clg-les-aigrettes\/wp-content\/uploads\/sites\/96\/2025\/03\/4Journee-Academique-de-lInnovation-mer-19-fev-25-1024x768.jpg\" alt=\"\" width=\"1024\" height=\"768\" srcset=\"https:\/\/etab.ac-reunion.fr\/clg-les-aigrettes\/wp-content\/uploads\/sites\/96\/2025\/03\/4Journee-Academique-de-lInnovation-mer-19-fev-25-1024x768.jpg 1024w, https:\/\/etab.ac-reunion.fr\/clg-les-aigrettes\/wp-content\/uploads\/sites\/96\/2025\/03\/4Journee-Academique-de-lInnovation-mer-19-fev-25-980x735.jpg 980w, https:\/\/etab.ac-reunion.fr\/clg-les-aigrettes\/wp-content\/uploads\/sites\/96\/2025\/03\/4Journee-Academique-de-lInnovation-mer-19-fev-25-480x360.jpg 480w\" sizes=\"(min-width: 0px) and (max-width: 480px) 480px, (min-width: 481px) and (max-width: 980px) 980px, (min-width: 981px) 1024px, 100vw\" \/><\/a><\/strong><\/h1>\n<p>\u00c0 l&rsquo;initiative du Rectorat, l&rsquo;Orchestre du Coll\u00e8ge des Aigrettes a \u00e9t\u00e9 invit\u00e9 \u00e0 participer \u00e0 l&rsquo;Ouverture en musique du Village Innovation des Journ\u00e9es Acad\u00e9miques de l&rsquo;Innovation.<br \/>\nPrestation remarqu\u00e9e de la bonne \u00e9quipe de 15 musiciens de l&rsquo;ORCHESTRE :<\/p>\n<ul>\n<li>MAGNIER Ars\u00e8ne (304)<\/li>\n<li>PUYLAURENT Keyla (304)<\/li>\n<li>DAUVIN Achille (503)<\/li>\n<li>ROCROU St\u00e9phane (503)<\/li>\n<li>DORIA Elina (505)<\/li>\n<li>DORLA-LANGEVILLER Geodel (505)<\/li>\n<li>TECHER Pierre-Andr\u00e9 (505)<\/li>\n<li>LAHKIM Mansour (506)<\/li>\n<li>RAMIN Luna (506)<\/li>\n<li>MAGNIER Val\u00e8re (603)<\/li>\n<li>BARET Lucas (606)<\/li>\n<li>BRADANIEL Jules (606)<\/li>\n<li>LAMBARD Norah (606)<\/li>\n<li>SINCERE Rayan (606)<\/li>\n<li>ADVISSE Nolan (606)<\/li>\n<\/ul>\n<p>Sous la baguette du chef d&rsquo;orchestre M.GUEROLD professeur de Musique du coll\u00e8ge, l&rsquo;orchestre \u00e0 interpr\u00e9t\u00e9 un r\u00e9pertoire vari\u00e9 de musiques traditionnelles et modernes :<\/p>\n<p>1) Soul Bossa Nova de Quincy Jones<br \/>\n2) Game of Thrones de Ramin Djawadi<br \/>\n3) Master Blaster Jammin&rsquo; de Stevie Wonder<br \/>\n4) Still Dre de Dr DRE<br \/>\n5) Fort Boyard de Paul Koulak<br \/>\n6) Tequila de The Champs<\/p>\n<p><a href=\"https:\/\/etab.ac-reunion.fr\/clg-les-aigrettes\/wp-content\/uploads\/sites\/96\/2025\/03\/1Journee-Academique-de-lInnovation-mer-19-fev-25.jpg\"><img loading=\"lazy\" decoding=\"async\" class=\"alignnone size-large wp-image-12956\" src=\"https:\/\/etab.ac-reunion.fr\/clg-les-aigrettes\/wp-content\/uploads\/sites\/96\/2025\/03\/1Journee-Academique-de-lInnovation-mer-19-fev-25-768x1024.jpg\" alt=\"\" width=\"768\" height=\"1024\" srcset=\"https:\/\/etab.ac-reunion.fr\/clg-les-aigrettes\/wp-content\/uploads\/sites\/96\/2025\/03\/1Journee-Academique-de-lInnovation-mer-19-fev-25-768x1024.jpg 768w, https:\/\/etab.ac-reunion.fr\/clg-les-aigrettes\/wp-content\/uploads\/sites\/96\/2025\/03\/1Journee-Academique-de-lInnovation-mer-19-fev-25-480x640.jpg 480w\" sizes=\"(min-width: 0px) and (max-width: 480px) 480px, (min-width: 481px) 768px, 100vw\" \/><\/a> <a href=\"https:\/\/etab.ac-reunion.fr\/clg-les-aigrettes\/wp-content\/uploads\/sites\/96\/2025\/03\/5Journee-Academique-de-lInnovation-mer-19-fev-25.jpg\"><img loading=\"lazy\" decoding=\"async\" class=\"alignnone size-large wp-image-12957\" src=\"https:\/\/etab.ac-reunion.fr\/clg-les-aigrettes\/wp-content\/uploads\/sites\/96\/2025\/03\/5Journee-Academique-de-lInnovation-mer-19-fev-25-1024x768.jpg\" alt=\"\" width=\"1024\" height=\"768\" srcset=\"https:\/\/etab.ac-reunion.fr\/clg-les-aigrettes\/wp-content\/uploads\/sites\/96\/2025\/03\/5Journee-Academique-de-lInnovation-mer-19-fev-25-1024x768.jpg 1024w, https:\/\/etab.ac-reunion.fr\/clg-les-aigrettes\/wp-content\/uploads\/sites\/96\/2025\/03\/5Journee-Academique-de-lInnovation-mer-19-fev-25-980x735.jpg 980w, https:\/\/etab.ac-reunion.fr\/clg-les-aigrettes\/wp-content\/uploads\/sites\/96\/2025\/03\/5Journee-Academique-de-lInnovation-mer-19-fev-25-480x360.jpg 480w\" sizes=\"(min-width: 0px) and (max-width: 480px) 480px, (min-width: 481px) and (max-width: 980px) 980px, (min-width: 981px) 1024px, 100vw\" \/><\/a> <a href=\"https:\/\/etab.ac-reunion.fr\/clg-les-aigrettes\/wp-content\/uploads\/sites\/96\/2025\/03\/6Journee-Academique-de-lInnovation-mer-19-fev-25.jpg\"><img loading=\"lazy\" decoding=\"async\" class=\"alignnone size-large wp-image-12958\" src=\"https:\/\/etab.ac-reunion.fr\/clg-les-aigrettes\/wp-content\/uploads\/sites\/96\/2025\/03\/6Journee-Academique-de-lInnovation-mer-19-fev-25-768x1024.jpg\" alt=\"\" width=\"768\" height=\"1024\" srcset=\"https:\/\/etab.ac-reunion.fr\/clg-les-aigrettes\/wp-content\/uploads\/sites\/96\/2025\/03\/6Journee-Academique-de-lInnovation-mer-19-fev-25-768x1024.jpg 768w, https:\/\/etab.ac-reunion.fr\/clg-les-aigrettes\/wp-content\/uploads\/sites\/96\/2025\/03\/6Journee-Academique-de-lInnovation-mer-19-fev-25-480x640.jpg 480w\" sizes=\"(min-width: 0px) and (max-width: 480px) 480px, (min-width: 481px) 768px, 100vw\" \/><\/a><\/p>\n<p><a href=\"https:\/\/tube-institutionnel.apps.education.fr\/w\/eP3UmSxGcyoMp57zmRr2ek\" target=\"_blank\" rel=\"noopener\">Lien vers prestation musicale<\/a><\/p>\n<p>Les quelques 300 personnes pr\u00e9sentes \u00e0 ces journ\u00e9es ont appr\u00e9ci\u00e9 le dynamisme et le travail des musiciens et de leur chef d&rsquo;orchestre.<br \/>\nLe Recteur M. Rostane Mehdi a tenu \u00e0 f\u00e9liciter personnellement les jeunes talents.<\/p>\n<div id=\"attachment_12954\" style=\"width: 1034px\" class=\"wp-caption alignnone\"><a href=\"https:\/\/etab.ac-reunion.fr\/clg-les-aigrettes\/wp-content\/uploads\/sites\/96\/2025\/03\/Orchestre-Recteur-Mme-BAREIGTS-scaled.jpg\"><img loading=\"lazy\" decoding=\"async\" aria-describedby=\"caption-attachment-12954\" class=\"wp-image-12954 size-large\" src=\"https:\/\/etab.ac-reunion.fr\/clg-les-aigrettes\/wp-content\/uploads\/sites\/96\/2025\/03\/Orchestre-Recteur-Mme-BAREIGTS-1024x621.jpg\" alt=\"\" width=\"1024\" height=\"621\" srcset=\"https:\/\/etab.ac-reunion.fr\/clg-les-aigrettes\/wp-content\/uploads\/sites\/96\/2025\/03\/Orchestre-Recteur-Mme-BAREIGTS-980x595.jpg 980w, https:\/\/etab.ac-reunion.fr\/clg-les-aigrettes\/wp-content\/uploads\/sites\/96\/2025\/03\/Orchestre-Recteur-Mme-BAREIGTS-480x291.jpg 480w\" sizes=\"(min-width: 0px) and (max-width: 480px) 480px, (min-width: 481px) and (max-width: 980px) 980px, (min-width: 981px) 1024px, 100vw\" \/><\/a><p id=\"caption-attachment-12954\" class=\"wp-caption-text\">Orchestre du coll\u00e8ge avec M. Rostane Mehdi, recteur et Mme Ericka Bareigts, maire de Saint-Denis<\/p><\/div>\n<p>Merci aux techniciens M.RINGAYEN Andr\u00e9, M.FULBERT Jean-Yves et M.PAYET Bruno qui ont assur\u00e9 la logistique (son et mat\u00e9riel) en main de Ma\u00eetre !<br \/>\nMerci \u00e9galement \u00e0 M.VALLON Principal du coll\u00e8ge des Aigrettes, ainsi qu&rsquo;\u00e0 toute l&rsquo;\u00e9quipe de Direction pour le soutien et l&rsquo;organisation g\u00e9n\u00e9rale de cette sortie.<\/p>\n<p style=\"text-align: right\">M.GUEROLD (professeur de Musique)<\/p>\n<p><a href=\"https:\/\/etab.ac-reunion.fr\/clg-les-aigrettes\/wp-content\/uploads\/sites\/96\/2025\/03\/10Journee-Academique-de-lInnovation-mer-19-fev-25-scaled.jpg\"><img loading=\"lazy\" decoding=\"async\" class=\"alignnone size-large wp-image-12959\" src=\"https:\/\/etab.ac-reunion.fr\/clg-les-aigrettes\/wp-content\/uploads\/sites\/96\/2025\/03\/10Journee-Academique-de-lInnovation-mer-19-fev-25-1024x768.jpg\" alt=\"\" width=\"1024\" height=\"768\" srcset=\"https:\/\/etab.ac-reunion.fr\/clg-les-aigrettes\/wp-content\/uploads\/sites\/96\/2025\/03\/10Journee-Academique-de-lInnovation-mer-19-fev-25-980x735.jpg 980w, https:\/\/etab.ac-reunion.fr\/clg-les-aigrettes\/wp-content\/uploads\/sites\/96\/2025\/03\/10Journee-Academique-de-lInnovation-mer-19-fev-25-480x360.jpg 480w\" sizes=\"(min-width: 0px) and (max-width: 480px) 480px, (min-width: 481px) and (max-width: 980px) 980px, (min-width: 981px) 1024px, 100vw\" \/><\/a> <a href=\"https:\/\/etab.ac-reunion.fr\/clg-les-aigrettes\/wp-content\/uploads\/sites\/96\/2025\/03\/11Journee-Academique-de-lInnovation-mer-19-fev-25-scaled.jpg\"><img loading=\"lazy\" decoding=\"async\" class=\"alignnone size-large wp-image-12960\" src=\"https:\/\/etab.ac-reunion.fr\/clg-les-aigrettes\/wp-content\/uploads\/sites\/96\/2025\/03\/11Journee-Academique-de-lInnovation-mer-19-fev-25-1024x768.jpg\" alt=\"\" width=\"1024\" height=\"768\" srcset=\"https:\/\/etab.ac-reunion.fr\/clg-les-aigrettes\/wp-content\/uploads\/sites\/96\/2025\/03\/11Journee-Academique-de-lInnovation-mer-19-fev-25-980x735.jpg 980w, https:\/\/etab.ac-reunion.fr\/clg-les-aigrettes\/wp-content\/uploads\/sites\/96\/2025\/03\/11Journee-Academique-de-lInnovation-mer-19-fev-25-480x360.jpg 480w\" sizes=\"(min-width: 0px) and (max-width: 480px) 480px, (min-width: 481px) and (max-width: 980px) 980px, (min-width: 981px) 1024px, 100vw\" \/><\/a><\/p>\n<!-- AddThis Advanced Settings generic via filter on the_content --><!-- AddThis Share Buttons generic via filter on the_content -->","protected":false},"excerpt":{"rendered":"<p>JOURN\u00c9ES ACAD\u00c9MIQUES DE L&rsquo;INNOVATION Moca, Domaine de Montgaillard, ST DENIS Mercredi 19 f\u00e9vrier 2025 \u00c0 l&rsquo;initiative du Rectorat, l&rsquo;Orchestre du Coll\u00e8ge des Aigrettes a \u00e9t\u00e9 invit\u00e9 \u00e0 participer \u00e0 l&rsquo;Ouverture [&hellip;]<!-- AddThis Advanced Settings generic via filter on get_the_excerpt --><!-- AddThis Share Buttons generic via filter on get_the_excerpt --><\/p>\n","protected":false},"author":24673,"featured_media":12955,"comment_status":"closed","ping_status":"closed","sticky":false,"template":"","format":"standard","meta":{"_et_pb_use_builder":"","_et_pb_old_content":"","_et_gb_content_width":"","footnotes":"","_links_to":"","_links_to_target":""},"categories":[13],"tags":[],"class_list":["post-12952","post","type-post","status-publish","format-standard","has-post-thumbnail","hentry","category-les-dernieres-informations"],"_links":{"self":[{"href":"https:\/\/etab.ac-reunion.fr\/clg-les-aigrettes\/wp-json\/wp\/v2\/posts\/12952","targetHints":{"allow":["GET"]}}],"collection":[{"href":"https:\/\/etab.ac-reunion.fr\/clg-les-aigrettes\/wp-json\/wp\/v2\/posts"}],"about":[{"href":"https:\/\/etab.ac-reunion.fr\/clg-les-aigrettes\/wp-json\/wp\/v2\/types\/post"}],"author":[{"embeddable":true,"href":"https:\/\/etab.ac-reunion.fr\/clg-les-aigrettes\/wp-json\/wp\/v2\/users\/24673"}],"replies":[{"embeddable":true,"href":"https:\/\/etab.ac-reunion.fr\/clg-les-aigrettes\/wp-json\/wp\/v2\/comments?post=12952"}],"version-history":[{"count":8,"href":"https:\/\/etab.ac-reunion.fr\/clg-les-aigrettes\/wp-json\/wp\/v2\/posts\/12952\/revisions"}],"predecessor-version":[{"id":12967,"href":"https:\/\/etab.ac-reunion.fr\/clg-les-aigrettes\/wp-json\/wp\/v2\/posts\/12952\/revisions\/12967"}],"wp:featuredmedia":[{"embeddable":true,"href":"https:\/\/etab.ac-reunion.fr\/clg-les-aigrettes\/wp-json\/wp\/v2\/media\/12955"}],"wp:attachment":[{"href":"https:\/\/etab.ac-reunion.fr\/clg-les-aigrettes\/wp-json\/wp\/v2\/media?parent=12952"}],"wp:term":[{"taxonomy":"category","embeddable":true,"href":"https:\/\/etab.ac-reunion.fr\/clg-les-aigrettes\/wp-json\/wp\/v2\/categories?post=12952"},{"taxonomy":"post_tag","embeddable":true,"href":"https:\/\/etab.ac-reunion.fr\/clg-les-aigrettes\/wp-json\/wp\/v2\/tags?post=12952"}],"curies":[{"name":"wp","href":"https:\/\/api.w.org\/{rel}","templated":true}]}}