{"id":13165,"date":"2025-06-24T16:04:45","date_gmt":"2025-06-24T12:04:45","guid":{"rendered":"https:\/\/etab.ac-reunion.fr\/clg-les-aigrettes\/?p=13165"},"modified":"2025-06-24T16:04:45","modified_gmt":"2025-06-24T12:04:45","slug":"le-plurilinguisme-en-fete-au-college-les-aigrettes","status":"publish","type":"post","link":"https:\/\/etab.ac-reunion.fr\/clg-les-aigrettes\/le-plurilinguisme-en-fete-au-college-les-aigrettes\/","title":{"rendered":"Le plurilinguisme en f\u00eate au coll\u00e8ge Les Aigrettes"},"content":{"rendered":"<p><a href=\"https:\/\/etab.ac-reunion.fr\/clg-les-aigrettes\/wp-content\/uploads\/sites\/96\/2025\/06\/Capture-decran-2025-06-01-a-15.04.23.png\"><img loading=\"lazy\" decoding=\"async\" class=\"alignnone size-large wp-image-13166\" src=\"https:\/\/etab.ac-reunion.fr\/clg-les-aigrettes\/wp-content\/uploads\/sites\/96\/2025\/06\/Capture-decran-2025-06-01-a-15.04.23-725x1024.png\" alt=\"\" width=\"725\" height=\"1024\" srcset=\"https:\/\/etab.ac-reunion.fr\/clg-les-aigrettes\/wp-content\/uploads\/sites\/96\/2025\/06\/Capture-decran-2025-06-01-a-15.04.23-725x1024.png 725w, https:\/\/etab.ac-reunion.fr\/clg-les-aigrettes\/wp-content\/uploads\/sites\/96\/2025\/06\/Capture-decran-2025-06-01-a-15.04.23-480x678.png 480w\" sizes=\"(min-width: 0px) and (max-width: 480px) 480px, (min-width: 481px) 725px, 100vw\" \/><\/a><\/p>\n<p><span style=\"font-size: medium\">La soir\u00e9e <i>Coll\u00e8ge en f\u00eate : le plurilingue, c\u2019est notre langue <\/i>s\u2019est d\u00e9roul\u00e9e le jeudi 19 juin 2025 au coll\u00e8ge Les Aigrettes. Ce projet ambitieux a pris forme gr\u00e2ce \u00e0 l\u2019investissement de nombreux acteurs et a pu voir le jour dans une atmosph\u00e8re chaleureuse et conviviale.<\/span><\/p>\n<p><span style=\"font-size: medium\">Je remercie sinc\u00e8rement toutes les personnes qui ont permis que cela soit possible.\u00a0Un grand\u00a0merci \u00e9galement aux agents\u00a0pour leur d\u00e9vouement, leur patience et leur aide pr\u00e9cieuse tout au long de cette journ\u00e9e.\u00a0Une pens\u00e9e particuli\u00e8re \u00e0 Monsieur\u00a0Bruno Payet, toujours pr\u00e9sent avec le sourire, la disponibilit\u00e9 et l\u2019efficacit\u00e9.<\/span><\/p>\n<p><a href=\"https:\/\/www.canva.com\/design\/DAGrK-bW9Ms\/n0a_9KxB_WYrG3zP-J3iWg\/view?utm_content=DAGrK-bW9Ms&amp;utm_campaign=designshare&amp;utm_medium=link2&amp;utm_source=uniquelinks&amp;utlId=hc9e65411e8\">Cliquez ici pour lire le bilan et les remerciements<\/a><\/p>\n<p><span style=\"font-size: medium\">Un immense\u00a0merci au groupe Z\u00e9n\u00e8s Gayar de la Plaine des Palmistes\u00a0qui nous a offert, en cl\u00f4ture de soir\u00e9e, un\u00a0Kabar maloya\u00a0vibrant d\u2019\u00e9motion et de fiert\u00e9.<\/span><\/p>\n<p><span style=\"font-size: medium\">Cet instant fort a \u00e9t\u00e9 organis\u00e9 par\u00a0notre \u00e9l\u00e8ve Kendric TAFIQUET, que nous f\u00e9licitons chaleureusement.<\/span><\/p>\n<p><span style=\"font-size: medium\">M\u00e8rsi pou zot lamour maloya tradision\u00e9l, zot fonnk\u00e8r, zot partaz.Ansanm, zot flanbo maloya i tinn arpa.\u00a0Gaya sa\u00a0!<\/span><\/p>\n<p><span style=\"font-size: medium\">M. GILBOIRE<\/span><\/p>\n<p><em><span style=\"font-size: medium\">\u00ab Parler, c\u2019est exister absolument pour l\u2019autre. \u00bb\u00a0Frantz FANON<\/span><\/em><\/p>\n<p><a href=\"https:\/\/tube-institutionnel.apps.education.fr\/w\/rMjxTub13c2K7UcaiC4NHv\">Vid\u00e9o 1 &#8211; Soir\u00e9e plurilingue<\/a><\/p>\n<p><a href=\"https:\/\/tube-institutionnel.apps.education.fr\/w\/bhmwGb8PpBcyTHCHA2mW9f\">Vid\u00e9o 2 &#8211; Soir\u00e9e plurilingue<\/a><\/p>\n<p><a href=\"https:\/\/tube-institutionnel.apps.education.fr\/w\/jMBcT9KXYJkvqeMCy1V5sd\">Vid\u00e9o 3 &#8211; Soir\u00e9e plurilingue<\/a><\/p>\n<p><a href=\"https:\/\/tube-institutionnel.apps.education.fr\/w\/3D6P4C5rn9pbn1UauU7a2d\">Vid\u00e9o 4 &#8211; Soir\u00e9e plurilingue<\/a><\/p>\n<!-- AddThis Advanced Settings generic via filter on the_content --><!-- AddThis Share Buttons generic via filter on the_content -->","protected":false},"excerpt":{"rendered":"<p>La soir\u00e9e Coll\u00e8ge en f\u00eate : le plurilingue, c\u2019est notre langue s\u2019est d\u00e9roul\u00e9e le jeudi 19 juin 2025 au coll\u00e8ge Les Aigrettes. Ce projet ambitieux a pris forme gr\u00e2ce \u00e0 [&hellip;]<!-- AddThis Advanced Settings generic via filter on get_the_excerpt --><!-- AddThis Share Buttons generic via filter on get_the_excerpt --><\/p>\n","protected":false},"author":24673,"featured_media":13166,"comment_status":"closed","ping_status":"closed","sticky":false,"template":"","format":"standard","meta":{"_et_pb_use_builder":"","_et_pb_old_content":"","_et_gb_content_width":"","footnotes":"","_links_to":"","_links_to_target":""},"categories":[13],"tags":[],"class_list":["post-13165","post","type-post","status-publish","format-standard","has-post-thumbnail","hentry","category-les-dernieres-informations"],"_links":{"self":[{"href":"https:\/\/etab.ac-reunion.fr\/clg-les-aigrettes\/wp-json\/wp\/v2\/posts\/13165","targetHints":{"allow":["GET"]}}],"collection":[{"href":"https:\/\/etab.ac-reunion.fr\/clg-les-aigrettes\/wp-json\/wp\/v2\/posts"}],"about":[{"href":"https:\/\/etab.ac-reunion.fr\/clg-les-aigrettes\/wp-json\/wp\/v2\/types\/post"}],"author":[{"embeddable":true,"href":"https:\/\/etab.ac-reunion.fr\/clg-les-aigrettes\/wp-json\/wp\/v2\/users\/24673"}],"replies":[{"embeddable":true,"href":"https:\/\/etab.ac-reunion.fr\/clg-les-aigrettes\/wp-json\/wp\/v2\/comments?post=13165"}],"version-history":[{"count":1,"href":"https:\/\/etab.ac-reunion.fr\/clg-les-aigrettes\/wp-json\/wp\/v2\/posts\/13165\/revisions"}],"predecessor-version":[{"id":13167,"href":"https:\/\/etab.ac-reunion.fr\/clg-les-aigrettes\/wp-json\/wp\/v2\/posts\/13165\/revisions\/13167"}],"wp:featuredmedia":[{"embeddable":true,"href":"https:\/\/etab.ac-reunion.fr\/clg-les-aigrettes\/wp-json\/wp\/v2\/media\/13166"}],"wp:attachment":[{"href":"https:\/\/etab.ac-reunion.fr\/clg-les-aigrettes\/wp-json\/wp\/v2\/media?parent=13165"}],"wp:term":[{"taxonomy":"category","embeddable":true,"href":"https:\/\/etab.ac-reunion.fr\/clg-les-aigrettes\/wp-json\/wp\/v2\/categories?post=13165"},{"taxonomy":"post_tag","embeddable":true,"href":"https:\/\/etab.ac-reunion.fr\/clg-les-aigrettes\/wp-json\/wp\/v2\/tags?post=13165"}],"curies":[{"name":"wp","href":"https:\/\/api.w.org\/{rel}","templated":true}]}}