{"id":13176,"date":"2025-06-30T07:13:34","date_gmt":"2025-06-30T03:13:34","guid":{"rendered":"https:\/\/etab.ac-reunion.fr\/clg-les-aigrettes\/?p=13176"},"modified":"2025-06-30T07:13:34","modified_gmt":"2025-06-30T03:13:34","slug":"la-section-sportive-football-saison-2024-2025","status":"publish","type":"post","link":"https:\/\/etab.ac-reunion.fr\/clg-les-aigrettes\/la-section-sportive-football-saison-2024-2025\/","title":{"rendered":"La section sportive Football &#8211; saison 2024-2025"},"content":{"rendered":"<p><a href=\"https:\/\/etab.ac-reunion.fr\/clg-les-aigrettes\/wp-content\/uploads\/sites\/96\/2025\/06\/IMG_20250429_140216.jpg\"><img loading=\"lazy\" decoding=\"async\" class=\"alignnone size-large wp-image-13200\" src=\"https:\/\/etab.ac-reunion.fr\/clg-les-aigrettes\/wp-content\/uploads\/sites\/96\/2025\/06\/IMG_20250429_140216-1024x575.jpg\" alt=\"\" width=\"1024\" height=\"575\" srcset=\"https:\/\/etab.ac-reunion.fr\/clg-les-aigrettes\/wp-content\/uploads\/sites\/96\/2025\/06\/IMG_20250429_140216-980x551.jpg 980w, https:\/\/etab.ac-reunion.fr\/clg-les-aigrettes\/wp-content\/uploads\/sites\/96\/2025\/06\/IMG_20250429_140216-480x270.jpg 480w\" sizes=\"(min-width: 0px) and (max-width: 480px) 480px, (min-width: 481px) and (max-width: 980px) 980px, (min-width: 981px) 1024px, 100vw\" \/><\/a><\/p>\n<p>Cette ann\u00e9e lors du championnat des sections sportives football 4 de nos 5 \u00e9quipes ce sont qualifi\u00e9es pour les finales. Nos 4 \u00e9quipes ont obtenu des m\u00e9dailles pour la 1\u00e8re fois depuis la cr\u00e9ation de la section. Les 2 \u00e9quipes Benjamins ont d\u00e9croch\u00e9 2 m\u00e9dailles de Bronze (3\u00e8me \/ 11 \u00e9quipes) perdant aux p\u00e9naltys leurs deux demi-finales contre les deux futurs champions de la R\u00e9union. Les filles ont d\u00e9croch\u00e9 deux m\u00e9dailles<br \/>\nd\u2019argent, vice-championnes de la R\u00e9union, derri\u00e8re l\u2019impressionnante qualit\u00e9 des filles du coll\u00e8ge des 2 canons (St Denis). Elles ont r\u00e9alis\u00e9 de belles prestations pour obtenir ce r\u00e9sultat.<\/p>\n<p>Nous avons eu \u00e9galement la visite de M. ASSATI K\u00e9vin directeur technique r\u00e9gional \u00e0 la ligue r\u00e9unionnaise de football, qui a salu\u00e9 la structuration et la qualit\u00e9 de notre section sportive. Il souligne la qualit\u00e9 de l\u2019encadrement, de la programmation, de la structure m\u00eame de notre section notant les \u00e9normes progr\u00e8s effectu\u00e9s depuis sa cr\u00e9ation et ceux vers lesquels il faudra tendre pour encore am\u00e9liorer le niveau footballistique de nos jeunes.<\/p>\n<p>En cette fin d&rsquo;ann\u00e9e, il est \u00e0 distinguer deux jeunes de la section que sont Lorna VIRAMA et Rohan JOVIEN de 502. Lorna a \u00e9t\u00e9 retenue pour int\u00e9grer la section sportive r\u00e9gionale f\u00e9minine \u00e0 St Joseph (l\u2019\u00e9quivalent du p\u00f4le espoir masculin). Rohan a \u00e9t\u00e9 admis au p\u00f4le Espoir de la R\u00e9union mais s\u2019envolera pour la Bretagne afin d\u2019\u00eatre au plus pr\u00e8s du club professionnel de Brest qui le suivra l\u2019ann\u00e9e prochaine. Nous souhaitons la plus grande r\u00e9ussite \u00e0 nos 2 jeunes dans leur volont\u00e9 d\u2019atteindre le plus haut niveau possible.<\/p>\n<p>Par ailleurs, nous avons particip\u00e9 \u00e0 un concours National sur la plateforme mondiale FIFA for SCHOOLS. Il s\u2019agissait de mettre en avant une action qui t\u00e9moigne du dynamisme de notre dispositif dans le d\u00e9veloppement du football et de ses valeurs au sein de l\u2019\u00e9tablissement. La vid\u00e9o (visible sur le site du coll\u00e8ge) montre l\u2019implication de nos joueuses et joueurs dans le partage de leur passion envers des jeunes filles de CM2 venues pour d\u00e9couvrir l\u2019activit\u00e9 et la section. C\u2019est la 2\u00e8me ann\u00e9e que nous proposons cette action en passant dans toutes les \u00e9coles primaires de la zone.<\/p>\n<p>La vid\u00e9o a obtenu le 1er prix acad\u00e9mique et aurait d\u00fb, selon le conseiller de la ligue r\u00e9unionnaise pr\u00e9sent, obtenir le 1er prix national sans un petit couac sur la bande sonore. La vid\u00e9o a \u00e9t\u00e9 visionn\u00e9e par des repr\u00e9sentants de la f\u00e9d\u00e9ration fran\u00e7aise de football et du minist\u00e8re de l\u2019\u00e9ducation nationale. Ce n&rsquo;est que partie remise.<\/p>\n<p>Bravo \u00e0 l&rsquo;ensemble des \u00e9l\u00e8ves. Nou tien bo.<\/p>\n<p><a href=\"https:\/\/tube-institutionnel.apps.education.fr\/w\/jQPBAEqskn4SaUM6cqLXPi\">Elles sont foot ces filles &#8211; 2025<\/a><\/p>\n<p><a href=\"https:\/\/etab.ac-reunion.fr\/clg-les-aigrettes\/wp-content\/uploads\/sites\/96\/2025\/06\/IMG_20250402_141327.jpg\"><img loading=\"lazy\" decoding=\"async\" class=\"alignnone size-large wp-image-13201\" src=\"https:\/\/etab.ac-reunion.fr\/clg-les-aigrettes\/wp-content\/uploads\/sites\/96\/2025\/06\/IMG_20250402_141327-1024x461.jpg\" alt=\"\" width=\"1024\" height=\"461\" srcset=\"https:\/\/etab.ac-reunion.fr\/clg-les-aigrettes\/wp-content\/uploads\/sites\/96\/2025\/06\/IMG_20250402_141327-980x441.jpg 980w, https:\/\/etab.ac-reunion.fr\/clg-les-aigrettes\/wp-content\/uploads\/sites\/96\/2025\/06\/IMG_20250402_141327-480x216.jpg 480w\" sizes=\"(min-width: 0px) and (max-width: 480px) 480px, (min-width: 481px) and (max-width: 980px) 980px, (min-width: 981px) 1024px, 100vw\" \/><\/a> <a href=\"https:\/\/etab.ac-reunion.fr\/clg-les-aigrettes\/wp-content\/uploads\/sites\/96\/2025\/06\/IMG_20250402_141703.jpg\"><img loading=\"lazy\" decoding=\"async\" class=\"alignnone size-large wp-image-13202\" src=\"https:\/\/etab.ac-reunion.fr\/clg-les-aigrettes\/wp-content\/uploads\/sites\/96\/2025\/06\/IMG_20250402_141703-1024x461.jpg\" alt=\"\" width=\"1024\" height=\"461\" srcset=\"https:\/\/etab.ac-reunion.fr\/clg-les-aigrettes\/wp-content\/uploads\/sites\/96\/2025\/06\/IMG_20250402_141703-980x441.jpg 980w, https:\/\/etab.ac-reunion.fr\/clg-les-aigrettes\/wp-content\/uploads\/sites\/96\/2025\/06\/IMG_20250402_141703-480x216.jpg 480w\" sizes=\"(min-width: 0px) and (max-width: 480px) 480px, (min-width: 481px) and (max-width: 980px) 980px, (min-width: 981px) 1024px, 100vw\" \/><\/a> <a href=\"https:\/\/etab.ac-reunion.fr\/clg-les-aigrettes\/wp-content\/uploads\/sites\/96\/2025\/06\/IMG_20250423_153842.jpg\"><img loading=\"lazy\" decoding=\"async\" class=\"alignnone size-large wp-image-13203\" src=\"https:\/\/etab.ac-reunion.fr\/clg-les-aigrettes\/wp-content\/uploads\/sites\/96\/2025\/06\/IMG_20250423_153842-1024x575.jpg\" alt=\"\" width=\"1024\" height=\"575\" srcset=\"https:\/\/etab.ac-reunion.fr\/clg-les-aigrettes\/wp-content\/uploads\/sites\/96\/2025\/06\/IMG_20250423_153842-980x551.jpg 980w, https:\/\/etab.ac-reunion.fr\/clg-les-aigrettes\/wp-content\/uploads\/sites\/96\/2025\/06\/IMG_20250423_153842-480x270.jpg 480w\" sizes=\"(min-width: 0px) and (max-width: 480px) 480px, (min-width: 481px) and (max-width: 980px) 980px, (min-width: 981px) 1024px, 100vw\" \/><\/a> <a href=\"https:\/\/etab.ac-reunion.fr\/clg-les-aigrettes\/wp-content\/uploads\/sites\/96\/2025\/06\/IMG-20250423-WA0001.jpg\"><img loading=\"lazy\" decoding=\"async\" class=\"alignnone size-large wp-image-13204\" src=\"https:\/\/etab.ac-reunion.fr\/clg-les-aigrettes\/wp-content\/uploads\/sites\/96\/2025\/06\/IMG-20250423-WA0001-575x1024.jpg\" alt=\"\" width=\"575\" height=\"1024\" srcset=\"https:\/\/etab.ac-reunion.fr\/clg-les-aigrettes\/wp-content\/uploads\/sites\/96\/2025\/06\/IMG-20250423-WA0001-575x1024.jpg 575w, https:\/\/etab.ac-reunion.fr\/clg-les-aigrettes\/wp-content\/uploads\/sites\/96\/2025\/06\/IMG-20250423-WA0001-480x854.jpg 480w\" sizes=\"(min-width: 0px) and (max-width: 480px) 480px, (min-width: 481px) 575px, 100vw\" \/><\/a><\/p>\n<!-- AddThis Advanced Settings generic via filter on the_content --><!-- AddThis Share Buttons generic via filter on the_content -->","protected":false},"excerpt":{"rendered":"<p>Cette ann\u00e9e lors du championnat des sections sportives football 4 de nos 5 \u00e9quipes ce sont qualifi\u00e9es pour les finales. Nos 4 \u00e9quipes ont obtenu des m\u00e9dailles pour la 1\u00e8re [&hellip;]<!-- AddThis Advanced Settings generic via filter on get_the_excerpt --><!-- AddThis Share Buttons generic via filter on get_the_excerpt --><\/p>\n","protected":false},"author":24673,"featured_media":13200,"comment_status":"closed","ping_status":"closed","sticky":false,"template":"","format":"standard","meta":{"_et_pb_use_builder":"","_et_pb_old_content":"","_et_gb_content_width":"","footnotes":"","_links_to":"","_links_to_target":""},"categories":[13],"tags":[],"class_list":["post-13176","post","type-post","status-publish","format-standard","has-post-thumbnail","hentry","category-les-dernieres-informations"],"_links":{"self":[{"href":"https:\/\/etab.ac-reunion.fr\/clg-les-aigrettes\/wp-json\/wp\/v2\/posts\/13176","targetHints":{"allow":["GET"]}}],"collection":[{"href":"https:\/\/etab.ac-reunion.fr\/clg-les-aigrettes\/wp-json\/wp\/v2\/posts"}],"about":[{"href":"https:\/\/etab.ac-reunion.fr\/clg-les-aigrettes\/wp-json\/wp\/v2\/types\/post"}],"author":[{"embeddable":true,"href":"https:\/\/etab.ac-reunion.fr\/clg-les-aigrettes\/wp-json\/wp\/v2\/users\/24673"}],"replies":[{"embeddable":true,"href":"https:\/\/etab.ac-reunion.fr\/clg-les-aigrettes\/wp-json\/wp\/v2\/comments?post=13176"}],"version-history":[{"count":3,"href":"https:\/\/etab.ac-reunion.fr\/clg-les-aigrettes\/wp-json\/wp\/v2\/posts\/13176\/revisions"}],"predecessor-version":[{"id":13205,"href":"https:\/\/etab.ac-reunion.fr\/clg-les-aigrettes\/wp-json\/wp\/v2\/posts\/13176\/revisions\/13205"}],"wp:featuredmedia":[{"embeddable":true,"href":"https:\/\/etab.ac-reunion.fr\/clg-les-aigrettes\/wp-json\/wp\/v2\/media\/13200"}],"wp:attachment":[{"href":"https:\/\/etab.ac-reunion.fr\/clg-les-aigrettes\/wp-json\/wp\/v2\/media?parent=13176"}],"wp:term":[{"taxonomy":"category","embeddable":true,"href":"https:\/\/etab.ac-reunion.fr\/clg-les-aigrettes\/wp-json\/wp\/v2\/categories?post=13176"},{"taxonomy":"post_tag","embeddable":true,"href":"https:\/\/etab.ac-reunion.fr\/clg-les-aigrettes\/wp-json\/wp\/v2\/tags?post=13176"}],"curies":[{"name":"wp","href":"https:\/\/api.w.org\/{rel}","templated":true}]}}