{"id":13207,"date":"2025-07-04T12:39:46","date_gmt":"2025-07-04T08:39:46","guid":{"rendered":"https:\/\/etab.ac-reunion.fr\/clg-les-aigrettes\/?p=13207"},"modified":"2025-07-04T12:39:46","modified_gmt":"2025-07-04T08:39:46","slug":"valencia-marzo-2025","status":"publish","type":"post","link":"https:\/\/etab.ac-reunion.fr\/clg-les-aigrettes\/valencia-marzo-2025\/","title":{"rendered":"VALENCIA, marzo 2025"},"content":{"rendered":"<p><a href=\"https:\/\/etab.ac-reunion.fr\/clg-les-aigrettes\/wp-content\/uploads\/sites\/96\/2025\/07\/Affiche-Espagne-site-internet-college.png\"><img loading=\"lazy\" decoding=\"async\" class=\"alignnone size-large wp-image-13208\" src=\"https:\/\/etab.ac-reunion.fr\/clg-les-aigrettes\/wp-content\/uploads\/sites\/96\/2025\/07\/Affiche-Espagne-site-internet-college-724x1024.png\" alt=\"\" width=\"724\" height=\"1024\" \/><\/a><\/p>\n<p>Gr\u00e2ce \u00e0 l\u2019\u00e9nergie et au d\u00e9vouement de leur <strong>professeure d\u2019Espagnol, Mme Pichot,<\/strong> 21 \u00e9l\u00e8ves de troisi\u00e8me du coll\u00e8ge Les Aigrettes ont pu partir en <strong>Espagne<\/strong> \u00e0 <strong>Valence<\/strong> en <strong>mars 2025.\u00a0<\/strong><\/p>\n<p>Ils remercient tous leurs partenaires, en particulier le <strong>programme europ\u00e9en Erasmus+<\/strong> qui leur a permis de mener \u00e0 bien leur projet.<\/p>\n<p>Nos coll\u00e9giens r\u00e9unionnais ont pu nouer des <strong>liens avec les \u00e9l\u00e8ves du Liceo Corbi<\/strong>, ils ont d\u00e9couvert <strong>la f\u00eate des Falla<\/strong>s et ont pu s\u2019immerger dans la <strong>culture hispanique<\/strong> en partageant le quotidien de <strong>familles valenciennes.<\/strong><\/p>\n<p>Pour cl\u00f4turer cette belle aventure, un <strong>film<\/strong> tr\u00e8s \u00e9mouvant r\u00e9alis\u00e9 par leur professeure a \u00e9t\u00e9 pr\u00e9sent\u00e9 aux \u00e9l\u00e8ves et aux parents, tous <strong>reconnaissants<\/strong> de l\u2019investissement des trois organisatrices Mmes Pichot, Tr\u00e9billon et Lepresle.<\/p>\n<!-- AddThis Advanced Settings generic via filter on the_content --><!-- AddThis Share Buttons generic via filter on the_content -->","protected":false},"excerpt":{"rendered":"<p>Gr\u00e2ce \u00e0 l\u2019\u00e9nergie et au d\u00e9vouement de leur professeure d\u2019Espagnol, Mme Pichot, 21 \u00e9l\u00e8ves de troisi\u00e8me du coll\u00e8ge Les Aigrettes ont pu partir en Espagne \u00e0 Valence en mars 2025.\u00a0 [&hellip;]<!-- AddThis Advanced Settings generic via filter on get_the_excerpt --><!-- AddThis Share Buttons generic via filter on get_the_excerpt --><\/p>\n","protected":false},"author":24673,"featured_media":13208,"comment_status":"closed","ping_status":"closed","sticky":false,"template":"","format":"standard","meta":{"_et_pb_use_builder":"","_et_pb_old_content":"","_et_gb_content_width":"","footnotes":"","_links_to":"","_links_to_target":""},"categories":[13],"tags":[],"class_list":["post-13207","post","type-post","status-publish","format-standard","has-post-thumbnail","hentry","category-les-dernieres-informations"],"_links":{"self":[{"href":"https:\/\/etab.ac-reunion.fr\/clg-les-aigrettes\/wp-json\/wp\/v2\/posts\/13207","targetHints":{"allow":["GET"]}}],"collection":[{"href":"https:\/\/etab.ac-reunion.fr\/clg-les-aigrettes\/wp-json\/wp\/v2\/posts"}],"about":[{"href":"https:\/\/etab.ac-reunion.fr\/clg-les-aigrettes\/wp-json\/wp\/v2\/types\/post"}],"author":[{"embeddable":true,"href":"https:\/\/etab.ac-reunion.fr\/clg-les-aigrettes\/wp-json\/wp\/v2\/users\/24673"}],"replies":[{"embeddable":true,"href":"https:\/\/etab.ac-reunion.fr\/clg-les-aigrettes\/wp-json\/wp\/v2\/comments?post=13207"}],"version-history":[{"count":1,"href":"https:\/\/etab.ac-reunion.fr\/clg-les-aigrettes\/wp-json\/wp\/v2\/posts\/13207\/revisions"}],"predecessor-version":[{"id":13209,"href":"https:\/\/etab.ac-reunion.fr\/clg-les-aigrettes\/wp-json\/wp\/v2\/posts\/13207\/revisions\/13209"}],"wp:featuredmedia":[{"embeddable":true,"href":"https:\/\/etab.ac-reunion.fr\/clg-les-aigrettes\/wp-json\/wp\/v2\/media\/13208"}],"wp:attachment":[{"href":"https:\/\/etab.ac-reunion.fr\/clg-les-aigrettes\/wp-json\/wp\/v2\/media?parent=13207"}],"wp:term":[{"taxonomy":"category","embeddable":true,"href":"https:\/\/etab.ac-reunion.fr\/clg-les-aigrettes\/wp-json\/wp\/v2\/categories?post=13207"},{"taxonomy":"post_tag","embeddable":true,"href":"https:\/\/etab.ac-reunion.fr\/clg-les-aigrettes\/wp-json\/wp\/v2\/tags?post=13207"}],"curies":[{"name":"wp","href":"https:\/\/api.w.org\/{rel}","templated":true}]}}