{"id":13232,"date":"2025-09-08T20:21:51","date_gmt":"2025-09-08T16:21:51","guid":{"rendered":"https:\/\/etab.ac-reunion.fr\/clg-les-aigrettes\/?p=13232"},"modified":"2025-09-08T20:21:51","modified_gmt":"2025-09-08T16:21:51","slug":"michoue-itarre-la-ni-rankont-bann-zelev","status":"publish","type":"post","link":"https:\/\/etab.ac-reunion.fr\/clg-les-aigrettes\/michoue-itarre-la-ni-rankont-bann-zelev\/","title":{"rendered":"Michoue Itarre la ni rankont bann z\u00e9l\u00e8v"},"content":{"rendered":"<p><img loading=\"lazy\" decoding=\"async\" class=\"size-medium wp-image-13233 aligncenter\" src=\"https:\/\/etab.ac-reunion.fr\/clg-les-aigrettes\/wp-content\/uploads\/sites\/96\/2025\/09\/michoueitarre-186x300.jpg\" alt=\"\" width=\"186\" height=\"300\" srcset=\"https:\/\/etab.ac-reunion.fr\/clg-les-aigrettes\/wp-content\/uploads\/sites\/96\/2025\/09\/michoueitarre-186x300.jpg 186w, https:\/\/etab.ac-reunion.fr\/clg-les-aigrettes\/wp-content\/uploads\/sites\/96\/2025\/09\/michoueitarre.jpg 217w\" sizes=\"(max-width: 186px) 100vw, 186px\" \/><\/p>\n<p>Lindi wit septanm 2025, Michoue Itarre la larg lank parkot\u00e9 Sin-Zil pou ni rankont bann z\u00e9l\u00e9v klas 606, 506 \u00e9pisa lo group 405 LVR.<\/p>\n<p>Lo mo la fil\u00e9, lo mo la tis\u00e9&#8230; Shak\u00e9n la s\u00e8m son lid\u00e9, la boutir son fonnk\u00e8r.<\/p>\n<p>Gran m\u00e8rsi Michoue la sort parkot\u00e9 Sin-Dni la ni oir anou. Amoin, l\u00e9kip dir\u00e9ksion, bann z\u00e9l\u00e8v i di aou roulo m\u00e8rsi. Arviyin, baro, la<br \/>\nport l\u00e9 gran rouv\u00e9r !<\/p>\n<p>Mesie GILBOIRE Florian<br \/>\nLamontr\u00e8r kr\u00e9ol<\/p>\n<p><img loading=\"lazy\" decoding=\"async\" class=\"size-medium wp-image-13234 aligncenter\" src=\"https:\/\/etab.ac-reunion.fr\/clg-les-aigrettes\/wp-content\/uploads\/sites\/96\/2025\/09\/tizane-pou-lo-ker-300x280.jpg\" alt=\"\" width=\"300\" height=\"280\" \/><\/p>\n<a href=\"https:\/\/etab.ac-reunion.fr\/clg-les-aigrettes\/wp-content\/uploads\/sites\/96\/2025\/09\/Michoue-Itarre-au-college-1.pdf\" class=\"pdfemb-viewer\" style=\"\" data-width=\"max\" data-height=\"max\" data-toolbar=\"bottom\" data-toolbar-fixed=\"on\">Michoue Itarre au colle\u0300ge (1)<\/a>\n<!-- AddThis Advanced Settings generic via filter on the_content --><!-- AddThis Share Buttons generic via filter on the_content -->","protected":false},"excerpt":{"rendered":"<p>Lindi wit septanm 2025, Michoue Itarre la larg lank parkot\u00e9 Sin-Zil pou ni rankont bann z\u00e9l\u00e9v klas 606, 506 \u00e9pisa lo group 405 LVR. Lo mo la fil\u00e9, lo mo [&hellip;]<!-- AddThis Advanced Settings generic via filter on get_the_excerpt --><!-- AddThis Share Buttons generic via filter on get_the_excerpt --><\/p>\n","protected":false},"author":7942,"featured_media":0,"comment_status":"closed","ping_status":"closed","sticky":false,"template":"","format":"standard","meta":{"_et_pb_use_builder":"","_et_pb_old_content":"","_et_gb_content_width":"","footnotes":"","_links_to":"","_links_to_target":""},"categories":[13],"tags":[],"class_list":["post-13232","post","type-post","status-publish","format-standard","hentry","category-les-dernieres-informations"],"_links":{"self":[{"href":"https:\/\/etab.ac-reunion.fr\/clg-les-aigrettes\/wp-json\/wp\/v2\/posts\/13232","targetHints":{"allow":["GET"]}}],"collection":[{"href":"https:\/\/etab.ac-reunion.fr\/clg-les-aigrettes\/wp-json\/wp\/v2\/posts"}],"about":[{"href":"https:\/\/etab.ac-reunion.fr\/clg-les-aigrettes\/wp-json\/wp\/v2\/types\/post"}],"author":[{"embeddable":true,"href":"https:\/\/etab.ac-reunion.fr\/clg-les-aigrettes\/wp-json\/wp\/v2\/users\/7942"}],"replies":[{"embeddable":true,"href":"https:\/\/etab.ac-reunion.fr\/clg-les-aigrettes\/wp-json\/wp\/v2\/comments?post=13232"}],"version-history":[{"count":3,"href":"https:\/\/etab.ac-reunion.fr\/clg-les-aigrettes\/wp-json\/wp\/v2\/posts\/13232\/revisions"}],"predecessor-version":[{"id":13239,"href":"https:\/\/etab.ac-reunion.fr\/clg-les-aigrettes\/wp-json\/wp\/v2\/posts\/13232\/revisions\/13239"}],"wp:attachment":[{"href":"https:\/\/etab.ac-reunion.fr\/clg-les-aigrettes\/wp-json\/wp\/v2\/media?parent=13232"}],"wp:term":[{"taxonomy":"category","embeddable":true,"href":"https:\/\/etab.ac-reunion.fr\/clg-les-aigrettes\/wp-json\/wp\/v2\/categories?post=13232"},{"taxonomy":"post_tag","embeddable":true,"href":"https:\/\/etab.ac-reunion.fr\/clg-les-aigrettes\/wp-json\/wp\/v2\/tags?post=13232"}],"curies":[{"name":"wp","href":"https:\/\/api.w.org\/{rel}","templated":true}]}}