{"id":13269,"date":"2025-11-13T15:07:31","date_gmt":"2025-11-13T11:07:31","guid":{"rendered":"https:\/\/etab.ac-reunion.fr\/clg-les-aigrettes\/?p=13269"},"modified":"2025-11-20T12:52:24","modified_gmt":"2025-11-20T08:52:24","slug":"%f0%9f%8e%83-halloween-sinvite-au-college","status":"publish","type":"post","link":"https:\/\/etab.ac-reunion.fr\/clg-les-aigrettes\/%f0%9f%8e%83-halloween-sinvite-au-college\/","title":{"rendered":"\ud83c\udf83 Halloween s&rsquo;invite au coll\u00e8ge !"},"content":{"rendered":"[et_pb_section fb_built=\u00a0\u00bb1&Prime; _builder_version=\u00a0\u00bb4.27.4&Prime; _module_preset=\u00a0\u00bbdefault\u00a0\u00bb global_colors_info=\u00a0\u00bb{}\u00a0\u00bb][et_pb_row _builder_version=\u00a0\u00bb4.27.4&Prime; _module_preset=\u00a0\u00bbdefault\u00a0\u00bb global_colors_info=\u00a0\u00bb{}\u00a0\u00bb][et_pb_column type=\u00a0\u00bb4_4&Prime; _builder_version=\u00a0\u00bb4.27.4&Prime; _module_preset=\u00a0\u00bbdefault\u00a0\u00bb global_colors_info=\u00a0\u00bb{}\u00a0\u00bb][et_pb_text _builder_version=\u00a0\u00bb4.27.4&Prime; _module_preset=\u00a0\u00bbdefault\u00a0\u00bb global_colors_info=\u00a0\u00bb{}\u00a0\u00bb]\n<div dir=\"auto\">Cette ann\u00e9e, un vent de myst\u00e8re et de bonne humeur a souffl\u00e9 sur la Vie scolaire, d\u00e9cor\u00e9e par Maud et Aur\u00e9lie pour c\u00e9l\u00e9brer Halloween. Toiles d\u2019araign\u00e9es, citrouilles et fant\u00f4mes ont plong\u00e9 les \u00e9l\u00e8ves dans une ambiance aussi effrayante que joyeuse !<\/div>\n<div dir=\"auto\"><\/div>\n<div dir=\"auto\">Les coll\u00e9giens ont particip\u00e9 avec enthousiasme aux concours de d\u00e9guisements, de cris d\u2019horreur et de grimaces, ainsi qu\u2019\u00e0 un grand quiz sur Halloween et Harry Potter. Les meilleures r\u00e9ponses et les plus belles prestations ont \u00e9t\u00e9 r\u00e9compens\u00e9es par des bonbons et de jolis lots.<\/div>\n<div dir=\"auto\"><\/div>\n<div dir=\"auto\">Un grand merci aux partenaires et parents d\u2019\u00e9l\u00e8ves pour leurs dons, ainsi qu\u2019au club th\u00e9\u00e2tre de Mme Augereau, dont la repr\u00e9sentation a apport\u00e9 une belle touche artistique \u00e0 la f\u00eate.<\/div>\n<div dir=\"auto\">Entre rires et frissons, cette \u00e9dition d\u2019Halloween restera un excellent souvenir pour tous. Rendez-vous l\u2019an prochain pour une nouvelle c\u00e9l\u00e9bration encore plus monstrueuse ! \ud83d\udc7b\ud83e\udde1<\/div>\n<div dir=\"auto\"><\/div>\n<div dir=\"auto\">Aur\u00e9lie et Maud<\/div>\n<div dir=\"auto\" style=\"text-align: right\"><\/div>\n[\/et_pb_text][\/et_pb_column][\/et_pb_row][et_pb_row _builder_version=\u00a0\u00bb4.27.4&Prime; _module_preset=\u00a0\u00bbdefault\u00a0\u00bb custom_padding=\u00a0\u00bb234px|||||\u00a0\u00bb global_colors_info=\u00a0\u00bb{}\u00a0\u00bb][et_pb_column type=\u00a0\u00bb4_4&Prime; _builder_version=\u00a0\u00bb4.27.4&Prime; _module_preset=\u00a0\u00bbdefault\u00a0\u00bb global_colors_info=\u00a0\u00bb{}\u00a0\u00bb][et_pb_gallery gallery_ids=\u00a0\u00bb13284,13285,13287,13288,13289,13290,13292,13293,13294,13295,13296,13299,13300,13301,13302,13303,13304,13306,13307,13308,13309,13310,13311,13312,13313,13314,13315,13316,13317,13318,13319,13320,13321,13322,13323,13324,13325,13327,13328&Prime; show_title_and_caption=\u00a0\u00bboff\u00a0\u00bb _builder_version=\u00a0\u00bb4.27.4&Prime; _module_preset=\u00a0\u00bbdefault\u00a0\u00bb custom_margin=\u00a0\u00bb-172px|||||\u00a0\u00bb custom_padding=\u00a0\u00bb0px|||||\u00a0\u00bb global_colors_info=\u00a0\u00bb{}\u00a0\u00bb][\/et_pb_gallery][\/et_pb_column][\/et_pb_row][et_pb_row _builder_version=\u00a0\u00bb4.27.4&Prime; _module_preset=\u00a0\u00bbdefault\u00a0\u00bb][et_pb_column _builder_version=\u00a0\u00bb4.27.4&Prime; _module_preset=\u00a0\u00bbdefault\u00a0\u00bb type=\u00a0\u00bb4_4&Prime;][et_pb_text _builder_version=\u00a0\u00bb4.27.4&Prime; _module_preset=\u00a0\u00bbdefault\u00a0\u00bb hover_enabled=\u00a0\u00bb0&Prime; sticky_enabled=\u00a0\u00bb0&Prime;]\n<p style=\"text-align: right\"><a href=\"https:\/\/tube-institutionnel.apps.education.fr\/w\/r2jiaxRbxq4PkHZZDvi7p1\" title=\"Regarder ici la vid\u00e9o sur Halloween\">Regarder ici la vid\u00e9o sur Halloween<\/a><\/p>\n[\/et_pb_text][\/et_pb_column][\/et_pb_row][\/et_pb_section]\n<!-- AddThis Advanced Settings generic via filter on the_content --><!-- AddThis Share Buttons generic via filter on the_content -->","protected":false},"excerpt":{"rendered":"<p>Cette ann\u00e9e, un vent de myst\u00e8re et de bonne humeur a souffl\u00e9 sur la Vie scolaire, d\u00e9cor\u00e9e par Maud et Aur\u00e9lie pour c\u00e9l\u00e9brer Halloween. Toiles d\u2019araign\u00e9es, citrouilles et fant\u00f4mes ont [&hellip;]<\/p>\n<p><!-- AddThis Advanced Settings generic via filter on get_the_excerpt --><!-- AddThis Share Buttons generic via filter on get_the_excerpt --><\/p>\n","protected":false},"author":38751,"featured_media":13278,"comment_status":"closed","ping_status":"closed","sticky":false,"template":"","format":"standard","meta":{"_et_pb_use_builder":"on","_et_pb_old_content":"<div dir=\"auto\">Cette ann\u00e9e, un vent de myst\u00e8re et de bonne humeur a souffl\u00e9 sur la Vie scolaire, d\u00e9cor\u00e9e par Maud et Aur\u00e9lie pour c\u00e9l\u00e9brer Halloween. Toiles d\u2019araign\u00e9es, citrouilles et fant\u00f4mes ont plong\u00e9 les \u00e9l\u00e8ves dans une ambiance aussi effrayante que joyeuse !<\/div><p>\u00a0<\/p><div dir=\"auto\">Les coll\u00e9giens ont particip\u00e9 avec enthousiasme aux concours de d\u00e9guisements, de cris d\u2019horreur et de grimaces, ainsi qu\u2019\u00e0 un grand quiz sur Halloween et Harry Potter. Les meilleures r\u00e9ponses et les plus belles prestations ont \u00e9t\u00e9 r\u00e9compens\u00e9es par des bonbons et de jolis lots.<\/div><p>\u00a0<\/p><div dir=\"auto\">Un grand merci aux partenaires et parents d\u2019\u00e9l\u00e8ves pour leurs dons, ainsi qu\u2019au club th\u00e9\u00e2tre de Mme Augereau, dont la repr\u00e9sentation a apport\u00e9 une belle touche artistique \u00e0 la f\u00eate.<\/div><div dir=\"auto\">Entre rires et frissons, cette \u00e9dition d\u2019Halloween restera un excellent souvenir pour tous. Rendez-vous l\u2019an prochain pour une nouvelle c\u00e9l\u00e9bration encore plus monstrueuse ! \ud83d\udc7b\ud83e\udde1<\/div><p>\u00a0<\/p><div dir=\"auto\">Aur\u00e9lie et Maud<\/div><div dir=\"auto\">\u00a0<\/div><div dir=\"auto\" style=\"text-align: right;\"><a href=\"https:\/\/tube-institutionnel.apps.education.fr\/w\/ixrpHoU8Ymgx2VmeT6f86N\">\ud83c\udf83 Halloween s\u2019invite au coll\u00e8ge !<\/a><\/div>","_et_gb_content_width":"","footnotes":"","_links_to":"","_links_to_target":""},"categories":[13],"tags":[],"class_list":["post-13269","post","type-post","status-publish","format-standard","has-post-thumbnail","hentry","category-les-dernieres-informations"],"_links":{"self":[{"href":"https:\/\/etab.ac-reunion.fr\/clg-les-aigrettes\/wp-json\/wp\/v2\/posts\/13269","targetHints":{"allow":["GET"]}}],"collection":[{"href":"https:\/\/etab.ac-reunion.fr\/clg-les-aigrettes\/wp-json\/wp\/v2\/posts"}],"about":[{"href":"https:\/\/etab.ac-reunion.fr\/clg-les-aigrettes\/wp-json\/wp\/v2\/types\/post"}],"author":[{"embeddable":true,"href":"https:\/\/etab.ac-reunion.fr\/clg-les-aigrettes\/wp-json\/wp\/v2\/users\/38751"}],"replies":[{"embeddable":true,"href":"https:\/\/etab.ac-reunion.fr\/clg-les-aigrettes\/wp-json\/wp\/v2\/comments?post=13269"}],"version-history":[{"count":25,"href":"https:\/\/etab.ac-reunion.fr\/clg-les-aigrettes\/wp-json\/wp\/v2\/posts\/13269\/revisions"}],"predecessor-version":[{"id":13361,"href":"https:\/\/etab.ac-reunion.fr\/clg-les-aigrettes\/wp-json\/wp\/v2\/posts\/13269\/revisions\/13361"}],"wp:featuredmedia":[{"embeddable":true,"href":"https:\/\/etab.ac-reunion.fr\/clg-les-aigrettes\/wp-json\/wp\/v2\/media\/13278"}],"wp:attachment":[{"href":"https:\/\/etab.ac-reunion.fr\/clg-les-aigrettes\/wp-json\/wp\/v2\/media?parent=13269"}],"wp:term":[{"taxonomy":"category","embeddable":true,"href":"https:\/\/etab.ac-reunion.fr\/clg-les-aigrettes\/wp-json\/wp\/v2\/categories?post=13269"},{"taxonomy":"post_tag","embeddable":true,"href":"https:\/\/etab.ac-reunion.fr\/clg-les-aigrettes\/wp-json\/wp\/v2\/tags?post=13269"}],"curies":[{"name":"wp","href":"https:\/\/api.w.org\/{rel}","templated":true}]}}