{"id":13350,"date":"2025-11-28T09:42:49","date_gmt":"2025-11-28T05:42:49","guid":{"rendered":"https:\/\/etab.ac-reunion.fr\/clg-les-aigrettes\/?p=13350"},"modified":"2025-11-28T09:42:49","modified_gmt":"2025-11-28T05:42:49","slug":"en-decembre-offrez-un-cadeau-qui-a-du-sens-donnez-votre-sang","status":"publish","type":"post","link":"https:\/\/etab.ac-reunion.fr\/clg-les-aigrettes\/en-decembre-offrez-un-cadeau-qui-a-du-sens-donnez-votre-sang\/","title":{"rendered":"EN DECEMBRE, offrez un cadeau qui a du sens ! Donnez votre sang."},"content":{"rendered":"<p style=\"font-weight: 400\"><strong>Un simple geste peut faire la diff\u00e9rence !<\/strong><strong>\u00a0L\u2019EFS encourage chacun \u00e0 venir donner seul, entre amis, en famille ou m\u00eame avec ses coll\u00e8gues pour transformer un moment de solidarit\u00e9 en v\u00e9ritable acte de vie.<\/strong><\/p>\n<p style=\"font-weight: 400\"><strong>Une pause d\u2019\u00e0 peine une heure qui peut sauver des vies et redonner de l\u2019espoir \u00e0 des familles enti\u00e8res lors<\/strong><strong>\u00a0des f\u00eates de fin d\u2019ann\u00e9e\u00a0!<\/strong><\/p>\n<p><img loading=\"lazy\" decoding=\"async\" class=\"alignnone size-medium wp-image-13351 aligncenter\" src=\"https:\/\/etab.ac-reunion.fr\/clg-les-aigrettes\/wp-content\/uploads\/sites\/96\/2025\/11\/CARRE-RS-NOEL-300x300.png\" alt=\"\" width=\"300\" height=\"300\" \/><\/p>\n<p style=\"font-weight: 400\"><strong>Nous vous invitons \u00e0 <\/strong><strong>prendre RDV d\u00e8s \u00e0 pr\u00e9sent pour un don de sang<\/strong><strong>\u00a0<\/strong><strong>:<\/strong><\/p>\n<ul style=\"font-weight: 400\">\n<li><strong><em>Par t\u00e9l\u00e9phone au 0262 90 53 92 ou 0262 90 53 07<\/em><\/strong><\/li>\n<li><strong><em>Directement en ligne en cliquant sur le lien du planning\u00a0:<\/em><\/strong><strong><u>\u00a0<\/u><\/strong><strong><u><a href=\"https:\/\/secure-web.cisco.com\/1CyWsvL3_bdvh2m8muupXLxP0NtfFaquh20v86RUKOKTjFxkUj868uCHPRLwWdJ8bwrXWT9zIofttu0kNsIXfKknm2KTWhoKDcKyKM2Z_CAUpm5IImfp34QfhtEBx4UyF9xR_bTTy1F7chXFRg2kyNhgY7K6cT7n_aTBwad2TeYY6_dIOTW4Aw5hb-Af6deFQuNApr1jqeeE-GO-2sqcwFrYYl9x21L-Ymr7trAcoXBMUVqUzyydyfcHiRXcLH9xz417X35jRV8zMQ8jvNYYZKmZcv501m7ytTC4e-1qv7pQmW1KBY7-LqnZ_SlQ6sshpiAcw6-gJ9eHraOEzbDsNuulmKIhbf2XzCdbPUcC5IuJweaOAEhem8ICWQ9KevbRdbOkfuTbBLhKR4hjmwztSWN3er2zDIF1LEpShZP879KoIqDQLjkF8VVd_ma7G8ndi5S4bVXkecFv_X0fKC5fuixIT2D__XqWwP-gTXjmWHOg\/https%3A%2F%2Fefs.link%2Flieux\">https:\/\/efs.link\/lieux<\/a><\/u><\/strong><\/li>\n<\/ul>\n<p style=\"font-weight: 400\"><strong>Les dons de sang sont indispensables pour soigner chaque ann\u00e9e un million de patients. Ils sont plus de 10 000 \u00e0 la R\u00e9union.<\/strong><\/p>\n<p style=\"font-weight: 400\">Irrempla\u00e7ables et vitaux, les produits sanguins sont utilis\u00e9s dans deux grands cas de figure : les situations d\u2019urgence (h\u00e9morragies lors d\u2019un accouchement, d\u2019un accident, d\u2019une op\u00e9ration chirurgicale, etc.) et les besoins chroniques (maladies du sang et cancers), qui demeurent les pathologies les plus consommatrices de produits sanguins avec pr\u00e8s de la moiti\u00e9 (47 %) des patients transfus\u00e9s.<\/p>\n<p style=\"font-weight: 400\"><strong>Suis-je \u00e9ligible au don du sang ?\u00a0<\/strong><a href=\"https:\/\/dondesang.efs.sante.fr\/test-aptitude-au-don\"><strong>Testez directement en ligne<\/strong><\/a><strong>\u00a0&#8211;\u00a0<\/strong><a href=\"https:\/\/dondesang.efs.sante.fr\/puis-je-donner\"><strong>https:\/\/dondesang.efs.sante.fr\/puis-je-donner <\/strong><\/a><strong>?<\/strong><\/p>\n<p style=\"font-weight: 400\">Un grand merci \u00e0 vous pour cette contribution qui aide chaque jour de nombreux patients !<\/p>\n<!-- AddThis Advanced Settings generic via filter on the_content --><!-- AddThis Share Buttons generic via filter on the_content -->","protected":false},"excerpt":{"rendered":"<p>Un simple geste peut faire la diff\u00e9rence !\u00a0L\u2019EFS encourage chacun \u00e0 venir donner seul, entre amis, en famille ou m\u00eame avec ses coll\u00e8gues pour transformer un moment de solidarit\u00e9 en [&hellip;]<!-- AddThis Advanced Settings generic via filter on get_the_excerpt --><!-- AddThis Share Buttons generic via filter on get_the_excerpt --><\/p>\n","protected":false},"author":38751,"featured_media":13351,"comment_status":"closed","ping_status":"closed","sticky":false,"template":"","format":"standard","meta":{"_et_pb_use_builder":"","_et_pb_old_content":"","_et_gb_content_width":"","footnotes":"","_links_to":"","_links_to_target":""},"categories":[13],"tags":[],"class_list":["post-13350","post","type-post","status-publish","format-standard","has-post-thumbnail","hentry","category-les-dernieres-informations"],"_links":{"self":[{"href":"https:\/\/etab.ac-reunion.fr\/clg-les-aigrettes\/wp-json\/wp\/v2\/posts\/13350","targetHints":{"allow":["GET"]}}],"collection":[{"href":"https:\/\/etab.ac-reunion.fr\/clg-les-aigrettes\/wp-json\/wp\/v2\/posts"}],"about":[{"href":"https:\/\/etab.ac-reunion.fr\/clg-les-aigrettes\/wp-json\/wp\/v2\/types\/post"}],"author":[{"embeddable":true,"href":"https:\/\/etab.ac-reunion.fr\/clg-les-aigrettes\/wp-json\/wp\/v2\/users\/38751"}],"replies":[{"embeddable":true,"href":"https:\/\/etab.ac-reunion.fr\/clg-les-aigrettes\/wp-json\/wp\/v2\/comments?post=13350"}],"version-history":[{"count":3,"href":"https:\/\/etab.ac-reunion.fr\/clg-les-aigrettes\/wp-json\/wp\/v2\/posts\/13350\/revisions"}],"predecessor-version":[{"id":13358,"href":"https:\/\/etab.ac-reunion.fr\/clg-les-aigrettes\/wp-json\/wp\/v2\/posts\/13350\/revisions\/13358"}],"wp:featuredmedia":[{"embeddable":true,"href":"https:\/\/etab.ac-reunion.fr\/clg-les-aigrettes\/wp-json\/wp\/v2\/media\/13351"}],"wp:attachment":[{"href":"https:\/\/etab.ac-reunion.fr\/clg-les-aigrettes\/wp-json\/wp\/v2\/media?parent=13350"}],"wp:term":[{"taxonomy":"category","embeddable":true,"href":"https:\/\/etab.ac-reunion.fr\/clg-les-aigrettes\/wp-json\/wp\/v2\/categories?post=13350"},{"taxonomy":"post_tag","embeddable":true,"href":"https:\/\/etab.ac-reunion.fr\/clg-les-aigrettes\/wp-json\/wp\/v2\/tags?post=13350"}],"curies":[{"name":"wp","href":"https:\/\/api.w.org\/{rel}","templated":true}]}}