{"id":13362,"date":"2025-11-28T09:43:07","date_gmt":"2025-11-28T05:43:07","guid":{"rendered":"https:\/\/etab.ac-reunion.fr\/clg-les-aigrettes\/?p=13362"},"modified":"2025-11-28T09:43:07","modified_gmt":"2025-11-28T05:43:07","slug":"les-eleves-de-4e-et-3e-lvr-ont-participe-au-concours-clash-tes-stereotypes","status":"publish","type":"post","link":"https:\/\/etab.ac-reunion.fr\/clg-les-aigrettes\/les-eleves-de-4e-et-3e-lvr-ont-participe-au-concours-clash-tes-stereotypes\/","title":{"rendered":"Les \u00e9l\u00e8ves de 4e et 3e LVR ont particip\u00e9 au concours Clash tes st\u00e9r\u00e9otypes !"},"content":{"rendered":"<p>Cette ann\u00e9e, nos groupes de Langue Vivante R\u00e9gionale ont pr\u00e9sent\u00e9\u00a0deux productions originales, dans lesquelles les \u00e9l\u00e8ves se sont\u00a0investis pleinement, avec s\u00e9rieux, cr\u00e9ativit\u00e9 et enthousiasme.<\/p>\n<p>Bravo \u00e0 eux pour leur d\u00e9termination, leur imagination et leur engagement !<\/p>\n<p>Nous ne sommes pas mont\u00e9s sur le podium, toutefois je tiens \u00e0\u00a0f\u00e9liciter chaque \u00e9l\u00e8ve\u00a0pour le travail accompli. Ce projet nous permettra de progresser encore, en nous inspirant des productions pr\u00e9sent\u00e9es lors de la finale.<\/p>\n<p>Les vid\u00e9os sont disponibles ci-dessous, bon visionnage \u00e0 toutes et \u00e0 tous !<\/p>\n<p><a href=\"https:\/\/tube-institutionnel.apps.education.fr\/w\/fU6T7WZZdA6oxLv61vxQre\">Papa \u00e9kout !<\/a><\/p>\n<p><a href=\"https:\/\/tube-institutionnel.apps.education.fr\/w\/qp1MJL9WYUBCcMowuTWPPG\">Sekr\u00e9t zonm !<\/a><\/p>\n<p>Les scripts sont propos\u00e9s en version bilingue (cr\u00e9ole \/ fran\u00e7ais)<\/p>\n<p><img loading=\"lazy\" decoding=\"async\" class=\"alignnone size-medium wp-image-13363 aligncenter\" src=\"https:\/\/etab.ac-reunion.fr\/clg-les-aigrettes\/wp-content\/uploads\/sites\/96\/2025\/11\/image-300x218.png\" alt=\"\" width=\"300\" height=\"218\" \/><\/p>\n<div style=\"text-align: right\">M. GILBOIRE, professeur de cr\u00e9ole\/lettres<\/div>\n<!-- AddThis Advanced Settings generic via filter on the_content --><!-- AddThis Share Buttons generic via filter on the_content -->","protected":false},"excerpt":{"rendered":"<p>Cette ann\u00e9e, nos groupes de Langue Vivante R\u00e9gionale ont pr\u00e9sent\u00e9\u00a0deux productions originales, dans lesquelles les \u00e9l\u00e8ves se sont\u00a0investis pleinement, avec s\u00e9rieux, cr\u00e9ativit\u00e9 et enthousiasme. Bravo \u00e0 eux pour leur d\u00e9termination, [&hellip;]<!-- AddThis Advanced Settings generic via filter on get_the_excerpt --><!-- AddThis Share Buttons generic via filter on get_the_excerpt --><\/p>\n","protected":false},"author":38751,"featured_media":13363,"comment_status":"closed","ping_status":"closed","sticky":false,"template":"","format":"standard","meta":{"_et_pb_use_builder":"","_et_pb_old_content":"","_et_gb_content_width":"","footnotes":"","_links_to":"","_links_to_target":""},"categories":[13],"tags":[],"class_list":["post-13362","post","type-post","status-publish","format-standard","has-post-thumbnail","hentry","category-les-dernieres-informations"],"_links":{"self":[{"href":"https:\/\/etab.ac-reunion.fr\/clg-les-aigrettes\/wp-json\/wp\/v2\/posts\/13362","targetHints":{"allow":["GET"]}}],"collection":[{"href":"https:\/\/etab.ac-reunion.fr\/clg-les-aigrettes\/wp-json\/wp\/v2\/posts"}],"about":[{"href":"https:\/\/etab.ac-reunion.fr\/clg-les-aigrettes\/wp-json\/wp\/v2\/types\/post"}],"author":[{"embeddable":true,"href":"https:\/\/etab.ac-reunion.fr\/clg-les-aigrettes\/wp-json\/wp\/v2\/users\/38751"}],"replies":[{"embeddable":true,"href":"https:\/\/etab.ac-reunion.fr\/clg-les-aigrettes\/wp-json\/wp\/v2\/comments?post=13362"}],"version-history":[{"count":3,"href":"https:\/\/etab.ac-reunion.fr\/clg-les-aigrettes\/wp-json\/wp\/v2\/posts\/13362\/revisions"}],"predecessor-version":[{"id":13369,"href":"https:\/\/etab.ac-reunion.fr\/clg-les-aigrettes\/wp-json\/wp\/v2\/posts\/13362\/revisions\/13369"}],"wp:featuredmedia":[{"embeddable":true,"href":"https:\/\/etab.ac-reunion.fr\/clg-les-aigrettes\/wp-json\/wp\/v2\/media\/13363"}],"wp:attachment":[{"href":"https:\/\/etab.ac-reunion.fr\/clg-les-aigrettes\/wp-json\/wp\/v2\/media?parent=13362"}],"wp:term":[{"taxonomy":"category","embeddable":true,"href":"https:\/\/etab.ac-reunion.fr\/clg-les-aigrettes\/wp-json\/wp\/v2\/categories?post=13362"},{"taxonomy":"post_tag","embeddable":true,"href":"https:\/\/etab.ac-reunion.fr\/clg-les-aigrettes\/wp-json\/wp\/v2\/tags?post=13362"}],"curies":[{"name":"wp","href":"https:\/\/api.w.org\/{rel}","templated":true}]}}