{"id":13620,"date":"2026-04-16T11:20:11","date_gmt":"2026-04-16T07:20:11","guid":{"rendered":"https:\/\/etab.ac-reunion.fr\/clg-les-aigrettes\/?p=13620"},"modified":"2026-04-28T15:02:31","modified_gmt":"2026-04-28T11:02:31","slug":"soiree-eloquence","status":"publish","type":"post","link":"https:\/\/etab.ac-reunion.fr\/clg-les-aigrettes\/soiree-eloquence\/","title":{"rendered":"Soir\u00e9e \u00e9loquence"},"content":{"rendered":"[et_pb_section fb_built=\u00a0\u00bb1&Prime; _builder_version=\u00a0\u00bb4.27.6&Prime; _module_preset=\u00a0\u00bbdefault\u00a0\u00bb global_colors_info=\u00a0\u00bb{}\u00a0\u00bb][et_pb_row _builder_version=\u00a0\u00bb4.27.6&Prime; _module_preset=\u00a0\u00bbdefault\u00a0\u00bb global_colors_info=\u00a0\u00bb{}\u00a0\u00bb][et_pb_column type=\u00a0\u00bb4_4&Prime; _builder_version=\u00a0\u00bb4.27.6&Prime; _module_preset=\u00a0\u00bbdefault\u00a0\u00bb global_colors_info=\u00a0\u00bb{}\u00a0\u00bb][et_pb_slider _builder_version=\u00a0\u00bb4.27.6&Prime; _module_preset=\u00a0\u00bbdefault\u00a0\u00bb auto=\u00a0\u00bbon\u00a0\u00bb global_colors_info=\u00a0\u00bb{}\u00a0\u00bb][et_pb_slide heading=\u00a0\u00bbLOUANE COUGOULIC 2\u00e8me PRIX\u00a0\u00bb _builder_version=\u00a0\u00bb4.27.6&Prime; _module_preset=\u00a0\u00bbdefault\u00a0\u00bb global_colors_info=\u00a0\u00bb{}\u00a0\u00bb sticky_transition=\u00a0\u00bbon\u00a0\u00bb]<div id=\"attachment_13587\" style=\"width: 747px\" class=\"wp-caption alignnone\"><a href=\"https:\/\/etab.ac-reunion.fr\/clg-les-aigrettes\/wp-content\/uploads\/sites\/96\/2026\/03\/IMG_7864-LOUANE-COUGOULIC-2eme-PRIX-scaled-e1775395594789.jpeg\"><img loading=\"lazy\" decoding=\"async\" aria-describedby=\"caption-attachment-13587\" src=\"https:\/\/etab.ac-reunion.fr\/clg-les-aigrettes\/wp-content\/uploads\/sites\/96\/2026\/03\/IMG_7864-LOUANE-COUGOULIC-2eme-PRIX-scaled-e1775395594789-737x1024.jpeg\" width=\"737\" height=\"1024\" alt=\"\" class=\"wp-image-13587 size-large\" \/><\/a><p id=\"caption-attachment-13587\" class=\"wp-caption-text\">LOUANE COUGOULIC 2\u00e8me PRIX<\/p><\/div>[\/et_pb_slide][et_pb_slide heading=\u00a0\u00bbCHARLES-ANDRE LORRAINE 1er PRIX\u00a0\u00bb _builder_version=\u00a0\u00bb4.27.6&Prime; _module_preset=\u00a0\u00bbdefault\u00a0\u00bb global_colors_info=\u00a0\u00bb{}\u00a0\u00bb sticky_transition=\u00a0\u00bbon\u00a0\u00bb]<div id=\"attachment_13588\" style=\"width: 710px\" class=\"wp-caption alignnone\"><a href=\"https:\/\/etab.ac-reunion.fr\/clg-les-aigrettes\/wp-content\/uploads\/sites\/96\/2026\/03\/IMG_7866-CHARLES-ANDRE-LORRAINE-1er-PRIX-scaled.jpeg\"><img loading=\"lazy\" decoding=\"async\" aria-describedby=\"caption-attachment-13588\" src=\"https:\/\/etab.ac-reunion.fr\/clg-les-aigrettes\/wp-content\/uploads\/sites\/96\/2026\/03\/IMG_7866-CHARLES-ANDRE-LORRAINE-1er-PRIX-700x1024.jpeg\" width=\"700\" height=\"1024\" alt=\"\" class=\"wp-image-13588 size-large\" \/><\/a><p id=\"caption-attachment-13588\" class=\"wp-caption-text\">CHARLES-ANDR\u00c9 LORRAINE 1er PRIX<\/p><\/div>[\/et_pb_slide][et_pb_slide heading=\u00a0\u00bbVADIM BERNARD BLAY (306) Coup de c\u0153ur du jury\u00a0\u00bb _builder_version=\u00a0\u00bb4.27.6&Prime; _module_preset=\u00a0\u00bbdefault\u00a0\u00bb global_colors_info=\u00a0\u00bb{}\u00a0\u00bb sticky_transition=\u00a0\u00bbon\u00a0\u00bb]\n<p><a href=\"https:\/\/etab.ac-reunion.fr\/clg-les-aigrettes\/wp-content\/uploads\/sites\/96\/2026\/03\/IMG_7867-VADIM-BERNARD-BLAY-Coup-de-coeur-du-jury-scaled.jpeg\"><img loading=\"lazy\" decoding=\"async\" src=\"https:\/\/etab.ac-reunion.fr\/clg-les-aigrettes\/wp-content\/uploads\/sites\/96\/2026\/03\/IMG_7867-VADIM-BERNARD-BLAY-Coup-de-coeur-du-jury-485x1024.jpeg\" width=\"485\" height=\"1024\" alt=\"\" class=\"wp-image-13589 alignnone size-large\" \/><\/a><\/p>\n[\/et_pb_slide][et_pb_slide heading=\u00a0\u00bbLUC DE PALMAS (306)\u00a0\u00bb _builder_version=\u00a0\u00bb4.27.6&Prime; _module_preset=\u00a0\u00bbdefault\u00a0\u00bb global_colors_info=\u00a0\u00bb{}\u00a0\u00bb sticky_transition=\u00a0\u00bbon\u00a0\u00bb]\n<p><a href=\"https:\/\/etab.ac-reunion.fr\/clg-les-aigrettes\/wp-content\/uploads\/sites\/96\/2026\/03\/IMG_7869-LUC-DE-PALMAS-scaled-e1775395547587.jpg\"><img loading=\"lazy\" decoding=\"async\" src=\"https:\/\/etab.ac-reunion.fr\/clg-les-aigrettes\/wp-content\/uploads\/sites\/96\/2026\/03\/IMG_7869-LUC-DE-PALMAS-scaled-e1775395547587-602x1024.jpg\" width=\"602\" height=\"1024\" alt=\"\" class=\"wp-image-13590 alignnone size-large\" \/><\/a><\/p>\n[\/et_pb_slide][et_pb_slide heading=\u00a0\u00bbALYSSA ABNER (305)\u00a0\u00bb _builder_version=\u00a0\u00bb4.27.6&Prime; _module_preset=\u00a0\u00bbdefault\u00a0\u00bb global_colors_info=\u00a0\u00bb{}\u00a0\u00bb sticky_transition=\u00a0\u00bbon\u00a0\u00bb]\n<p><a href=\"https:\/\/etab.ac-reunion.fr\/clg-les-aigrettes\/wp-content\/uploads\/sites\/96\/2026\/03\/IMG_7872-ALYSSA-ABNER-scaled.jpeg\"><img loading=\"lazy\" decoding=\"async\" src=\"https:\/\/etab.ac-reunion.fr\/clg-les-aigrettes\/wp-content\/uploads\/sites\/96\/2026\/03\/IMG_7872-ALYSSA-ABNER-555x1024.jpeg\" width=\"555\" height=\"1024\" alt=\"\" class=\"wp-image-13591 alignnone size-large\" \/><\/a><\/p>\n[\/et_pb_slide][et_pb_slide heading=\u00a0\u00bbEYTAN AKOUN (306)\u00a0\u00bb _builder_version=\u00a0\u00bb4.27.6&Prime; _module_preset=\u00a0\u00bbdefault\u00a0\u00bb global_colors_info=\u00a0\u00bb{}\u00a0\u00bb sticky_transition=\u00a0\u00bbon\u00a0\u00bb]\n<p><a href=\"https:\/\/etab.ac-reunion.fr\/clg-les-aigrettes\/wp-content\/uploads\/sites\/96\/2026\/03\/IMG_7874-AYTAN-AKOUN-scaled.jpeg\"><img loading=\"lazy\" decoding=\"async\" src=\"https:\/\/etab.ac-reunion.fr\/clg-les-aigrettes\/wp-content\/uploads\/sites\/96\/2026\/03\/IMG_7874-AYTAN-AKOUN-510x1024.jpeg\" width=\"510\" height=\"1024\" alt=\"\" class=\"wp-image-13592 alignnone size-large\" \/><\/a><\/p>\n[\/et_pb_slide][et_pb_slide heading=\u00a0\u00bbCAPUCINE SIMON SORRES (305)\u00a0\u00bb _builder_version=\u00a0\u00bb4.27.6&Prime; _module_preset=\u00a0\u00bbdefault\u00a0\u00bb global_colors_info=\u00a0\u00bb{}\u00a0\u00bb sticky_transition=\u00a0\u00bbon\u00a0\u00bb]\n<p><a href=\"https:\/\/etab.ac-reunion.fr\/clg-les-aigrettes\/wp-content\/uploads\/sites\/96\/2026\/03\/IMG_7876-CAPUCINE-SIMON-SORRES-scaled.jpeg\"><img loading=\"lazy\" decoding=\"async\" src=\"https:\/\/etab.ac-reunion.fr\/clg-les-aigrettes\/wp-content\/uploads\/sites\/96\/2026\/03\/IMG_7876-CAPUCINE-SIMON-SORRES-640x1024.jpeg\" width=\"640\" height=\"1024\" alt=\"\" class=\"wp-image-13593 alignnone size-large\" \/><\/a><\/p>\n[\/et_pb_slide][et_pb_slide heading=\u00a0\u00bbZADIG SYLVANDER (306)\u00a0\u00bb _builder_version=\u00a0\u00bb4.27.6&Prime; _module_preset=\u00a0\u00bbdefault\u00a0\u00bb global_colors_info=\u00a0\u00bb{}\u00a0\u00bb sticky_transition=\u00a0\u00bbon\u00a0\u00bb]\n<p><a href=\"https:\/\/etab.ac-reunion.fr\/clg-les-aigrettes\/wp-content\/uploads\/sites\/96\/2026\/03\/IMG_7877-ZADIG-SYLVANDER-scaled.jpeg\"><img loading=\"lazy\" decoding=\"async\" src=\"https:\/\/etab.ac-reunion.fr\/clg-les-aigrettes\/wp-content\/uploads\/sites\/96\/2026\/03\/IMG_7877-ZADIG-SYLVANDER-521x1024.jpeg\" width=\"521\" height=\"1024\" alt=\"\" class=\"wp-image-13594 alignnone size-large\" \/><\/a><\/p>\n[\/et_pb_slide][et_pb_slide heading=\u00a0\u00bbMEYLIE THURVILLE (305)\u00a0\u00bb _builder_version=\u00a0\u00bb4.27.6&Prime; _module_preset=\u00a0\u00bbdefault\u00a0\u00bb global_colors_info=\u00a0\u00bb{}\u00a0\u00bb sticky_transition=\u00a0\u00bbon\u00a0\u00bb]\n<p><a href=\"https:\/\/etab.ac-reunion.fr\/clg-les-aigrettes\/wp-content\/uploads\/sites\/96\/2026\/03\/IMG_7880-MEYLIE-THURVILLE-scaled.jpeg\"><img loading=\"lazy\" decoding=\"async\" src=\"https:\/\/etab.ac-reunion.fr\/clg-les-aigrettes\/wp-content\/uploads\/sites\/96\/2026\/03\/IMG_7880-MEYLIE-THURVILLE-706x1024.jpeg\" width=\"706\" height=\"1024\" alt=\"\" class=\"wp-image-13595 alignnone size-large\" \/><\/a><\/p>\n[\/et_pb_slide][et_pb_slide heading=\u00a0\u00bbGABRYEL PUYLAURENT (306)\u00a0\u00bb _builder_version=\u00a0\u00bb4.27.6&Prime; _module_preset=\u00a0\u00bbdefault\u00a0\u00bb global_colors_info=\u00a0\u00bb{}\u00a0\u00bb sticky_transition=\u00a0\u00bbon\u00a0\u00bb]\n<p><a href=\"https:\/\/etab.ac-reunion.fr\/clg-les-aigrettes\/wp-content\/uploads\/sites\/96\/2026\/03\/IMG_7881-GABRYEL-PUYLAURENT-scaled.jpeg\"><img loading=\"lazy\" decoding=\"async\" src=\"https:\/\/etab.ac-reunion.fr\/clg-les-aigrettes\/wp-content\/uploads\/sites\/96\/2026\/03\/IMG_7881-GABRYEL-PUYLAURENT-502x1024.jpeg\" width=\"502\" height=\"1024\" alt=\"\" class=\"wp-image-13596 alignnone size-large\" \/><\/a><\/p>\n[\/et_pb_slide][et_pb_slide heading=\u00a0\u00bbL\u00c9O ANTONUCCIO (306) 3\u00e8me PRIX\u00a0\u00bb _builder_version=\u00a0\u00bb4.27.6&Prime; _module_preset=\u00a0\u00bbdefault\u00a0\u00bb global_colors_info=\u00a0\u00bb{}\u00a0\u00bb sticky_transition=\u00a0\u00bbon\u00a0\u00bb]<div id=\"attachment_13597\" style=\"width: 574px\" class=\"wp-caption alignnone\"><a href=\"https:\/\/etab.ac-reunion.fr\/clg-les-aigrettes\/wp-content\/uploads\/sites\/96\/2026\/03\/IMG_7899-LEO-ANTONUCCIO-3eme-PRIX.jpeg\"><img loading=\"lazy\" decoding=\"async\" aria-describedby=\"caption-attachment-13597\" src=\"https:\/\/etab.ac-reunion.fr\/clg-les-aigrettes\/wp-content\/uploads\/sites\/96\/2026\/03\/IMG_7899-LEO-ANTONUCCIO-3eme-PRIX-564x1024.jpeg\" width=\"564\" height=\"1024\" alt=\"\" class=\"wp-image-13597 size-large\" srcset=\"https:\/\/etab.ac-reunion.fr\/clg-les-aigrettes\/wp-content\/uploads\/sites\/96\/2026\/03\/IMG_7899-LEO-ANTONUCCIO-3eme-PRIX-564x1024.jpeg 564w, https:\/\/etab.ac-reunion.fr\/clg-les-aigrettes\/wp-content\/uploads\/sites\/96\/2026\/03\/IMG_7899-LEO-ANTONUCCIO-3eme-PRIX-480x872.jpeg 480w\" sizes=\"(min-width: 0px) and (max-width: 480px) 480px, (min-width: 481px) 564px, 100vw\" \/><\/a><p id=\"caption-attachment-13597\" class=\"wp-caption-text\">Screenshot<\/p><\/div>[\/et_pb_slide][et_pb_slide heading=\u00a0\u00bbL&rsquo;ensemble des candidats autour de la documentaliste.\u00a0\u00bb _builder_version=\u00a0\u00bb4.27.6&Prime; _module_preset=\u00a0\u00bbdefault\u00a0\u00bb global_colors_info=\u00a0\u00bb{}\u00a0\u00bb sticky_transition=\u00a0\u00bbon\u00a0\u00bb]\n<p><a href=\"https:\/\/etab.ac-reunion.fr\/clg-les-aigrettes\/wp-content\/uploads\/sites\/96\/2026\/03\/IMG_7883-Lensemble-des-participants-autour-de-la-documentaliste-scaled.jpeg\"><img loading=\"lazy\" decoding=\"async\" src=\"https:\/\/etab.ac-reunion.fr\/clg-les-aigrettes\/wp-content\/uploads\/sites\/96\/2026\/03\/IMG_7883-Lensemble-des-participants-autour-de-la-documentaliste-1024x452.jpeg\" width=\"1024\" height=\"452\" alt=\"\" class=\"wp-image-13598 alignnone size-large\" srcset=\"https:\/\/etab.ac-reunion.fr\/clg-les-aigrettes\/wp-content\/uploads\/sites\/96\/2026\/03\/IMG_7883-Lensemble-des-participants-autour-de-la-documentaliste-980x433.jpeg 980w, https:\/\/etab.ac-reunion.fr\/clg-les-aigrettes\/wp-content\/uploads\/sites\/96\/2026\/03\/IMG_7883-Lensemble-des-participants-autour-de-la-documentaliste-480x212.jpeg 480w\" sizes=\"(min-width: 0px) and (max-width: 480px) 480px, (min-width: 481px) and (max-width: 980px) 980px, (min-width: 981px) 1024px, 100vw\" \/><\/a><\/p>\n[\/et_pb_slide][\/et_pb_slider][\/et_pb_column][\/et_pb_row][et_pb_row _builder_version=\u00a0\u00bb4.27.6&Prime; _module_preset=\u00a0\u00bbdefault\u00a0\u00bb global_colors_info=\u00a0\u00bb{}\u00a0\u00bb][et_pb_column type=\u00a0\u00bb4_4&Prime; _builder_version=\u00a0\u00bb4.27.6&Prime; _module_preset=\u00a0\u00bbdefault\u00a0\u00bb global_colors_info=\u00a0\u00bb{}\u00a0\u00bb][et_pb_text _builder_version=\u00a0\u00bb4.27.6&Prime; _module_preset=\u00a0\u00bbdefault\u00a0\u00bb global_colors_info=\u00a0\u00bb{}\u00a0\u00bb]\n<h1><strong>Quand les mots font vibrer : une demi-finale d\u2019\u00e9loquence inoubliable\u00a0<\/strong><\/h1>\n<p>Le vendredi 20 mars 2026, le coll\u00e8ge a vibr\u00e9 au rythme des mots \u00e0 l\u2019occasion de la demi-finale du concours d\u2019\u00e9loquence, organis\u00e9e par M. Gilboire, professeur de fran\u00e7ais-cr\u00e9ole, et Mme Bedin-Vernay, professeure documentaliste.<\/p>\n<p>Propos\u00e9 dans le cadre de la Journ\u00e9e internationale de la Francophonie, cet \u00e9v\u00e9nement a rassembl\u00e9 \u00e9l\u00e8ves, personnels et invit\u00e9s de 17h45 \u00e0 21h15 autour d\u2019une m\u00eame passion : l\u2019art de la parole.<\/p>\n<p>La soir\u00e9e s\u2019est ouverte avec les mots de bienvenue de M. Gilboire, avant de laisser place aux six premiers candidats. Tour \u00e0 tour, ils ont su captiver l\u2019auditoire par la force de leurs arguments, la sinc\u00e9rit\u00e9 de leur engagement et la qualit\u00e9 de leur expression orale.<\/p>\n<p>Un interlude po\u00e9tique est ensuite venu sublimer ce moment : la po\u00e9tesse Mari Sizay, \u00e9galement membre du jury, a offert une interpr\u00e9tation vibrante d\u2019un texte plein de sensibilit\u00e9 et d\u2019humanisme en cr\u00e9ole et en fran\u00e7ais, salu\u00e9e par de chaleureux applaudissements.<\/p>\n<p>La seconde partie de la soir\u00e9e a permis aux candidats 7 \u00e0 11 de se produire \u00e0 leur tour, confirmant le tr\u00e8s haut niveau de cette demi-finale.<\/p>\n<p>\u00c0 l\u2019issue des prestations, le jury, compos\u00e9 de sept membres, s\u2019est retir\u00e9 pour d\u00e9lib\u00e9rer. Le public a alors \u00e9t\u00e9 invit\u00e9 \u00e0 profiter d\u2019une pause rafra\u00eechissante sur le parvis du CDI, un moment convivial propice aux \u00e9changes d\u2019impressions et aux partages de coups de c\u0153ur.<\/p>\n<p>&nbsp;<\/p>\n<p>Apr\u00e8s un temps de r\u00e9flexion approfondi et des d\u00e9bats riches et anim\u00e9s, les r\u00e9sultats ont \u00e9t\u00e9 proclam\u00e9s :<\/p>\n[\/et_pb_text][\/et_pb_column][\/et_pb_row][et_pb_row _builder_version=\u00a0\u00bb4.27.6&Prime; _module_preset=\u00a0\u00bbdefault\u00a0\u00bb global_colors_info=\u00a0\u00bb{}\u00a0\u00bb][et_pb_column type=\u00a0\u00bb4_4&Prime; _builder_version=\u00a0\u00bb4.27.6&Prime; _module_preset=\u00a0\u00bbdefault\u00a0\u00bb global_colors_info=\u00a0\u00bb{}\u00a0\u00bb][et_pb_text _builder_version=\u00a0\u00bb4.27.6&Prime; _module_preset=\u00a0\u00bbdefault\u00a0\u00bb global_colors_info=\u00a0\u00bb{}\u00a0\u00bb]\n<ul>\n<li>Le<strong> coup de c\u0153ur du jury<\/strong> a \u00e9t\u00e9 attribu\u00e9 \u00e0 <strong>Vadim Bernard Blay<\/strong> (306), pour son engagement remarquable et son originalit\u00e9. <a href=\"https:\/\/etab.ac-reunion.fr\/clg-les-aigrettes\/wp-content\/uploads\/sites\/96\/2026\/03\/IMG_7867-VADIM-BERNARD-BLAY-Coup-de-coeur-du-jury-scaled.jpeg\"><img loading=\"lazy\" decoding=\"async\" src=\"https:\/\/etab.ac-reunion.fr\/clg-les-aigrettes\/wp-content\/uploads\/sites\/96\/2026\/03\/IMG_7867-VADIM-BERNARD-BLAY-Coup-de-coeur-du-jury-485x1024.jpeg\" width=\"126\" height=\"266\" alt=\"\" class=\"wp-image-13589 alignnone size-large\" \/><\/a><\/li>\n<li><strong>Le 3\u1d49 prix<\/strong> \u2013 Prix de la ma\u00eetrise de la langue, r\u00e9compensant la richesse du vocabulaire, la justesse de l\u2019expression et le respect de la langue fran\u00e7aise, a \u00e9t\u00e9 d\u00e9cern\u00e9 \u00e0 <strong>L\u00e9o Antonuccio<\/strong> (306). <a href=\"https:\/\/etab.ac-reunion.fr\/clg-les-aigrettes\/wp-content\/uploads\/sites\/96\/2026\/03\/IMG_7899-LEO-ANTONUCCIO-3eme-PRIX.jpeg\"><img loading=\"lazy\" decoding=\"async\" src=\"https:\/\/etab.ac-reunion.fr\/clg-les-aigrettes\/wp-content\/uploads\/sites\/96\/2026\/03\/IMG_7899-LEO-ANTONUCCIO-3eme-PRIX-564x1024.jpeg\" width=\"134\" height=\"244\" alt=\"\" class=\"wp-image-13597 size-large\" \/><\/a>\u00a0<\/li>\n<li><strong>Le 2\u1d49 prix<\/strong> \u2013 Prix de l\u2019argumentation, valorisant la qualit\u00e9 du raisonnement, la structuration du discours et la pertinence des arguments, a \u00e9t\u00e9 attribu\u00e9 \u00e0 <strong>Louane Cougoulic<\/strong> (305). <a href=\"https:\/\/etab.ac-reunion.fr\/clg-les-aigrettes\/wp-content\/uploads\/sites\/96\/2026\/03\/IMG_7864-LOUANE-COUGOULIC-2eme-PRIX-scaled-e1775395594789.jpeg\"><img loading=\"lazy\" decoding=\"async\" src=\"https:\/\/etab.ac-reunion.fr\/clg-les-aigrettes\/wp-content\/uploads\/sites\/96\/2026\/03\/IMG_7864-LOUANE-COUGOULIC-2eme-PRIX-scaled-e1775395594789-737x1024.jpeg\" width=\"140\" height=\"195\" alt=\"\" class=\"wp-image-13587 size-large\" \/><\/a>\u00a0<\/li>\n<li><strong>Le 1er prix<\/strong> \u2013 Prix de l\u2019\u00e9loquence, de l\u2019argumentation et de la ma\u00eetrise de la langue, r\u00e9compensant la ma\u00eetrise orale, la force de persuasion et la prestance sc\u00e9nique, est revenu \u00e0 <strong>Charles-Andr\u00e9 Lorraine<\/strong> (305). <a href=\"https:\/\/etab.ac-reunion.fr\/clg-les-aigrettes\/wp-content\/uploads\/sites\/96\/2026\/03\/IMG_7866-CHARLES-ANDRE-LORRAINE-1er-PRIX-scaled.jpeg\"><img loading=\"lazy\" decoding=\"async\" src=\"https:\/\/etab.ac-reunion.fr\/clg-les-aigrettes\/wp-content\/uploads\/sites\/96\/2026\/03\/IMG_7866-CHARLES-ANDRE-LORRAINE-1er-PRIX-700x1024.jpeg\" width=\"162\" height=\"237\" alt=\"\" class=\"wp-image-13588 size-large\" \/><\/a>\u00a0<\/li>\n<\/ul>\n<p>A l\u2019issue de la proclamation des r\u00e9sultats, la pr\u00e9sidente du jury a \u00e9galement d\u00e9sign\u00e9 les deux \u00e9l\u00e8ves qui repr\u00e9senteront l\u2019\u00e9tablissement lors de la finale inter-\u00e9tablissements, le 5 juin prochain au Village Corail de Saint-Paul : <strong>Charles-Andr\u00e9 Lorraine<\/strong> (305) et <strong>L\u00e9o Antonuccio<\/strong> (306).<\/p>\n<p>Cette soir\u00e9e, riche en \u00e9motions, en mots choisis, en engagement et en courage, a pleinement r\u00e9v\u00e9l\u00e9 la force de la parole. Les \u00e9l\u00e8ves ont su \u00e9mouvoir, faire r\u00e9fl\u00e9chir et parfois m\u00eame surprendre leur auditoire.<\/p>\n<p>Au-del\u00e0 de la comp\u00e9tition, ce concours d\u2019\u00e9loquence constitue l\u2019aboutissement d\u2019un v\u00e9ritable projet p\u00e9dagogique, visant \u00e0 d\u00e9velopper une comp\u00e9tence essentielle : prendre la parole, structurer sa pens\u00e9e et oser s\u2019exprimer. C\u2019est aussi une \u00e9tape vers un objectif plus ambitieux encore : former des citoyens \u00e9clair\u00e9s, capables de dialoguer, de convaincre et d\u2019\u00e9couter.<\/p>\n<p>Nous adressons nos plus sinc\u00e8res remerciements \u00e0 la direction de l\u2019\u00e9tablissement pour son soutien, ainsi qu\u2019\u00e0 M. Fraboulet, gestionnaire, pour son implication dans la r\u00e9ussite de cet \u00e9v\u00e9nement.<\/p>\n<p>Nous remercions \u00e9galement chaleureusement les membres du jury pour la qualit\u00e9 de leur \u00e9coute, la richesse de leurs \u00e9changes et leur engagement :<\/p>\n<ul>\n<li>Mme Emmanuelle Libertino, pr\u00e9sidente du jury et magistrate<\/li>\n<li>M. J\u00e9r\u00f4me Courteaud, po\u00e8te \/ fonnk\u00e9z\u00e8r<\/li>\n<li>M. Laurent Roussel, psychologue et membre de l\u2019ARIV<\/li>\n<li>M. Adolphe Maillot, professeur agr\u00e9g\u00e9 de lettres modernes<\/li>\n<li>Mme Mari Sizay, po\u00e9tesse \/ fonnk\u00e9z\u00e8z<\/li>\n<li>Mme Ghislaine Crab\u00e9, principale adjointe<\/li>\n<\/ul>\n<p>Enfin, un grand bravo \u00e0 l\u2019ensemble des demi-finalistes :<br \/>Luc De Palmas (306), Alyssa Abner (305), L\u00e9o Antonuccio (306), Louane Cougoulic (305), Eytan Akoun (306), Capucine Simon Sorres (305), Charles-Andr\u00e9 Lorraine (305), Zadig Sylvander (306), Meylie Thurville (305), Gabryel Puylaurent (306) et Vadim Bernard Blay (306).<\/p>\n[\/et_pb_text][\/et_pb_column][\/et_pb_row][et_pb_row _builder_version=\u00a0\u00bb4.27.6&Prime; _module_preset=\u00a0\u00bbdefault\u00a0\u00bb global_colors_info=\u00a0\u00bb{}\u00a0\u00bb][et_pb_column type=\u00a0\u00bb4_4&Prime; _builder_version=\u00a0\u00bb4.27.6&Prime; _module_preset=\u00a0\u00bbdefault\u00a0\u00bb global_colors_info=\u00a0\u00bb{}\u00a0\u00bb][et_pb_slider _builder_version=\u00a0\u00bb4.27.6&Prime; _module_preset=\u00a0\u00bbdefault\u00a0\u00bb animation_style=\u00a0\u00bbfade\u00a0\u00bb auto=\u00a0\u00bbon\u00a0\u00bb global_colors_info=\u00a0\u00bb{}\u00a0\u00bb][et_pb_slide _builder_version=\u00a0\u00bb4.27.6&Prime; _module_preset=\u00a0\u00bbdefault\u00a0\u00bb global_colors_info=\u00a0\u00bb{}\u00a0\u00bb sticky_transition=\u00a0\u00bbon\u00a0\u00bb]\n<p><a href=\"https:\/\/etab.ac-reunion.fr\/clg-les-aigrettes\/wp-content\/uploads\/sites\/96\/2026\/03\/IMG_7869-LUC-DE-PALMAS-scaled-e1775395547587.jpg\"><img loading=\"lazy\" decoding=\"async\" src=\"https:\/\/etab.ac-reunion.fr\/clg-les-aigrettes\/wp-content\/uploads\/sites\/96\/2026\/03\/IMG_7869-LUC-DE-PALMAS-scaled-e1775395547587-602x1024.jpg\" width=\"602\" height=\"1024\" alt=\"\" class=\"wp-image-13590 alignnone size-large\" \/><\/a><\/p>\n[\/et_pb_slide][et_pb_slide _builder_version=\u00a0\u00bb4.27.6&Prime; _module_preset=\u00a0\u00bbdefault\u00a0\u00bb global_colors_info=\u00a0\u00bb{}\u00a0\u00bb sticky_transition=\u00a0\u00bbon\u00a0\u00bb]\n<p><a href=\"https:\/\/etab.ac-reunion.fr\/clg-les-aigrettes\/wp-content\/uploads\/sites\/96\/2026\/03\/IMG_7872-ALYSSA-ABNER-scaled.jpeg\"><img loading=\"lazy\" decoding=\"async\" src=\"https:\/\/etab.ac-reunion.fr\/clg-les-aigrettes\/wp-content\/uploads\/sites\/96\/2026\/03\/IMG_7872-ALYSSA-ABNER-555x1024.jpeg\" width=\"555\" height=\"1024\" alt=\"\" class=\"wp-image-13591 alignnone size-large\" \/><\/a><\/p>\n[\/et_pb_slide][et_pb_slide _builder_version=\u00a0\u00bb4.27.6&Prime; _module_preset=\u00a0\u00bbdefault\u00a0\u00bb global_colors_info=\u00a0\u00bb{}\u00a0\u00bb sticky_transition=\u00a0\u00bbon\u00a0\u00bb]\n<p><a href=\"https:\/\/etab.ac-reunion.fr\/clg-les-aigrettes\/wp-content\/uploads\/sites\/96\/2026\/03\/IMG_7874-AYTAN-AKOUN-scaled.jpeg\"><img loading=\"lazy\" decoding=\"async\" src=\"https:\/\/etab.ac-reunion.fr\/clg-les-aigrettes\/wp-content\/uploads\/sites\/96\/2026\/03\/IMG_7874-AYTAN-AKOUN-510x1024.jpeg\" width=\"510\" height=\"1024\" alt=\"\" class=\"wp-image-13592 alignnone size-large\" \/><\/a><\/p>\n[\/et_pb_slide][et_pb_slide _builder_version=\u00a0\u00bb4.27.6&Prime; _module_preset=\u00a0\u00bbdefault\u00a0\u00bb global_colors_info=\u00a0\u00bb{}\u00a0\u00bb sticky_transition=\u00a0\u00bbon\u00a0\u00bb]\n<p><a href=\"https:\/\/etab.ac-reunion.fr\/clg-les-aigrettes\/wp-content\/uploads\/sites\/96\/2026\/03\/IMG_7876-CAPUCINE-SIMON-SORRES-scaled.jpeg\"><img loading=\"lazy\" decoding=\"async\" src=\"https:\/\/etab.ac-reunion.fr\/clg-les-aigrettes\/wp-content\/uploads\/sites\/96\/2026\/03\/IMG_7876-CAPUCINE-SIMON-SORRES-640x1024.jpeg\" width=\"640\" height=\"1024\" alt=\"\" class=\"wp-image-13593 alignnone size-large\" \/><\/a><\/p>\n[\/et_pb_slide][et_pb_slide _builder_version=\u00a0\u00bb4.27.6&Prime; _module_preset=\u00a0\u00bbdefault\u00a0\u00bb global_colors_info=\u00a0\u00bb{}\u00a0\u00bb sticky_transition=\u00a0\u00bbon\u00a0\u00bb]\n<p><a href=\"https:\/\/etab.ac-reunion.fr\/clg-les-aigrettes\/wp-content\/uploads\/sites\/96\/2026\/03\/IMG_7877-ZADIG-SYLVANDER-scaled.jpeg\"><img loading=\"lazy\" decoding=\"async\" src=\"https:\/\/etab.ac-reunion.fr\/clg-les-aigrettes\/wp-content\/uploads\/sites\/96\/2026\/03\/IMG_7877-ZADIG-SYLVANDER-521x1024.jpeg\" width=\"521\" height=\"1024\" alt=\"\" class=\"wp-image-13594 alignnone size-large\" \/><\/a><\/p>\n[\/et_pb_slide][et_pb_slide _builder_version=\u00a0\u00bb4.27.6&Prime; _module_preset=\u00a0\u00bbdefault\u00a0\u00bb global_colors_info=\u00a0\u00bb{}\u00a0\u00bb sticky_transition=\u00a0\u00bbon\u00a0\u00bb]\n<p><a href=\"https:\/\/etab.ac-reunion.fr\/clg-les-aigrettes\/wp-content\/uploads\/sites\/96\/2026\/03\/IMG_7880-MEYLIE-THURVILLE-scaled.jpeg\"><img loading=\"lazy\" decoding=\"async\" src=\"https:\/\/etab.ac-reunion.fr\/clg-les-aigrettes\/wp-content\/uploads\/sites\/96\/2026\/03\/IMG_7880-MEYLIE-THURVILLE-706x1024.jpeg\" width=\"706\" height=\"1024\" alt=\"\" class=\"wp-image-13595 alignnone size-large\" \/><\/a><\/p>\n[\/et_pb_slide][et_pb_slide _builder_version=\u00a0\u00bb4.27.6&Prime; _module_preset=\u00a0\u00bbdefault\u00a0\u00bb global_colors_info=\u00a0\u00bb{}\u00a0\u00bb sticky_transition=\u00a0\u00bbon\u00a0\u00bb]\n<p><a href=\"https:\/\/etab.ac-reunion.fr\/clg-les-aigrettes\/wp-content\/uploads\/sites\/96\/2026\/03\/IMG_7881-GABRYEL-PUYLAURENT-scaled.jpeg\"><img loading=\"lazy\" decoding=\"async\" src=\"https:\/\/etab.ac-reunion.fr\/clg-les-aigrettes\/wp-content\/uploads\/sites\/96\/2026\/03\/IMG_7881-GABRYEL-PUYLAURENT-502x1024.jpeg\" width=\"502\" height=\"1024\" alt=\"\" class=\"wp-image-13596 alignnone size-large\" \/><\/a><\/p>\n[\/et_pb_slide][\/et_pb_slider][\/et_pb_column][\/et_pb_row][et_pb_row _builder_version=\u00a0\u00bb4.27.6&Prime; _module_preset=\u00a0\u00bbdefault\u00a0\u00bb global_colors_info=\u00a0\u00bb{}\u00a0\u00bb][et_pb_column type=\u00a0\u00bb4_4&Prime; _builder_version=\u00a0\u00bb4.27.6&Prime; _module_preset=\u00a0\u00bbdefault\u00a0\u00bb global_colors_info=\u00a0\u00bb{}\u00a0\u00bb][et_pb_text _builder_version=\u00a0\u00bb4.27.6&Prime; _module_preset=\u00a0\u00bbdefault\u00a0\u00bb global_colors_info=\u00a0\u00bb{}\u00a0\u00bb]\n<p>La finale du 5 juin prochain sera une nouvelle occasion de faire rayonner l\u2019\u00e9loquence et le talent de nos \u00e9l\u00e8ves.<\/p>\n<p>Un immense bravo \u00e0 tous pour cette magnifique r\u00e9ussite !<\/p>\n[\/et_pb_text][\/et_pb_column][\/et_pb_row][\/et_pb_section]\n<!-- AddThis Advanced Settings generic via filter on the_content --><!-- AddThis Share Buttons generic via filter on the_content -->","protected":false},"excerpt":{"rendered":"<p>Quand les mots font vibrer : une demi-finale d\u2019\u00e9loquence inoubliable\u00a0 Le vendredi 20 mars 2026, le coll\u00e8ge a vibr\u00e9 au rythme des mots \u00e0 l\u2019occasion de la demi-finale du concours [&hellip;]<\/p>\n<p><!-- AddThis Advanced Settings generic via filter on get_the_excerpt --><!-- AddThis Share Buttons generic via filter on get_the_excerpt --><\/p>\n","protected":false},"author":17452,"featured_media":13598,"comment_status":"closed","ping_status":"closed","sticky":false,"template":"","format":"standard","meta":{"_et_pb_use_builder":"on","_et_pb_old_content":"","_et_gb_content_width":"","footnotes":"","_links_to":"","_links_to_target":""},"categories":[13],"tags":[],"class_list":["post-13620","post","type-post","status-publish","format-standard","has-post-thumbnail","hentry","category-les-dernieres-informations"],"_links":{"self":[{"href":"https:\/\/etab.ac-reunion.fr\/clg-les-aigrettes\/wp-json\/wp\/v2\/posts\/13620","targetHints":{"allow":["GET"]}}],"collection":[{"href":"https:\/\/etab.ac-reunion.fr\/clg-les-aigrettes\/wp-json\/wp\/v2\/posts"}],"about":[{"href":"https:\/\/etab.ac-reunion.fr\/clg-les-aigrettes\/wp-json\/wp\/v2\/types\/post"}],"author":[{"embeddable":true,"href":"https:\/\/etab.ac-reunion.fr\/clg-les-aigrettes\/wp-json\/wp\/v2\/users\/17452"}],"replies":[{"embeddable":true,"href":"https:\/\/etab.ac-reunion.fr\/clg-les-aigrettes\/wp-json\/wp\/v2\/comments?post=13620"}],"version-history":[{"count":7,"href":"https:\/\/etab.ac-reunion.fr\/clg-les-aigrettes\/wp-json\/wp\/v2\/posts\/13620\/revisions"}],"predecessor-version":[{"id":13637,"href":"https:\/\/etab.ac-reunion.fr\/clg-les-aigrettes\/wp-json\/wp\/v2\/posts\/13620\/revisions\/13637"}],"wp:featuredmedia":[{"embeddable":true,"href":"https:\/\/etab.ac-reunion.fr\/clg-les-aigrettes\/wp-json\/wp\/v2\/media\/13598"}],"wp:attachment":[{"href":"https:\/\/etab.ac-reunion.fr\/clg-les-aigrettes\/wp-json\/wp\/v2\/media?parent=13620"}],"wp:term":[{"taxonomy":"category","embeddable":true,"href":"https:\/\/etab.ac-reunion.fr\/clg-les-aigrettes\/wp-json\/wp\/v2\/categories?post=13620"},{"taxonomy":"post_tag","embeddable":true,"href":"https:\/\/etab.ac-reunion.fr\/clg-les-aigrettes\/wp-json\/wp\/v2\/tags?post=13620"}],"curies":[{"name":"wp","href":"https:\/\/api.w.org\/{rel}","templated":true}]}}