{"id":13631,"date":"2026-04-17T12:54:57","date_gmt":"2026-04-17T08:54:57","guid":{"rendered":"https:\/\/etab.ac-reunion.fr\/clg-les-aigrettes\/?p=13631"},"modified":"2026-04-17T12:54:57","modified_gmt":"2026-04-17T08:54:57","slug":"aquanautes-championnes","status":"publish","type":"post","link":"https:\/\/etab.ac-reunion.fr\/clg-les-aigrettes\/aquanautes-championnes\/","title":{"rendered":"Aquanautes championnes"},"content":{"rendered":"<h1>Les Aquanautes sacr\u00e9es Championnes de France Juniors \u00c9lite<br \/>\nUne performance historique pour La R\u00e9union<\/h1>\n<p><em>Communiqu\u00e9 de Presse des Aquanautes :<\/em><\/p>\n<p><a href=\"https:\/\/etab.ac-reunion.fr\/clg-les-aigrettes\/wp-content\/uploads\/sites\/96\/2026\/04\/PHOTO-2026-04-14-13-23-31-scaled.jpg\"><img loading=\"lazy\" decoding=\"async\" class=\"alignnone size-large wp-image-13632\" src=\"https:\/\/etab.ac-reunion.fr\/clg-les-aigrettes\/wp-content\/uploads\/sites\/96\/2026\/04\/PHOTO-2026-04-14-13-23-31-1024x576.jpg\" alt=\"\" width=\"1024\" height=\"576\" srcset=\"https:\/\/etab.ac-reunion.fr\/clg-les-aigrettes\/wp-content\/uploads\/sites\/96\/2026\/04\/PHOTO-2026-04-14-13-23-31-980x551.jpg 980w, https:\/\/etab.ac-reunion.fr\/clg-les-aigrettes\/wp-content\/uploads\/sites\/96\/2026\/04\/PHOTO-2026-04-14-13-23-31-480x270.jpg 480w\" sizes=\"(min-width: 0px) and (max-width: 480px) 480px, (min-width: 481px) and (max-width: 980px) 980px, (min-width: 981px) 1024px, 100vw\" \/><\/a><\/p>\n<p>Le club de natation artistique Les Aquanautes a r\u00e9alis\u00e9 une performance remarquable lors des Championnats de France Juniors \u00c9lite, actuellement organis\u00e9s \u00e0 Strasbourg.<\/p>\n<p>Engag\u00e9es dans la cat\u00e9gorie la plus relev\u00e9e de la discipline, les nageuses r\u00e9unionnaises se sont illustr\u00e9es en d\u00e9crochant une double distinction nationale, confirmant leur place parmi les meilleures \u00e9quipes fran\u00e7aises.<\/p>\n<p>Une double performance au plus haut niveau national<br \/>\nFace aux principaux clubs de l\u2019Hexagone, dont les structures de haut niveau (Centres Nationaux d\u2019Acc\u00e8s au Haut Niveau \u2013 CNAHN), les Aquanautes ont obtenu :<\/p>\n<p>le titre de Championnes de France des clubs (hors CNAHN)<br \/>\nune 3e place au classement g\u00e9n\u00e9ral toutes structures confondues<br \/>\nCe r\u00e9sultat positionne le club parmi les toutes premi\u00e8res \u00e9quipes fran\u00e7aises en natation artistique.<\/p>\n<p>Un ballet libre marquant : \u00ab GECKOS \u00bb<br \/>\nCette performance a \u00e9t\u00e9 r\u00e9alis\u00e9e avec le ballet libre intitul\u00e9 \u00ab GECKOS \u00bb, une chor\u00e9graphie originale m\u00ealant exigence technique, intensit\u00e9 collective et expression artistique.<\/p>\n<p>Fruit de plusieurs mois de travail, ce ballet illustre la qualit\u00e9 de la formation propos\u00e9e par le club et la capacit\u00e9 des nageuses \u00e0 \u00e9voluer au plus haut niveau national.<\/p>\n<p>Une reconnaissance pour La R\u00e9union<br \/>\nAu-del\u00e0 de la performance sportive, ce r\u00e9sultat constitue une fiert\u00e9 pour La R\u00e9union, qui voit l\u2019un de ses clubs s\u2019imposer parmi l\u2019\u00e9lite nationale.<\/p>\n<p>Les Aquanautes confirment ainsi leur position de premier club ultramarin et leur place dans le haut du classement national.<\/p>\n<p>Retour des nageuses<br \/>\nLes nageuses et leur encadrement sont actuellement \u00e0 Strasbourg.<\/p>\n<p>Leur retour \u00e0 La R\u00e9union est pr\u00e9vu mardi 14 avril au matin.<\/p>\n<p>Une r\u00e9ussite collective<br \/>\nLe club tient \u00e0 saluer l\u2019engagement de l\u2019ensemble de l\u2019\u00e9quipe :<\/p>\n<p>Nageuses : Roxanne, Nina, Marion, Chlo\u00e9, Ya\u00eblle, Yelina, Alice, Anna B., Anna T., Ana\u00e9<\/p>\n<p><a href=\"https:\/\/etab.ac-reunion.fr\/clg-les-aigrettes\/wp-content\/uploads\/sites\/96\/2026\/04\/PHOTO-2026-04-14-13-25-19.jpg\"><img loading=\"lazy\" decoding=\"async\" class=\"alignnone size-large wp-image-13633\" src=\"https:\/\/etab.ac-reunion.fr\/clg-les-aigrettes\/wp-content\/uploads\/sites\/96\/2026\/04\/PHOTO-2026-04-14-13-25-19-799x1024.jpg\" alt=\"\" width=\"799\" height=\"1024\" \/><\/a><\/p>\n<p>Encadrement : L\u00e9a, H\u00e9l\u00e8ne, \u00c9lodie, Jo\u00ebl et Marie<\/p>\n<p>Ainsi que l\u2019ensemble des familles, b\u00e9n\u00e9voles et partenaires mobilis\u00e9s autour de ce projet.<\/p>\n<p>\u00c0 propos des Aquanautes<br \/>\nFond\u00e9 en 2006 \u00e0 Saint-Gilles-les-Bains, le club Les Aquanautes est reconnu par la F\u00e9d\u00e9ration Fran\u00e7aise de Natation Artistique comme Centre d\u2019Accession et de Formation.<\/p>\n<p>Avec plus de 500 membres, dont 145 nageuses en natation artistique, le club s\u2019impose aujourd\u2019hui comme un acteur majeur du d\u00e9veloppement de la discipline \u00e0 La R\u00e9union.<\/p>\n<p>Club Les Aquanautes<\/p>\n<p>&nbsp;<\/p>\n<pre class=\"moz-quote-pre\"><\/pre>\n<!-- AddThis Advanced Settings generic via filter on the_content --><!-- AddThis Share Buttons generic via filter on the_content -->","protected":false},"excerpt":{"rendered":"<p>Les Aquanautes sacr\u00e9es Championnes de France Juniors \u00c9lite Une performance historique pour La R\u00e9union Communiqu\u00e9 de Presse des Aquanautes : Le club de natation artistique Les Aquanautes a r\u00e9alis\u00e9 une [&hellip;]<!-- AddThis Advanced Settings generic via filter on get_the_excerpt --><!-- AddThis Share Buttons generic via filter on get_the_excerpt --><\/p>\n","protected":false},"author":24673,"featured_media":13633,"comment_status":"closed","ping_status":"closed","sticky":false,"template":"","format":"standard","meta":{"_et_pb_use_builder":"","_et_pb_old_content":"","_et_gb_content_width":"","footnotes":"","_links_to":"","_links_to_target":""},"categories":[13],"tags":[],"class_list":["post-13631","post","type-post","status-publish","format-standard","has-post-thumbnail","hentry","category-les-dernieres-informations"],"_links":{"self":[{"href":"https:\/\/etab.ac-reunion.fr\/clg-les-aigrettes\/wp-json\/wp\/v2\/posts\/13631","targetHints":{"allow":["GET"]}}],"collection":[{"href":"https:\/\/etab.ac-reunion.fr\/clg-les-aigrettes\/wp-json\/wp\/v2\/posts"}],"about":[{"href":"https:\/\/etab.ac-reunion.fr\/clg-les-aigrettes\/wp-json\/wp\/v2\/types\/post"}],"author":[{"embeddable":true,"href":"https:\/\/etab.ac-reunion.fr\/clg-les-aigrettes\/wp-json\/wp\/v2\/users\/24673"}],"replies":[{"embeddable":true,"href":"https:\/\/etab.ac-reunion.fr\/clg-les-aigrettes\/wp-json\/wp\/v2\/comments?post=13631"}],"version-history":[{"count":4,"href":"https:\/\/etab.ac-reunion.fr\/clg-les-aigrettes\/wp-json\/wp\/v2\/posts\/13631\/revisions"}],"predecessor-version":[{"id":13644,"href":"https:\/\/etab.ac-reunion.fr\/clg-les-aigrettes\/wp-json\/wp\/v2\/posts\/13631\/revisions\/13644"}],"wp:featuredmedia":[{"embeddable":true,"href":"https:\/\/etab.ac-reunion.fr\/clg-les-aigrettes\/wp-json\/wp\/v2\/media\/13633"}],"wp:attachment":[{"href":"https:\/\/etab.ac-reunion.fr\/clg-les-aigrettes\/wp-json\/wp\/v2\/media?parent=13631"}],"wp:term":[{"taxonomy":"category","embeddable":true,"href":"https:\/\/etab.ac-reunion.fr\/clg-les-aigrettes\/wp-json\/wp\/v2\/categories?post=13631"},{"taxonomy":"post_tag","embeddable":true,"href":"https:\/\/etab.ac-reunion.fr\/clg-les-aigrettes\/wp-json\/wp\/v2\/tags?post=13631"}],"curies":[{"name":"wp","href":"https:\/\/api.w.org\/{rel}","templated":true}]}}