{"id":13661,"date":"2026-04-30T09:21:17","date_gmt":"2026-04-30T05:21:17","guid":{"rendered":"https:\/\/etab.ac-reunion.fr\/clg-les-aigrettes\/?p=13661"},"modified":"2026-04-30T09:21:32","modified_gmt":"2026-04-30T05:21:32","slug":"land-art-601","status":"publish","type":"post","link":"https:\/\/etab.ac-reunion.fr\/clg-les-aigrettes\/land-art-601\/","title":{"rendered":"Land Art 601"},"content":{"rendered":"<div>Mme MARTINS et les \u00e9l\u00e8ves de 601 ont men\u00e9 un projet artistique de grande ampleur. Ce projet de Land Art a pu se concr\u00e9tiser avec l&rsquo;accompagnement de l&rsquo;artiste Isabelle ODON. La restitution de ce projet s&rsquo;est faite le 14 Avril 2026 dans un lieu embl\u00e9matique de la R\u00e9union : le Jardin Botanique des Mascarins.<\/div>\n<div><\/div>\n<div>F\u00e9licitations aux \u00e9l\u00e8ves et \u00e0 Mme MARTINS.<\/div>\n<div><a href=\"https:\/\/www.ac-reunion.fr\/les-projets-land-art-au-jardin-botanique-mascarin-131613\" target=\"_blank\" rel=\"nofollow noopener noreferrer\">https:\/\/www.ac-reunion.fr\/les-projets-land-art-au-jardin-botanique-mascarin-131613<\/a><\/div>\n<!-- AddThis Advanced Settings generic via filter on the_content --><!-- AddThis Share Buttons generic via filter on the_content -->","protected":false},"excerpt":{"rendered":"<p>Mme MARTINS et les \u00e9l\u00e8ves de 601 ont men\u00e9 un projet artistique de grande ampleur. Ce projet de Land Art a pu se concr\u00e9tiser avec l&rsquo;accompagnement de l&rsquo;artiste Isabelle ODON. [&hellip;]<!-- AddThis Advanced Settings generic via filter on get_the_excerpt --><!-- AddThis Share Buttons generic via filter on get_the_excerpt --><\/p>\n","protected":false},"author":24673,"featured_media":0,"comment_status":"closed","ping_status":"closed","sticky":false,"template":"","format":"standard","meta":{"_et_pb_use_builder":"","_et_pb_old_content":"","_et_gb_content_width":"","footnotes":"","_links_to":"","_links_to_target":""},"categories":[13],"tags":[],"class_list":["post-13661","post","type-post","status-publish","format-standard","hentry","category-les-dernieres-informations"],"_links":{"self":[{"href":"https:\/\/etab.ac-reunion.fr\/clg-les-aigrettes\/wp-json\/wp\/v2\/posts\/13661","targetHints":{"allow":["GET"]}}],"collection":[{"href":"https:\/\/etab.ac-reunion.fr\/clg-les-aigrettes\/wp-json\/wp\/v2\/posts"}],"about":[{"href":"https:\/\/etab.ac-reunion.fr\/clg-les-aigrettes\/wp-json\/wp\/v2\/types\/post"}],"author":[{"embeddable":true,"href":"https:\/\/etab.ac-reunion.fr\/clg-les-aigrettes\/wp-json\/wp\/v2\/users\/24673"}],"replies":[{"embeddable":true,"href":"https:\/\/etab.ac-reunion.fr\/clg-les-aigrettes\/wp-json\/wp\/v2\/comments?post=13661"}],"version-history":[{"count":2,"href":"https:\/\/etab.ac-reunion.fr\/clg-les-aigrettes\/wp-json\/wp\/v2\/posts\/13661\/revisions"}],"predecessor-version":[{"id":13663,"href":"https:\/\/etab.ac-reunion.fr\/clg-les-aigrettes\/wp-json\/wp\/v2\/posts\/13661\/revisions\/13663"}],"wp:attachment":[{"href":"https:\/\/etab.ac-reunion.fr\/clg-les-aigrettes\/wp-json\/wp\/v2\/media?parent=13661"}],"wp:term":[{"taxonomy":"category","embeddable":true,"href":"https:\/\/etab.ac-reunion.fr\/clg-les-aigrettes\/wp-json\/wp\/v2\/categories?post=13661"},{"taxonomy":"post_tag","embeddable":true,"href":"https:\/\/etab.ac-reunion.fr\/clg-les-aigrettes\/wp-json\/wp\/v2\/tags?post=13661"}],"curies":[{"name":"wp","href":"https:\/\/api.w.org\/{rel}","templated":true}]}}