{"id":12099,"date":"2022-11-07T11:29:23","date_gmt":"2022-11-07T07:29:23","guid":{"rendered":"https:\/\/etab.ac-reunion.fr\/clg-les-mascareignes\/?p=12099"},"modified":"2022-11-07T11:33:30","modified_gmt":"2022-11-07T07:33:30","slug":"journee-de-lutte-contre-le-harcelement","status":"publish","type":"post","link":"https:\/\/etab.ac-reunion.fr\/clg-les-mascareignes\/journee-de-lutte-contre-le-harcelement\/","title":{"rendered":"Journ\u00e9e de lutte contre le Harc\u00e8lement"},"content":{"rendered":"\n<p>Cette ann\u00e9e, la journ\u00e9e nationale de lutte contre le harc\u00e8lement a lieu le <strong>jeudi 10 novembre 2022<\/strong>.<\/p>\n\n\n\n<p>Pour sensibiliser la communaut\u00e9 \u00e9ducative aux ph\u00e9nom\u00e8ne li\u00e9s au harc\u00e8lement, <strong>diff\u00e9rentes actions<\/strong> sont men\u00e9es au coll\u00e8ge :<\/p>\n\n\n\n<p>-cr\u00e9ation d&rsquo;un <strong>arbre<\/strong> du bien-\u00eatre par les \u00e9l\u00e8ves de Mme Gara\u00efos (professeur d&rsquo;anglais).<\/p>\n\n\n\n<p>-confection d&rsquo;<strong>origamis<\/strong> en forme de colibris par les \u00e9l\u00e8ves du coll\u00e8ge. Les origamis renvoient \u00e0 la l\u00e9gende du colibri, selon laquelle chacun peut \u00ab\u00a0faire sa part\u00a0\u00bb dans la lutte contre le harc\u00e8lement.<\/p>\n\n\n\n<figure class=\"wp-block-image size-large is-resized\"><img loading=\"lazy\" decoding=\"async\" src=\"https:\/\/etab.ac-reunion.fr\/clg-les-mascareignes\/wp-content\/uploads\/sites\/21\/2022\/11\/20221103_110214-1-768x1024.jpg\" alt=\"\" class=\"wp-image-12102\" width=\"561\" height=\"747\" srcset=\"https:\/\/etab.ac-reunion.fr\/clg-les-mascareignes\/wp-content\/uploads\/sites\/21\/2022\/11\/20221103_110214-1-768x1024.jpg 768w, https:\/\/etab.ac-reunion.fr\/clg-les-mascareignes\/wp-content\/uploads\/sites\/21\/2022\/11\/20221103_110214-1-225x300.jpg 225w, https:\/\/etab.ac-reunion.fr\/clg-les-mascareignes\/wp-content\/uploads\/sites\/21\/2022\/11\/20221103_110214-1-1152x1536.jpg 1152w, https:\/\/etab.ac-reunion.fr\/clg-les-mascareignes\/wp-content\/uploads\/sites\/21\/2022\/11\/20221103_110214-1-1536x2048.jpg 1536w, https:\/\/etab.ac-reunion.fr\/clg-les-mascareignes\/wp-content\/uploads\/sites\/21\/2022\/11\/20221103_110214-1-scaled.jpg 1920w\" sizes=\"auto, (max-width: 561px) 100vw, 561px\" \/><figcaption class=\"wp-element-caption\">Arbre du bien-\u00eatre<\/figcaption><\/figure>\n\n\n\n<figure class=\"wp-block-image size-large is-resized\"><img loading=\"lazy\" decoding=\"async\" src=\"https:\/\/etab.ac-reunion.fr\/clg-les-mascareignes\/wp-content\/uploads\/sites\/21\/2022\/11\/20221103_110222-768x1024.jpg\" alt=\"\" class=\"wp-image-12101\" width=\"563\" height=\"751\" srcset=\"https:\/\/etab.ac-reunion.fr\/clg-les-mascareignes\/wp-content\/uploads\/sites\/21\/2022\/11\/20221103_110222-768x1024.jpg 768w, https:\/\/etab.ac-reunion.fr\/clg-les-mascareignes\/wp-content\/uploads\/sites\/21\/2022\/11\/20221103_110222-225x300.jpg 225w, https:\/\/etab.ac-reunion.fr\/clg-les-mascareignes\/wp-content\/uploads\/sites\/21\/2022\/11\/20221103_110222-1152x1536.jpg 1152w, https:\/\/etab.ac-reunion.fr\/clg-les-mascareignes\/wp-content\/uploads\/sites\/21\/2022\/11\/20221103_110222-1536x2048.jpg 1536w, https:\/\/etab.ac-reunion.fr\/clg-les-mascareignes\/wp-content\/uploads\/sites\/21\/2022\/11\/20221103_110222-scaled.jpg 1920w\" sizes=\"auto, (max-width: 563px) 100vw, 563px\" \/><figcaption class=\"wp-element-caption\">Arbre de lutte contre le harc\u00e8lement<\/figcaption><\/figure>\n\n\n\n<p>-toutes les classes de 6e b\u00e9n\u00e9ficient d&rsquo;<strong>1h de formation sur le harc\u00e8lement<\/strong>, avec Mme Sala (professeur documentaliste) et Mme Wenger (assistante sociale). Durant ces heures de formation (mardi 8 et jeudi 10 novembre), qui ont lieu au CDI, les \u00e9l\u00e8ves d\u00e9couvrent des situations de harc\u00e8lement et les r\u00e9flexes \u00e0 acqu\u00e9rir, apr\u00e8s avoir visionn\u00e9 de courtes vid\u00e9os. Ces vid\u00e9os sont suivies de d\u00e9bats sur les causes, les cons\u00e9quences et les moyens de combattre le harc\u00e8lement.<\/p>\n\n\n\n<p><\/p>\n\n\n\n<p>-Une <strong>vid\u00e9o sur la grossophobie<\/strong> cr\u00e9\u00e9e par les \u00e9l\u00e8ves de Mme Nauche (professeur de fran\u00e7ais) et Mme Bigot (professeur d&rsquo;ULIS) sera diffus\u00e9e au coll\u00e8ge.<\/p>\n\n\n\n<p>-Pour aller plus loin, vous pouvez d\u00e9couvrir des<strong> ressources sur le harc\u00e8lement<\/strong> sur le portail e-sidoc du coll\u00e8ge, \u00e0 cette adresse : https:\/\/9741044s.esidoc.fr\/site\/non-au-harcelement-3<\/p>\n\n\n\n<p><\/p>\n","protected":false},"excerpt":{"rendered":"<p>Cette ann\u00e9e, la journ\u00e9e nationale de lutte contre le harc\u00e8lement a lieu le jeudi 10 novembre 2022. Pour sensibiliser la communaut\u00e9 \u00e9ducative aux ph\u00e9nom\u00e8ne li\u00e9s au harc\u00e8lement, diff\u00e9rentes actions sont men\u00e9es au coll\u00e8ge : -cr\u00e9ation d&rsquo;un arbre du bien-\u00eatre par les \u00e9l\u00e8ves de Mme Gara\u00efos (professeur d&rsquo;anglais). -confection d&rsquo;origamis en&#8230;<\/p>\n<p> <a class=\"continue-reading-link\" href=\"https:\/\/etab.ac-reunion.fr\/clg-les-mascareignes\/journee-de-lutte-contre-le-harcelement\/\"><span>Lire la suite<\/span><i class=\"crycon-right-dir\"><\/i><\/a> <\/p>\n","protected":false},"author":3012,"featured_media":11895,"comment_status":"closed","ping_status":"closed","sticky":false,"template":"","format":"standard","meta":{"footnotes":""},"categories":[28],"tags":[],"class_list":["post-12099","post","type-post","status-publish","format-standard","has-post-thumbnail","hentry","category-actualites-2"],"_links":{"self":[{"href":"https:\/\/etab.ac-reunion.fr\/clg-les-mascareignes\/wp-json\/wp\/v2\/posts\/12099","targetHints":{"allow":["GET"]}}],"collection":[{"href":"https:\/\/etab.ac-reunion.fr\/clg-les-mascareignes\/wp-json\/wp\/v2\/posts"}],"about":[{"href":"https:\/\/etab.ac-reunion.fr\/clg-les-mascareignes\/wp-json\/wp\/v2\/types\/post"}],"author":[{"embeddable":true,"href":"https:\/\/etab.ac-reunion.fr\/clg-les-mascareignes\/wp-json\/wp\/v2\/users\/3012"}],"replies":[{"embeddable":true,"href":"https:\/\/etab.ac-reunion.fr\/clg-les-mascareignes\/wp-json\/wp\/v2\/comments?post=12099"}],"version-history":[{"count":2,"href":"https:\/\/etab.ac-reunion.fr\/clg-les-mascareignes\/wp-json\/wp\/v2\/posts\/12099\/revisions"}],"predecessor-version":[{"id":12104,"href":"https:\/\/etab.ac-reunion.fr\/clg-les-mascareignes\/wp-json\/wp\/v2\/posts\/12099\/revisions\/12104"}],"wp:featuredmedia":[{"embeddable":true,"href":"https:\/\/etab.ac-reunion.fr\/clg-les-mascareignes\/wp-json\/wp\/v2\/media\/11895"}],"wp:attachment":[{"href":"https:\/\/etab.ac-reunion.fr\/clg-les-mascareignes\/wp-json\/wp\/v2\/media?parent=12099"}],"wp:term":[{"taxonomy":"category","embeddable":true,"href":"https:\/\/etab.ac-reunion.fr\/clg-les-mascareignes\/wp-json\/wp\/v2\/categories?post=12099"},{"taxonomy":"post_tag","embeddable":true,"href":"https:\/\/etab.ac-reunion.fr\/clg-les-mascareignes\/wp-json\/wp\/v2\/tags?post=12099"}],"curies":[{"name":"wp","href":"https:\/\/api.w.org\/{rel}","templated":true}]}}