{"id":14400,"date":"2026-04-27T20:24:04","date_gmt":"2026-04-27T16:24:04","guid":{"rendered":"https:\/\/etab.ac-reunion.fr\/clg-les-mascareignes\/?p=14400"},"modified":"2026-04-27T20:24:30","modified_gmt":"2026-04-27T16:24:30","slug":"cafe-des-parents-5","status":"publish","type":"post","link":"https:\/\/etab.ac-reunion.fr\/clg-les-mascareignes\/cafe-des-parents-5\/","title":{"rendered":"Caf\u00e9 des parents"},"content":{"rendered":"\n<p>C<strong>e samedi 25 avril\u00a0<\/strong>a eu lieu le <strong>Caf\u00e9 des parents<\/strong> au coll\u00e8ge autour de 5 th\u00e9matiques d&rsquo;actualit\u00e9s<\/p>\n\n\n\n<p><strong>1.<\/strong><strong>D\u00e9couverte de l&rsquo;intelligence artificielle<\/strong><br>Comprendre les bases et les usages chez les jeunes<br>Avec Laurent KOZLOVSKY, professeur de sp\u00e9cialit\u00e9 Num\u00e9rique et Sciences Informatiques (NSI)<br><br><strong>2. Droits de l&rsquo;enfant<\/strong><br>Le D\u00e9fenseur des droits et la Convention Internationale des Droits de l&rsquo;Enfant, la CIDE<br>Avec les Jeunes Ambassadeurs des Droits aupr\u00e8s des Enfants, les JADE<br><br><strong>3. Harc\u00e8lement\/cyberharc\u00e8lement : que dit la loi?<\/strong><br>Responsabilit\u00e9, droits et d\u00e9marches \u00e0 conna\u00eetre<br>Avec des jeunes b\u00e9n\u00e9voles de L\u00e9kol du bonheur<br><br><strong>4. Questions\/R\u00e9ponses avec un psychologue<\/strong><br>\u00c9changes libres et conseils personnalis\u00e9s<br>Avec Laurent ROUSSEL, psychologue clinicien<br><br><strong>5. Pr\u00e9sentation du programme PHARE<\/strong><br>Pr\u00e9venir le harc\u00e8lement \u00e0 l&rsquo;\u00e9cole et agir efficacement<br>Avec les r\u00e9f\u00e9rents PHARE du coll\u00e8ge<br><br><strong>6- Atelier de d\u00e9monstration de calligraphie arabe&nbsp;<\/strong>(\u00c9criture de son pr\u00e9nom )&nbsp;<\/p>\n\n\n\n<figure class=\"wp-block-gallery has-nested-images columns-default is-cropped wp-block-gallery-1 is-layout-flex wp-block-gallery-is-layout-flex\">\n<figure class=\"wp-block-image size-large\"><img loading=\"lazy\" decoding=\"async\" width=\"1024\" height=\"768\" data-id=\"14403\" src=\"https:\/\/etab.ac-reunion.fr\/clg-les-mascareignes\/wp-content\/uploads\/sites\/21\/2026\/04\/Mascareignes_5-1024x768.jpg\" alt=\"\" class=\"wp-image-14403\" srcset=\"https:\/\/etab.ac-reunion.fr\/clg-les-mascareignes\/wp-content\/uploads\/sites\/21\/2026\/04\/Mascareignes_5-1024x768.jpg 1024w, https:\/\/etab.ac-reunion.fr\/clg-les-mascareignes\/wp-content\/uploads\/sites\/21\/2026\/04\/Mascareignes_5-300x225.jpg 300w, https:\/\/etab.ac-reunion.fr\/clg-les-mascareignes\/wp-content\/uploads\/sites\/21\/2026\/04\/Mascareignes_5-1536x1152.jpg 1536w, https:\/\/etab.ac-reunion.fr\/clg-les-mascareignes\/wp-content\/uploads\/sites\/21\/2026\/04\/Mascareignes_5-2048x1536.jpg 2048w, https:\/\/etab.ac-reunion.fr\/clg-les-mascareignes\/wp-content\/uploads\/sites\/21\/2026\/04\/Mascareignes_5-150x112.jpg 150w\" sizes=\"auto, (max-width: 1024px) 100vw, 1024px\" \/><\/figure>\n\n\n\n<figure class=\"wp-block-image size-large\"><img loading=\"lazy\" decoding=\"async\" width=\"1024\" height=\"768\" data-id=\"14404\" src=\"https:\/\/etab.ac-reunion.fr\/clg-les-mascareignes\/wp-content\/uploads\/sites\/21\/2026\/04\/Mascareignes_6-1024x768.jpg\" alt=\"\" class=\"wp-image-14404\" srcset=\"https:\/\/etab.ac-reunion.fr\/clg-les-mascareignes\/wp-content\/uploads\/sites\/21\/2026\/04\/Mascareignes_6-1024x768.jpg 1024w, https:\/\/etab.ac-reunion.fr\/clg-les-mascareignes\/wp-content\/uploads\/sites\/21\/2026\/04\/Mascareignes_6-300x225.jpg 300w, https:\/\/etab.ac-reunion.fr\/clg-les-mascareignes\/wp-content\/uploads\/sites\/21\/2026\/04\/Mascareignes_6-1536x1152.jpg 1536w, https:\/\/etab.ac-reunion.fr\/clg-les-mascareignes\/wp-content\/uploads\/sites\/21\/2026\/04\/Mascareignes_6-2048x1536.jpg 2048w, https:\/\/etab.ac-reunion.fr\/clg-les-mascareignes\/wp-content\/uploads\/sites\/21\/2026\/04\/Mascareignes_6-150x113.jpg 150w\" sizes=\"auto, (max-width: 1024px) 100vw, 1024px\" \/><\/figure>\n<\/figure>\n\n\n\n<figure class=\"wp-block-gallery has-nested-images columns-default is-cropped wp-block-gallery-2 is-layout-flex wp-block-gallery-is-layout-flex\">\n<figure class=\"wp-block-image size-large\"><img loading=\"lazy\" decoding=\"async\" width=\"1024\" height=\"768\" data-id=\"14401\" src=\"https:\/\/etab.ac-reunion.fr\/clg-les-mascareignes\/wp-content\/uploads\/sites\/21\/2026\/04\/Mascareignes_1-1024x768.jpg\" alt=\"\" class=\"wp-image-14401\" srcset=\"https:\/\/etab.ac-reunion.fr\/clg-les-mascareignes\/wp-content\/uploads\/sites\/21\/2026\/04\/Mascareignes_1-1024x768.jpg 1024w, https:\/\/etab.ac-reunion.fr\/clg-les-mascareignes\/wp-content\/uploads\/sites\/21\/2026\/04\/Mascareignes_1-300x225.jpg 300w, https:\/\/etab.ac-reunion.fr\/clg-les-mascareignes\/wp-content\/uploads\/sites\/21\/2026\/04\/Mascareignes_1-1536x1152.jpg 1536w, https:\/\/etab.ac-reunion.fr\/clg-les-mascareignes\/wp-content\/uploads\/sites\/21\/2026\/04\/Mascareignes_1-2048x1536.jpg 2048w, https:\/\/etab.ac-reunion.fr\/clg-les-mascareignes\/wp-content\/uploads\/sites\/21\/2026\/04\/Mascareignes_1-150x113.jpg 150w\" sizes=\"auto, (max-width: 1024px) 100vw, 1024px\" \/><\/figure>\n\n\n\n<figure class=\"wp-block-image size-large\"><img loading=\"lazy\" decoding=\"async\" width=\"1024\" height=\"768\" data-id=\"14402\" src=\"https:\/\/etab.ac-reunion.fr\/clg-les-mascareignes\/wp-content\/uploads\/sites\/21\/2026\/04\/Mascareignes_2-1024x768.jpg\" alt=\"\" class=\"wp-image-14402\" srcset=\"https:\/\/etab.ac-reunion.fr\/clg-les-mascareignes\/wp-content\/uploads\/sites\/21\/2026\/04\/Mascareignes_2-1024x768.jpg 1024w, https:\/\/etab.ac-reunion.fr\/clg-les-mascareignes\/wp-content\/uploads\/sites\/21\/2026\/04\/Mascareignes_2-300x225.jpg 300w, https:\/\/etab.ac-reunion.fr\/clg-les-mascareignes\/wp-content\/uploads\/sites\/21\/2026\/04\/Mascareignes_2-1536x1152.jpg 1536w, https:\/\/etab.ac-reunion.fr\/clg-les-mascareignes\/wp-content\/uploads\/sites\/21\/2026\/04\/Mascareignes_2-2048x1536.jpg 2048w, https:\/\/etab.ac-reunion.fr\/clg-les-mascareignes\/wp-content\/uploads\/sites\/21\/2026\/04\/Mascareignes_2-150x112.jpg 150w\" sizes=\"auto, (max-width: 1024px) 100vw, 1024px\" \/><\/figure>\n<\/figure>\n","protected":false},"excerpt":{"rendered":"<p>Ce samedi 25 avril\u00a0a eu lieu le Caf\u00e9 des parents au coll\u00e8ge autour de 5 th\u00e9matiques d&rsquo;actualit\u00e9s 1.D\u00e9couverte de l&rsquo;intelligence artificielleComprendre les bases et les usages chez les jeunesAvec Laurent KOZLOVSKY, professeur de sp\u00e9cialit\u00e9 Num\u00e9rique et Sciences Informatiques (NSI) 2. Droits de l&rsquo;enfantLe D\u00e9fenseur des droits et la Convention Internationale&#8230;<\/p>\n<p> <a class=\"continue-reading-link\" href=\"https:\/\/etab.ac-reunion.fr\/clg-les-mascareignes\/cafe-des-parents-5\/\"><span>Lire la suite<\/span><i class=\"crycon-right-dir\"><\/i><\/a> <\/p>\n","protected":false},"author":11986,"featured_media":11574,"comment_status":"closed","ping_status":"closed","sticky":true,"template":"","format":"standard","meta":{"footnotes":""},"categories":[28,11],"tags":[],"class_list":["post-14400","post","type-post","status-publish","format-standard","has-post-thumbnail","hentry","category-actualites-2","category-parents"],"_links":{"self":[{"href":"https:\/\/etab.ac-reunion.fr\/clg-les-mascareignes\/wp-json\/wp\/v2\/posts\/14400","targetHints":{"allow":["GET"]}}],"collection":[{"href":"https:\/\/etab.ac-reunion.fr\/clg-les-mascareignes\/wp-json\/wp\/v2\/posts"}],"about":[{"href":"https:\/\/etab.ac-reunion.fr\/clg-les-mascareignes\/wp-json\/wp\/v2\/types\/post"}],"author":[{"embeddable":true,"href":"https:\/\/etab.ac-reunion.fr\/clg-les-mascareignes\/wp-json\/wp\/v2\/users\/11986"}],"replies":[{"embeddable":true,"href":"https:\/\/etab.ac-reunion.fr\/clg-les-mascareignes\/wp-json\/wp\/v2\/comments?post=14400"}],"version-history":[{"count":1,"href":"https:\/\/etab.ac-reunion.fr\/clg-les-mascareignes\/wp-json\/wp\/v2\/posts\/14400\/revisions"}],"predecessor-version":[{"id":14405,"href":"https:\/\/etab.ac-reunion.fr\/clg-les-mascareignes\/wp-json\/wp\/v2\/posts\/14400\/revisions\/14405"}],"wp:featuredmedia":[{"embeddable":true,"href":"https:\/\/etab.ac-reunion.fr\/clg-les-mascareignes\/wp-json\/wp\/v2\/media\/11574"}],"wp:attachment":[{"href":"https:\/\/etab.ac-reunion.fr\/clg-les-mascareignes\/wp-json\/wp\/v2\/media?parent=14400"}],"wp:term":[{"taxonomy":"category","embeddable":true,"href":"https:\/\/etab.ac-reunion.fr\/clg-les-mascareignes\/wp-json\/wp\/v2\/categories?post=14400"},{"taxonomy":"post_tag","embeddable":true,"href":"https:\/\/etab.ac-reunion.fr\/clg-les-mascareignes\/wp-json\/wp\/v2\/tags?post=14400"}],"curies":[{"name":"wp","href":"https:\/\/api.w.org\/{rel}","templated":true}]}}