{"id":14408,"date":"2026-04-30T16:37:36","date_gmt":"2026-04-30T12:37:36","guid":{"rendered":"https:\/\/etab.ac-reunion.fr\/clg-les-mascareignes\/?p=14408"},"modified":"2026-04-30T16:38:05","modified_gmt":"2026-04-30T12:38:05","slug":"section-sportive-football","status":"publish","type":"post","link":"https:\/\/etab.ac-reunion.fr\/clg-les-mascareignes\/section-sportive-football\/","title":{"rendered":"Section Sportive Football"},"content":{"rendered":"\n<p>La section sportive football du coll\u00e8ge a obtenu une tr\u00e8s belle troisi\u00e8me place dans la cat\u00e9gorie benjamins lors du championnat acad\u00e9mique !<\/p>\n\n\n\n<p>Les \u00e9ducateurs, leur professeur ainsi que les \u00e9l\u00e8ves sont tr\u00e8s satisfaits de ce r\u00e9sultat, qui vient r\u00e9compenser leur engagement et leur travail tout au long de l\u2019ann\u00e9e.<\/p>\n\n\n\n<p>Ils tiennent \u00e9galement \u00e0 remercier chaleureusement le coll\u00e8ge pour les moyens mis en place et le soutien apport\u00e9, qui contribuent pleinement \u00e0 leur r\u00e9ussite.<\/p>\n\n\n\n<p>En esp\u00e9rant continuer sur cette voie et viser la plus haute marche du podium un jour !<\/p>\n\n\n<div class=\"wp-block-image\">\n<figure class=\"aligncenter size-large\"><img loading=\"lazy\" decoding=\"async\" width=\"1024\" height=\"768\" src=\"https:\/\/etab.ac-reunion.fr\/clg-les-mascareignes\/wp-content\/uploads\/sites\/21\/2026\/04\/IMG_SectionFoot-1024x768.jpeg\" alt=\"\" class=\"wp-image-14409\" srcset=\"https:\/\/etab.ac-reunion.fr\/clg-les-mascareignes\/wp-content\/uploads\/sites\/21\/2026\/04\/IMG_SectionFoot-1024x768.jpeg 1024w, https:\/\/etab.ac-reunion.fr\/clg-les-mascareignes\/wp-content\/uploads\/sites\/21\/2026\/04\/IMG_SectionFoot-300x225.jpeg 300w, https:\/\/etab.ac-reunion.fr\/clg-les-mascareignes\/wp-content\/uploads\/sites\/21\/2026\/04\/IMG_SectionFoot-1536x1152.jpeg 1536w, https:\/\/etab.ac-reunion.fr\/clg-les-mascareignes\/wp-content\/uploads\/sites\/21\/2026\/04\/IMG_SectionFoot-2048x1536.jpeg 2048w, https:\/\/etab.ac-reunion.fr\/clg-les-mascareignes\/wp-content\/uploads\/sites\/21\/2026\/04\/IMG_SectionFoot-150x113.jpeg 150w\" sizes=\"auto, (max-width: 1024px) 100vw, 1024px\" \/><\/figure>\n<\/div>","protected":false},"excerpt":{"rendered":"<p>La section sportive football du coll\u00e8ge a obtenu une tr\u00e8s belle troisi\u00e8me place dans la cat\u00e9gorie benjamins lors du championnat acad\u00e9mique ! Les \u00e9ducateurs, leur professeur ainsi que les \u00e9l\u00e8ves sont tr\u00e8s satisfaits de ce r\u00e9sultat, qui vient r\u00e9compenser leur engagement et leur travail tout au long de l\u2019ann\u00e9e. Ils&#8230;<\/p>\n<p> <a class=\"continue-reading-link\" href=\"https:\/\/etab.ac-reunion.fr\/clg-les-mascareignes\/section-sportive-football\/\"><span>Lire la suite<\/span><i class=\"crycon-right-dir\"><\/i><\/a> <\/p>\n","protected":false},"author":11986,"featured_media":14411,"comment_status":"closed","ping_status":"closed","sticky":true,"template":"","format":"standard","meta":{"footnotes":""},"categories":[28,10,11],"tags":[],"class_list":["post-14408","post","type-post","status-publish","format-standard","has-post-thumbnail","hentry","category-actualites-2","category-eleves","category-parents"],"_links":{"self":[{"href":"https:\/\/etab.ac-reunion.fr\/clg-les-mascareignes\/wp-json\/wp\/v2\/posts\/14408","targetHints":{"allow":["GET"]}}],"collection":[{"href":"https:\/\/etab.ac-reunion.fr\/clg-les-mascareignes\/wp-json\/wp\/v2\/posts"}],"about":[{"href":"https:\/\/etab.ac-reunion.fr\/clg-les-mascareignes\/wp-json\/wp\/v2\/types\/post"}],"author":[{"embeddable":true,"href":"https:\/\/etab.ac-reunion.fr\/clg-les-mascareignes\/wp-json\/wp\/v2\/users\/11986"}],"replies":[{"embeddable":true,"href":"https:\/\/etab.ac-reunion.fr\/clg-les-mascareignes\/wp-json\/wp\/v2\/comments?post=14408"}],"version-history":[{"count":1,"href":"https:\/\/etab.ac-reunion.fr\/clg-les-mascareignes\/wp-json\/wp\/v2\/posts\/14408\/revisions"}],"predecessor-version":[{"id":14410,"href":"https:\/\/etab.ac-reunion.fr\/clg-les-mascareignes\/wp-json\/wp\/v2\/posts\/14408\/revisions\/14410"}],"wp:featuredmedia":[{"embeddable":true,"href":"https:\/\/etab.ac-reunion.fr\/clg-les-mascareignes\/wp-json\/wp\/v2\/media\/14411"}],"wp:attachment":[{"href":"https:\/\/etab.ac-reunion.fr\/clg-les-mascareignes\/wp-json\/wp\/v2\/media?parent=14408"}],"wp:term":[{"taxonomy":"category","embeddable":true,"href":"https:\/\/etab.ac-reunion.fr\/clg-les-mascareignes\/wp-json\/wp\/v2\/categories?post=14408"},{"taxonomy":"post_tag","embeddable":true,"href":"https:\/\/etab.ac-reunion.fr\/clg-les-mascareignes\/wp-json\/wp\/v2\/tags?post=14408"}],"curies":[{"name":"wp","href":"https:\/\/api.w.org\/{rel}","templated":true}]}}