{"id":2073,"date":"2018-11-15T15:21:37","date_gmt":"2018-11-15T11:21:37","guid":{"rendered":"http:\/\/college-ligne-bambous.ac-reunion.fr\/?p=2073"},"modified":"2018-11-15T15:31:26","modified_gmt":"2018-11-15T11:31:26","slug":"deuxieme-edition-du-festival-du-film-de-legalite-dans-notre-college","status":"publish","type":"post","link":"https:\/\/etab.ac-reunion.fr\/clg-ligne-des-bambous\/deuxieme-edition-du-festival-du-film-de-legalite-dans-notre-college\/","title":{"rendered":"Deuxi\u00e8me \u00e9dition du Festival du film de l&rsquo;Egalit\u00e9 dans notre coll\u00e8ge"},"content":{"rendered":"<p style=\"text-align: justify\">Pour la deuxi\u00e8me ann\u00e9e cons\u00e9cutive, nous participons \u00e0 l&rsquo;op\u00e9ration Cin\u00e9toil&rsquo;Egalit\u00e9 \u00e0 l&rsquo;initiative de L&rsquo;agence pour l&rsquo;\u00e9galit\u00e9 des chances entre les femmes et les hommes (<a href=\"http:\/\/www.chancegal.com\/\" target=\"_blank;\">http:\/\/www.chancegal.com\/<\/a>).<br \/>\nDemandez le programme !<\/p>\n<p style=\"text-align: justify\"><strong>En 5\u00e8me&#8230;<\/strong><\/p>\n<p>&nbsp;<\/p>\n<table>\n<tbody>\n<tr>\n<td><img decoding=\"async\" class=\"aligncenter\" src=\"https:\/\/images-na.ssl-images-amazon.com\/images\/I\/51NKNKEDPBL.jpg\" width=\"180\" \/><\/td>\n<\/tr>\n<tr>\n<td style=\"text-align: center\">Bande-annonce du <a href=\"https:\/\/www.youtube.com\/watch?v=v9aGvhJojGA\" target=\"blank;\"><strong>Roi des masques<\/strong><\/a><\/td>\n<\/tr>\n<tr>\n<td><img decoding=\"async\" class=\"aligncenter\" src=\"http:\/\/fr.web.img3.acsta.net\/pictures\/15\/11\/10\/15\/36\/414149.jpg\" width=\"180\" \/><\/td>\n<\/tr>\n<tr>\n<td style=\"text-align: center\">Bande-annonce de <a href=\"https:\/\/www.youtube.com\/watch?v=L_3_E8p1M-k\" target=\"_blank;\"><strong>Tout en haut du monde<\/strong><\/a>&#8230;<\/td>\n<\/tr>\n<tr>\n<td style=\"text-align: center\"><img decoding=\"async\" src=\"https:\/\/www.dvdfr.com\/images\/dvd\/covers\/200x280\/7c9071ea3be2e805160af6f7d7a95c27\/53408\/old-tomboy.0.jpg\" width=\"180\" \/><\/td>\n<\/tr>\n<tr>\n<td style=\"text-align: center\">Bande-annonce de <a href=\"http:\/\/www.allocine.fr\/video\/player_gen_cmedia=19204466&amp;cfilm=188840.html\" target=\"_blank;\"><strong>Tomboy<\/strong><\/a><\/td>\n<\/tr>\n<\/tbody>\n<\/table>\n<p><strong>En 3\u00e8me&#8230;<\/strong><\/p>\n<table>\n<tbody>\n<tr>\n<td style=\"text-align: center\"><img decoding=\"async\" src=\"http:\/\/fr.web.img5.acsta.net\/medias\/nmedia\/18\/35\/27\/85\/18409587.jpg\" width=\"180;\" \/><\/td>\n<td style=\"text-align: center\"><img decoding=\"async\" src=\"https:\/\/m.media-amazon.com\/images\/M\/MV5BNDY3YzA5NjktN2VkYy00MWFkLThjNTMtOGYxNjcwM2ZjZTJkXkEyXkFqcGdeQXVyMjU1MzY0MDU@._V1_UY268_CR3,0,182,268_AL_.jpg\" width=\"180;\" \/><\/td>\n<\/tr>\n<tr>\n<td style=\"text-align: center\"><a href=\"https:\/\/www.youtube.com\/watch?v=WurwJiEdtc8\" target=\"_blank;\"><strong>Bande-annonce de Moolaad\u00e9<\/strong><\/a><\/td>\n<td style=\"text-align: center\"><strong><a href=\"https:\/\/www.harmattantv.com\/videos\/film-%28vod-dvd%29-3649-BESSIE-COLEMAN-PREMIERE-AVIATRICE-NOIRE-DOCUMENTAIRES.html\" target=\"_blank;\">Bessie Coleman. Premi\u00e8re aviatrice noire<\/a><\/strong><\/td>\n<\/tr>\n<tr>\n<td style=\"text-align: center\"><img decoding=\"async\" src=\"http:\/\/www.gallimard-bd.fr\/couv_haute_def\/A63918.jpg\" width=\"180;\" \/><\/td>\n<td style=\"text-align: center\"><img decoding=\"async\" src=\"https:\/\/img3.cdn.cinoche.com\/images\/75b22443bff25780206a7053d8e48abf.jpg\" width=\"180;\" \/><\/td>\n<\/tr>\n<tr>\n<td style=\"text-align: center\"><strong><a href=\"https:\/\/www.youtube.com\/watch?v=VRoqycmDlt0\" target=\"_blank;\">Bande-annonce d&rsquo;Aya de Yopougon<\/a><\/strong><\/td>\n<td style=\"text-align: center\"><a href=\"http:\/\/www.allocine.fr\/video\/player_gen_cmedia=19566596&amp;cfilm=219070.html\" target=\"_blank;\"><strong>Les Figures de l&rsquo;ombre : Bande-annonce<\/strong><\/a><\/td>\n<\/tr>\n<\/tbody>\n<\/table>\n<p>Comme l&rsquo;an dernier, Ces films achet\u00e9s en droits institutionnels par notre \u00e9tablissement pourront \u00eatre visionn\u00e9s par tous les \u00e9l\u00e8ves apr\u00e8s l&rsquo;action Cin\u00e9toil&#8230;<\/p>\n","protected":false},"excerpt":{"rendered":"<p>Pour la deuxi\u00e8me ann\u00e9e cons\u00e9cutive, nous participons \u00e0 l&rsquo;op\u00e9ration Cin\u00e9toil&rsquo;Egalit\u00e9 \u00e0 l&rsquo;initiative de L&rsquo;agence pour l&rsquo;\u00e9galit\u00e9 des chances entre les femmes et les hommes (http:\/\/www.chancegal.com\/). Demandez le programme ! En 5\u00e8me&#8230; &nbsp; Bande-annonce du Roi des masques Bande-annonce de Tout en haut du monde&#8230; Bande-annonce de Tomboy En 3\u00e8me&#8230; Bande-annonce\u2026<\/p>\n<p class=\"continue-reading-button\"> <a class=\"continue-reading-link\" href=\"https:\/\/etab.ac-reunion.fr\/clg-ligne-des-bambous\/deuxieme-edition-du-festival-du-film-de-legalite-dans-notre-college\/\">Pour continuer \u00e0 lire<i class=\"crycon-right-dir\"><\/i><\/a><\/p>\n","protected":false},"author":16631,"featured_media":0,"comment_status":"open","ping_status":"open","sticky":false,"template":"","format":"standard","meta":{"footnotes":""},"categories":[18,26,34],"tags":[],"class_list":["post-2073","post","type-post","status-publish","format-standard","hentry","category-francais","category-les_actus_de_la_vie_scolaire","category-les_actus_du_cdi"],"_links":{"self":[{"href":"https:\/\/etab.ac-reunion.fr\/clg-ligne-des-bambous\/wp-json\/wp\/v2\/posts\/2073","targetHints":{"allow":["GET"]}}],"collection":[{"href":"https:\/\/etab.ac-reunion.fr\/clg-ligne-des-bambous\/wp-json\/wp\/v2\/posts"}],"about":[{"href":"https:\/\/etab.ac-reunion.fr\/clg-ligne-des-bambous\/wp-json\/wp\/v2\/types\/post"}],"author":[{"embeddable":true,"href":"https:\/\/etab.ac-reunion.fr\/clg-ligne-des-bambous\/wp-json\/wp\/v2\/users\/16631"}],"replies":[{"embeddable":true,"href":"https:\/\/etab.ac-reunion.fr\/clg-ligne-des-bambous\/wp-json\/wp\/v2\/comments?post=2073"}],"version-history":[{"count":3,"href":"https:\/\/etab.ac-reunion.fr\/clg-ligne-des-bambous\/wp-json\/wp\/v2\/posts\/2073\/revisions"}],"predecessor-version":[{"id":2076,"href":"https:\/\/etab.ac-reunion.fr\/clg-ligne-des-bambous\/wp-json\/wp\/v2\/posts\/2073\/revisions\/2076"}],"wp:attachment":[{"href":"https:\/\/etab.ac-reunion.fr\/clg-ligne-des-bambous\/wp-json\/wp\/v2\/media?parent=2073"}],"wp:term":[{"taxonomy":"category","embeddable":true,"href":"https:\/\/etab.ac-reunion.fr\/clg-ligne-des-bambous\/wp-json\/wp\/v2\/categories?post=2073"},{"taxonomy":"post_tag","embeddable":true,"href":"https:\/\/etab.ac-reunion.fr\/clg-ligne-des-bambous\/wp-json\/wp\/v2\/tags?post=2073"}],"curies":[{"name":"wp","href":"https:\/\/api.w.org\/{rel}","templated":true}]}}