{"id":2133,"date":"2018-12-06T18:33:57","date_gmt":"2018-12-06T14:33:57","guid":{"rendered":"http:\/\/college-ligne-bambous.ac-reunion.fr\/?p=2133"},"modified":"2018-12-06T18:37:05","modified_gmt":"2018-12-06T14:37:05","slug":"animation-prevention-securite-citoyennete-dans-les-transports","status":"publish","type":"post","link":"https:\/\/etab.ac-reunion.fr\/clg-ligne-des-bambous\/animation-prevention-securite-citoyennete-dans-les-transports\/","title":{"rendered":"Animation Pr\u00e9vention S\u00e9curit\u00e9 Citoyennet\u00e9 dans les transports scolaires"},"content":{"rendered":"<p align=\"JUSTIFY\"><span style=\"font-family: Times New Roman, serif\"><span style=\"font-size: medium\"><i><u><b><a href=\"https:\/\/etab.ac-reunion.fr\/clg-ligne-des-bambous\/wp-content\/uploads\/sites\/107\/2018\/12\/bus.jpg\"><img loading=\"lazy\" decoding=\"async\" class=\"size-medium wp-image-2135 aligncenter\" src=\"https:\/\/etab.ac-reunion.fr\/clg-ligne-des-bambous\/wp-content\/uploads\/sites\/107\/2018\/12\/bus-300x197.jpg\" alt=\"\" width=\"300\" height=\"197\" srcset=\"https:\/\/etab.ac-reunion.fr\/clg-ligne-des-bambous\/wp-content\/uploads\/sites\/107\/2018\/12\/bus-300x197.jpg 300w, https:\/\/etab.ac-reunion.fr\/clg-ligne-des-bambous\/wp-content\/uploads\/sites\/107\/2018\/12\/bus-150x99.jpg 150w, https:\/\/etab.ac-reunion.fr\/clg-ligne-des-bambous\/wp-content\/uploads\/sites\/107\/2018\/12\/bus.jpg 515w\" sizes=\"auto, (max-width: 300px) 100vw, 300px\" \/><\/a><\/b><\/u><\/i><\/span><\/span><\/p>\n<p align=\"JUSTIFY\"><span style=\"font-family: Times New Roman, serif\"><span style=\"font-size: medium\"><i><u><b>Animation propos\u00e9e par la Semittel (Altern\u00e9o) :<\/b><\/u><\/i><\/span><\/span><\/p>\n<p align=\"JUSTIFY\"><span style=\"font-family: Times New Roman, serif\"><span style=\"font-size: medium\">Mardi 2 octobre, quatre classes de 5\u00e8mes ont particip\u00e9 \u00e0 des ateliers concernant\u00a0:<\/span><\/span><\/p>\n<ol>\n<li>\n<p align=\"JUSTIFY\"><span style=\"font-family: Times New Roman, serif\"><span style=\"font-size: medium\">La r\u00e8glementation dans les transports scolaires<\/span><\/span><\/p>\n<\/li>\n<li>\n<p align=\"JUSTIFY\"><span style=\"font-family: Times New Roman, serif\"><span style=\"font-size: medium\">Le comportement des \u00e9l\u00e8ves<\/span><\/span><\/p>\n<\/li>\n<li>\n<p align=\"JUSTIFY\"><span style=\"font-family: Times New Roman, serif\"><span style=\"font-size: medium\">L\u2019exercice d\u2019\u00e9vacuation du car<\/span><\/span><\/p>\n<\/li>\n<\/ol>\n<p align=\"JUSTIFY\"><span style=\"font-family: Times New Roman, serif\"><span style=\"font-size: medium\">A l\u2019issue de l\u2019animation\u00a0: les \u00e9l\u00e8ves sont capables de m\u00e9moriser <\/span><\/span><span style=\"font-family: Times New Roman, serif\"><span style=\"font-size: medium\"><b>les r\u00e8gles de s\u00e9curit\u00e9<\/b><\/span><\/span><span style=\"font-family: Times New Roman, serif\"><span style=\"font-size: medium\"> dans les transports scolaires, identifier <\/span><\/span><span style=\"font-family: Times New Roman, serif\"><span style=\"font-size: medium\"><b>les \u00e9l\u00e9ments de s\u00e9curit\u00e9<\/b><\/span><\/span><span style=\"font-family: Times New Roman, serif\"><span style=\"font-size: medium\">, voyager <\/span><\/span><span style=\"font-family: Times New Roman, serif\"><span style=\"font-size: medium\"><b>en toute s\u00e9curit\u00e9<\/b><\/span><\/span><span style=\"font-family: Times New Roman, serif\"><span style=\"font-size: medium\"> et \u00e9vacuer un car efficacement <\/span><\/span><span style=\"font-family: Times New Roman, serif\"><span style=\"font-size: medium\"><b>en 30 secondes<\/b><\/span><\/span><span style=\"font-family: Times New Roman, serif\"><span style=\"font-size: medium\">.<\/span><\/span><\/p>\n","protected":false},"excerpt":{"rendered":"<p>Animation propos\u00e9e par la Semittel (Altern\u00e9o) : Mardi 2 octobre, quatre classes de 5\u00e8mes ont particip\u00e9 \u00e0 des ateliers concernant\u00a0: La r\u00e8glementation dans les transports scolaires Le comportement des \u00e9l\u00e8ves L\u2019exercice d\u2019\u00e9vacuation du car A l\u2019issue de l\u2019animation\u00a0: les \u00e9l\u00e8ves sont capables de m\u00e9moriser les r\u00e8gles de s\u00e9curit\u00e9 dans les\u2026<\/p>\n<p class=\"continue-reading-button\"> <a class=\"continue-reading-link\" href=\"https:\/\/etab.ac-reunion.fr\/clg-ligne-des-bambous\/animation-prevention-securite-citoyennete-dans-les-transports\/\">Pour continuer \u00e0 lire<i class=\"crycon-right-dir\"><\/i><\/a><\/p>\n","protected":false},"author":19206,"featured_media":2135,"comment_status":"open","ping_status":"open","sticky":false,"template":"","format":"standard","meta":{"footnotes":""},"categories":[26,36,11],"tags":[],"class_list":["post-2133","post","type-post","status-publish","format-standard","has-post-thumbnail","hentry","category-les_actus_de_la_vie_scolaire","category-ressources-eleves","category-ressources_parents"],"_links":{"self":[{"href":"https:\/\/etab.ac-reunion.fr\/clg-ligne-des-bambous\/wp-json\/wp\/v2\/posts\/2133","targetHints":{"allow":["GET"]}}],"collection":[{"href":"https:\/\/etab.ac-reunion.fr\/clg-ligne-des-bambous\/wp-json\/wp\/v2\/posts"}],"about":[{"href":"https:\/\/etab.ac-reunion.fr\/clg-ligne-des-bambous\/wp-json\/wp\/v2\/types\/post"}],"author":[{"embeddable":true,"href":"https:\/\/etab.ac-reunion.fr\/clg-ligne-des-bambous\/wp-json\/wp\/v2\/users\/19206"}],"replies":[{"embeddable":true,"href":"https:\/\/etab.ac-reunion.fr\/clg-ligne-des-bambous\/wp-json\/wp\/v2\/comments?post=2133"}],"version-history":[{"count":5,"href":"https:\/\/etab.ac-reunion.fr\/clg-ligne-des-bambous\/wp-json\/wp\/v2\/posts\/2133\/revisions"}],"predecessor-version":[{"id":2139,"href":"https:\/\/etab.ac-reunion.fr\/clg-ligne-des-bambous\/wp-json\/wp\/v2\/posts\/2133\/revisions\/2139"}],"wp:featuredmedia":[{"embeddable":true,"href":"https:\/\/etab.ac-reunion.fr\/clg-ligne-des-bambous\/wp-json\/wp\/v2\/media\/2135"}],"wp:attachment":[{"href":"https:\/\/etab.ac-reunion.fr\/clg-ligne-des-bambous\/wp-json\/wp\/v2\/media?parent=2133"}],"wp:term":[{"taxonomy":"category","embeddable":true,"href":"https:\/\/etab.ac-reunion.fr\/clg-ligne-des-bambous\/wp-json\/wp\/v2\/categories?post=2133"},{"taxonomy":"post_tag","embeddable":true,"href":"https:\/\/etab.ac-reunion.fr\/clg-ligne-des-bambous\/wp-json\/wp\/v2\/tags?post=2133"}],"curies":[{"name":"wp","href":"https:\/\/api.w.org\/{rel}","templated":true}]}}