{"id":2537,"date":"2019-11-04T09:25:09","date_gmt":"2019-11-04T05:25:09","guid":{"rendered":"http:\/\/college-ligne-bambous.ac-reunion.fr\/?p=2537"},"modified":"2019-11-04T16:56:58","modified_gmt":"2019-11-04T12:56:58","slug":"prix-des-incorruptibles-2019-2020","status":"publish","type":"post","link":"https:\/\/etab.ac-reunion.fr\/clg-ligne-des-bambous\/prix-des-incorruptibles-2019-2020\/","title":{"rendered":"Prix des Incorruptibles 2019\/2020"},"content":{"rendered":"<p style=\"text-align: justify\">Cette ann\u00e9e encore, deux classes de 6e de notre \u00e9tablissement vont participer au <a href=\"https:\/\/www.lesincos.com\/\" target=\"_blank;\" rel=\"noopener noreferrer\">Prix des Incorruptibles<\/a>. Dans le cadre de ce prix litt\u00e9raire organis\u00e9 par l&rsquo;association des Incorruptibles, nos \u00e9l\u00e8ves pourront lire des s\u00e9lections de romans pour la jeunesse et \u00e9lire celui qu&rsquo;ils ont pr\u00e9f\u00e9r\u00e9. Ces romans viendront par la suite enrichir le fonds d&rsquo;oeuvres de fiction de notre CDI.<br \/>\nCette action a pour but d&rsquo;\u00e9veiller et de d\u00e9velopper le go\u00fbt de la lecture chez nos coll\u00e9giens. Un petit coup d&rsquo;oeil sur la s\u00e9lection &#8230;<\/p>\n<table>\n<tbody>\n<tr>\n<td style=\"text-align: justify\" rowspan=\"6\"><em>Ameline : joueuse de fl\u00fbte<\/em> par <a href=\"https:\/\/www.clementinebeauvais.com\/\" target=\"_blank;\" rel=\"noopener noreferrer\">Cl\u00e9mentine Beauvais<\/a> \u00e0 l&rsquo;\u00e9criture et <a href=\"http:\/\/antoinedeprez.com\/\" target=\"_blank;\" rel=\"noopener noreferrer\">Antoine D\u00e9prez<\/a> pour les illustrations : Une variation sur <em>Le joueur de fl\u00fbte de Hamelin<\/em>, une histoire retranscrite par les c\u00e9l\u00e8bres fr\u00e8res Grimm&#8230;<\/p>\n<p><em>Le grand voyage de Figgy<\/em> de <a href=\"https:\/\/www.babelio.com\/auteur\/Tamsin-Janu\/507835\" target=\"_blank;\" rel=\"noopener noreferrer\">Jamsin Janu<\/a> : Au Ghana, une petite fille s&rsquo;en va sur la route en compagnie de sa ch\u00e8vre et d&rsquo;un petit gar\u00e7on qui s&rsquo;est enfui de chez lui, afin de trouver les m\u00e9dicaments qui lui permettront de sauver sa grand-m\u00e8re malade&#8230; Destination&#8230; L&rsquo;Am\u00e9rique du Nord !<\/p>\n<p><em>Ma gorille et moi<\/em> de <a href=\"https:\/\/myriamgallot.wordpress.com\/\" target=\"_blank;\" rel=\"noopener noreferrer\">Myriam Gallot<\/a> : Jeanne, dont les parents vivent au coeur d&rsquo;un zoo, a pour compagnie une jeune gorille qu&rsquo;elle consid\u00e8re comme sa propre soeur. Probl\u00e8me, Mona, tel est son nom, est devenue adulte et doit \u00eatre transf\u00e9r\u00e9e dans un autre zoo, tandis que derri\u00e8re les grilles, des militants de la cause animale r\u00e9clament la libert\u00e9 pour les animaux enferm\u00e9s&#8230;<\/p>\n<p><em>Jefferson<\/em> par <a href=\"https:\/\/www.jcmourlevat.com\/\" target=\"_blank;\" rel=\"noopener noreferrer\">Jean-Claude Mourlevat<\/a> : un roman animalier et policier&#8230; Jefferson le h\u00e9risson se rend chez son coiffeur favori, un blaireau qui tient le salon <em>D\u00e9fini-Tif<\/em>. Mais \u00e0 son arriv\u00e9e dans la boutique, Jefferson d\u00e9couvre le corps sans vie de son coiffeur gisant au milieu d&rsquo;une flaque de sang. Accus\u00e9 \u00e0 tort d&rsquo;\u00eatre le meurtrier, il s&rsquo;enfuit au pays des humains&#8230;<\/p>\n<p><em>Vue sur mer<\/em> de <a href=\"https:\/\/johoestlandt.com\/\" target=\"_blank;\" rel=\"noopener noreferrer\">Jo Hoestlandt<\/a> : Romuald, que sa m\u00e8re \u00e9l\u00e8ve toute seule dans une cit\u00e9 de banlieue, s&rsquo;en va passer les vacances au bord de la mer dans une famille d&rsquo;accueil. D&rsquo;abord r\u00e9ticent \u00e0 l&rsquo;id\u00e9e de s&rsquo;\u00e9loigner de ses amis et de son quartier, il d\u00e9couvre un monde nouveau auquel il prend go\u00fbt&#8230;<\/p>\n<p><em>Le retour de la B\u00eate<\/em> de <a href=\"https:\/\/fr.wikipedia.org\/wiki\/Jean-Luc_Marcastel\" target=\"_blank;\" rel=\"noopener noreferrer\">Jean-Luc Marcastel<\/a>, illustr\u00e9 par <a href=\"https:\/\/www.lamontagne.fr\/aurillac-15000\/loisirs\/en-residence-cecile-brosseau-et-lionel-marty-dessinent-le-processus-creatif_12255664\/\" target=\"_blank;\" rel=\"noopener noreferrer\">C\u00e9cile et Lionel Marty<\/a> : Dans le Cantal, pendant l&rsquo;occupation allemande, un jeune gar\u00e7on tente de sauver son meilleur ami qui a \u00e9t\u00e9 arr\u00eat\u00e9 par les SS parce que Juif, tandis que dans la for\u00eat qui entoure le village, resurgit la B\u00eate de G\u00e9vaudan, un loup monstrueux d\u00e9voreur d&rsquo;enfants&#8230;<\/td>\n<td style=\"text-align: center\"><a href=\"https:\/\/www.babelio.com\/livres\/Beauvais-Ameline--Joueuse-de-flute\/1029380\" target=\"_blank;\" rel=\"noopener noreferrer\"><img decoding=\"async\" src=\"https:\/\/images-eu.ssl-images-amazon.com\/images\/I\/51YR-tn2qwL._SX195_.jpg\" width=\"180\" \/><\/a><\/td>\n<\/tr>\n<tr>\n<td style=\"text-align: center\"><a href=\"https:\/\/www.babelio.com\/livres\/Janu-Le-grand-voyage-de-Figgy\/1081927\" target=\"_blank;\" rel=\"noopener noreferrer\"><img decoding=\"async\" src=\"https:\/\/images-eu.ssl-images-amazon.com\/images\/I\/51YP-RlDERL._SX195_.jpg\" width=\"180\" \/><\/a><\/td>\n<\/tr>\n<tr>\n<td style=\"text-align: center\"><a href=\"https:\/\/www.babelio.com\/livres\/Gallot-Ma-gorille-et-moi\/1055301\" target=\"_blank;\" rel=\"noopener noreferrer\"><img decoding=\"async\" src=\"https:\/\/images-eu.ssl-images-amazon.com\/images\/I\/41PZfOuHKDL._SX195_.jpg\" width=\"180\" \/><\/a><\/td>\n<\/tr>\n<tr>\n<td style=\"text-align: center\"><a href=\"https:\/\/www.babelio.com\/livres\/Mourlevat-Jefferson\/1028354\" target=\"_blank;\" rel=\"noopener noreferrer\"><img decoding=\"async\" src=\"https:\/\/images-eu.ssl-images-amazon.com\/images\/I\/51y68wd-KdL._SX195_.jpg\" width=\"180\" \/><\/a><\/td>\n<\/tr>\n<tr>\n<td style=\"text-align: center\"><a href=\"https:\/\/www.babelio.com\/livres\/Hoestlandt-Vue-sur-mer\/1088920\" target=\"_blank;\" rel=\"noopener noreferrer\"><img decoding=\"async\" src=\"https:\/\/images-eu.ssl-images-amazon.com\/images\/I\/51VdKjVP6kL._SX195_.jpg\" width=\"180\" \/><\/a><\/td>\n<\/tr>\n<tr>\n<td style=\"text-align: center\"><a href=\"https:\/\/www.babelio.com\/livres\/Marcastel-Le-retour-de-la-Bete\/1074888\" target=\"_blank;\" rel=\"noopener noreferrer\"><img decoding=\"async\" src=\"https:\/\/images-eu.ssl-images-amazon.com\/images\/I\/41R4s%2BqFy1L._SX195_.jpg\" width=\"180\" \/><\/a><\/td>\n<\/tr>\n<\/tbody>\n<\/table>\n","protected":false},"excerpt":{"rendered":"<p>Cette ann\u00e9e encore, deux classes de 6e de notre \u00e9tablissement vont participer au Prix des Incorruptibles. Dans le cadre de ce prix litt\u00e9raire organis\u00e9 par l&rsquo;association des Incorruptibles, nos \u00e9l\u00e8ves pourront lire des s\u00e9lections de romans pour la jeunesse et \u00e9lire celui qu&rsquo;ils ont pr\u00e9f\u00e9r\u00e9. Ces romans viendront par la\u2026<\/p>\n<p class=\"continue-reading-button\"> <a class=\"continue-reading-link\" href=\"https:\/\/etab.ac-reunion.fr\/clg-ligne-des-bambous\/prix-des-incorruptibles-2019-2020\/\">Pour continuer \u00e0 lire<i class=\"crycon-right-dir\"><\/i><\/a><\/p>\n","protected":false},"author":16631,"featured_media":0,"comment_status":"closed","ping_status":"open","sticky":false,"template":"","format":"standard","meta":{"footnotes":""},"categories":[18,34],"tags":[],"class_list":["post-2537","post","type-post","status-publish","format-standard","hentry","category-francais","category-les_actus_du_cdi"],"_links":{"self":[{"href":"https:\/\/etab.ac-reunion.fr\/clg-ligne-des-bambous\/wp-json\/wp\/v2\/posts\/2537","targetHints":{"allow":["GET"]}}],"collection":[{"href":"https:\/\/etab.ac-reunion.fr\/clg-ligne-des-bambous\/wp-json\/wp\/v2\/posts"}],"about":[{"href":"https:\/\/etab.ac-reunion.fr\/clg-ligne-des-bambous\/wp-json\/wp\/v2\/types\/post"}],"author":[{"embeddable":true,"href":"https:\/\/etab.ac-reunion.fr\/clg-ligne-des-bambous\/wp-json\/wp\/v2\/users\/16631"}],"replies":[{"embeddable":true,"href":"https:\/\/etab.ac-reunion.fr\/clg-ligne-des-bambous\/wp-json\/wp\/v2\/comments?post=2537"}],"version-history":[{"count":5,"href":"https:\/\/etab.ac-reunion.fr\/clg-ligne-des-bambous\/wp-json\/wp\/v2\/posts\/2537\/revisions"}],"predecessor-version":[{"id":2542,"href":"https:\/\/etab.ac-reunion.fr\/clg-ligne-des-bambous\/wp-json\/wp\/v2\/posts\/2537\/revisions\/2542"}],"wp:attachment":[{"href":"https:\/\/etab.ac-reunion.fr\/clg-ligne-des-bambous\/wp-json\/wp\/v2\/media?parent=2537"}],"wp:term":[{"taxonomy":"category","embeddable":true,"href":"https:\/\/etab.ac-reunion.fr\/clg-ligne-des-bambous\/wp-json\/wp\/v2\/categories?post=2537"},{"taxonomy":"post_tag","embeddable":true,"href":"https:\/\/etab.ac-reunion.fr\/clg-ligne-des-bambous\/wp-json\/wp\/v2\/tags?post=2537"}],"curies":[{"name":"wp","href":"https:\/\/api.w.org\/{rel}","templated":true}]}}