{"id":2783,"date":"2020-05-29T08:38:53","date_gmt":"2020-05-29T04:38:53","guid":{"rendered":"http:\/\/college-ligne-bambous.ac-reunion.fr\/?p=2783"},"modified":"2021-09-17T07:48:11","modified_gmt":"2021-09-17T03:48:11","slug":"rentree-des-eleves-de-4eme-et-de-3eme-le-mardi-2-juin-2020","status":"publish","type":"post","link":"https:\/\/etab.ac-reunion.fr\/clg-ligne-des-bambous\/rentree-des-eleves-de-4eme-et-de-3eme-le-mardi-2-juin-2020\/","title":{"rendered":"Rentr\u00e9e des \u00e9l\u00e8ves de 4\u00e8me et de 3\u00e8me le mardi 2 juin 2020"},"content":{"rendered":"<p>Le coll\u00e8ge sera rouvert aux \u00e9l\u00e8ves de 4<sup>\u00e8me<\/sup>\u00a0et de 3<sup>\u00e8me<\/sup> \u00e0 partir du mardi 2 juin de 6H50 \u00e0 15H25. Les classes seront divis\u00e9es en groupes (A et B) de moins de 15 \u00e9l\u00e8ves. Les noms des \u00e9l\u00e8ves qui composent chaque groupe figurent dans le tableau ci-joint. Les groupes alternent\u00a0 selon l\u2019ordre suivant\u00a0: \u00a0Lundi et mardi les groupes A de 4<sup>\u00e8me<\/sup>\u00a0et 3\u00e8me. Jeudi et vendredi ceux des groupes B des m\u00eames niveaux. Les \u00e9l\u00e8ves de 4<sup>\u00e8me<\/sup>\u00a0et de 3<sup>\u00e8me<\/sup>\u00a0\u00a0n\u2019auront pas cours les mercredis Il y aura cantine uniquement pour les demi-pensionnaires.<\/p>\n<p><a href=\"https:\/\/etab.ac-reunion.fr\/clg-ligne-des-bambous\/wp-content\/uploads\/sites\/107\/2020\/05\/REPRISE_DES_ELEVES_DE_3EME_ET_4EME_LE_2_JUIN_2020-1.pdf\" target=\"_blank;\" rel=\"noopener noreferrer\">Planning de la reprise pour les \u00e9l\u00e8ves de 4e et de 3e<\/a>&#8230;<\/p>\n<p style=\"text-align: justify\">A consulter avant la rentr\u00e9e, les affiches \u00e9dit\u00e9es par le Minist\u00e8re de l&rsquo;Education nationale et de la Jeunesse concernant les r\u00e8gles de protection qui accompagnent le d\u00e9confinement et le retour des \u00e9l\u00e8ves au coll\u00e8ge : les bons gestes \u00e0 adopter face au coronavirus, les r\u00e8gles de circulation dans l&rsquo;\u00e9tablissement scolaire, les r\u00e8gles \u00e0 respecter dans la cour de r\u00e9cr\u00e9ation, les grands principes du nettoyage, comment mettre et porter son masque, etc.<\/p>\n<p><a href=\"https:\/\/etab.ac-reunion.fr\/clg-ligne-des-bambous\/wp-content\/uploads\/sites\/107\/2020\/05\/Kit_g\u00e9n\u00e9rique_affiches_d\u00e9confinement.pdf\" target=\"_blank;\" rel=\"noopener noreferrer\">Kit g\u00e9n\u00e9rique des affiches sur le d\u00e9confinement<\/a> et <a href=\"https:\/\/etab.ac-reunion.fr\/clg-ligne-des-bambous\/wp-content\/uploads\/sites\/107\/2020\/05\/Affiche_d\u00e9confinement_coll\u00e8ge.pdf\" target=\"_blank;\" rel=\"noopener noreferrer\">Affiche sur le d\u00e9confinement au coll\u00e8ge<\/a>&#8230;<\/p>\n<p>Le Principal<\/p>\n","protected":false},"excerpt":{"rendered":"<p>Le coll\u00e8ge sera rouvert aux \u00e9l\u00e8ves de 4\u00e8me\u00a0et de 3\u00e8me \u00e0 partir du mardi 2 juin de 6H50 \u00e0 15H25. Les classes seront divis\u00e9es en groupes (A et B) de moins de 15 \u00e9l\u00e8ves. Les noms des \u00e9l\u00e8ves qui composent chaque groupe figurent dans le tableau ci-joint. Les groupes alternent\u00a0\u2026<\/p>\n<p class=\"continue-reading-button\"> <a class=\"continue-reading-link\" href=\"https:\/\/etab.ac-reunion.fr\/clg-ligne-des-bambous\/rentree-des-eleves-de-4eme-et-de-3eme-le-mardi-2-juin-2020\/\">Pour continuer \u00e0 lire<i class=\"crycon-right-dir\"><\/i><\/a><\/p>\n","protected":false},"author":16631,"featured_media":0,"comment_status":"closed","ping_status":"open","sticky":false,"template":"","format":"standard","meta":{"footnotes":""},"categories":[2,36,11,12],"tags":[],"class_list":["post-2783","post","type-post","status-publish","format-standard","hentry","category-infos-rapides","category-ressources-eleves","category-ressources_parents","category-ressources_professeurs"],"_links":{"self":[{"href":"https:\/\/etab.ac-reunion.fr\/clg-ligne-des-bambous\/wp-json\/wp\/v2\/posts\/2783","targetHints":{"allow":["GET"]}}],"collection":[{"href":"https:\/\/etab.ac-reunion.fr\/clg-ligne-des-bambous\/wp-json\/wp\/v2\/posts"}],"about":[{"href":"https:\/\/etab.ac-reunion.fr\/clg-ligne-des-bambous\/wp-json\/wp\/v2\/types\/post"}],"author":[{"embeddable":true,"href":"https:\/\/etab.ac-reunion.fr\/clg-ligne-des-bambous\/wp-json\/wp\/v2\/users\/16631"}],"replies":[{"embeddable":true,"href":"https:\/\/etab.ac-reunion.fr\/clg-ligne-des-bambous\/wp-json\/wp\/v2\/comments?post=2783"}],"version-history":[{"count":4,"href":"https:\/\/etab.ac-reunion.fr\/clg-ligne-des-bambous\/wp-json\/wp\/v2\/posts\/2783\/revisions"}],"predecessor-version":[{"id":2791,"href":"https:\/\/etab.ac-reunion.fr\/clg-ligne-des-bambous\/wp-json\/wp\/v2\/posts\/2783\/revisions\/2791"}],"wp:attachment":[{"href":"https:\/\/etab.ac-reunion.fr\/clg-ligne-des-bambous\/wp-json\/wp\/v2\/media?parent=2783"}],"wp:term":[{"taxonomy":"category","embeddable":true,"href":"https:\/\/etab.ac-reunion.fr\/clg-ligne-des-bambous\/wp-json\/wp\/v2\/categories?post=2783"},{"taxonomy":"post_tag","embeddable":true,"href":"https:\/\/etab.ac-reunion.fr\/clg-ligne-des-bambous\/wp-json\/wp\/v2\/tags?post=2783"}],"curies":[{"name":"wp","href":"https:\/\/api.w.org\/{rel}","templated":true}]}}