{"id":2788,"date":"2020-05-29T10:16:54","date_gmt":"2020-05-29T06:16:54","guid":{"rendered":"http:\/\/college-ligne-bambous.ac-reunion.fr\/?p=2788"},"modified":"2021-09-17T07:48:11","modified_gmt":"2021-09-17T03:48:11","slug":"nouvelle-heure-daccueil-pour-les-eleves-de-6eme-et-5eme-a-compter-du-2-juin-2020","status":"publish","type":"post","link":"https:\/\/etab.ac-reunion.fr\/clg-ligne-des-bambous\/nouvelle-heure-daccueil-pour-les-eleves-de-6eme-et-5eme-a-compter-du-2-juin-2020\/","title":{"rendered":"Nouvelle heure d&rsquo;accueil pour les \u00e9l\u00e8ves de 6\u00e8me et 5\u00e8me \u00e0 compter du 2 juin 2020"},"content":{"rendered":"<p style=\"font-weight: 400\">Chers parents,<\/p>\n<p style=\"font-weight: 400\">\n<p style=\"font-weight: 400\">Dans le cadre de la reprise des \u00e9l\u00e8ves de 4<sup>\u00e8me<\/sup>\u00a0et de 3<sup>\u00e8me<\/sup><strong>\u00a0les \u00e9l\u00e8ves de 6<sup>\u00e8me<\/sup>\u00a0et de 5<sup>\u00e8me<\/sup>\u00a0seront accueillis \u00e0 8 heures pour un d\u00e9but des cours \u00e0 8H30 \u00e0 compter du Mardi 2 juin 2020\u00a0<\/strong>toujours en classe enti\u00e8re.<\/p>\n<p style=\"font-weight: 400\">\n<p style=\"font-weight: 400\">Le Principal<\/p>\n","protected":false},"excerpt":{"rendered":"<p>Chers parents, Dans le cadre de la reprise des \u00e9l\u00e8ves de 4\u00e8me\u00a0et de 3\u00e8me\u00a0les \u00e9l\u00e8ves de 6\u00e8me\u00a0et de 5\u00e8me\u00a0seront accueillis \u00e0 8 heures pour un d\u00e9but des cours \u00e0 8H30 \u00e0 compter du Mardi 2 juin 2020\u00a0toujours en classe enti\u00e8re. Le Principal<\/p>\n<p class=\"continue-reading-button\"> <a class=\"continue-reading-link\" href=\"https:\/\/etab.ac-reunion.fr\/clg-ligne-des-bambous\/nouvelle-heure-daccueil-pour-les-eleves-de-6eme-et-5eme-a-compter-du-2-juin-2020\/\">Pour continuer \u00e0 lire<i class=\"crycon-right-dir\"><\/i><\/a><\/p>\n","protected":false},"author":16631,"featured_media":0,"comment_status":"closed","ping_status":"open","sticky":false,"template":"","format":"standard","meta":{"footnotes":""},"categories":[36,12],"tags":[],"class_list":["post-2788","post","type-post","status-publish","format-standard","hentry","category-ressources-eleves","category-ressources_professeurs"],"_links":{"self":[{"href":"https:\/\/etab.ac-reunion.fr\/clg-ligne-des-bambous\/wp-json\/wp\/v2\/posts\/2788","targetHints":{"allow":["GET"]}}],"collection":[{"href":"https:\/\/etab.ac-reunion.fr\/clg-ligne-des-bambous\/wp-json\/wp\/v2\/posts"}],"about":[{"href":"https:\/\/etab.ac-reunion.fr\/clg-ligne-des-bambous\/wp-json\/wp\/v2\/types\/post"}],"author":[{"embeddable":true,"href":"https:\/\/etab.ac-reunion.fr\/clg-ligne-des-bambous\/wp-json\/wp\/v2\/users\/16631"}],"replies":[{"embeddable":true,"href":"https:\/\/etab.ac-reunion.fr\/clg-ligne-des-bambous\/wp-json\/wp\/v2\/comments?post=2788"}],"version-history":[{"count":1,"href":"https:\/\/etab.ac-reunion.fr\/clg-ligne-des-bambous\/wp-json\/wp\/v2\/posts\/2788\/revisions"}],"predecessor-version":[{"id":2789,"href":"https:\/\/etab.ac-reunion.fr\/clg-ligne-des-bambous\/wp-json\/wp\/v2\/posts\/2788\/revisions\/2789"}],"wp:attachment":[{"href":"https:\/\/etab.ac-reunion.fr\/clg-ligne-des-bambous\/wp-json\/wp\/v2\/media?parent=2788"}],"wp:term":[{"taxonomy":"category","embeddable":true,"href":"https:\/\/etab.ac-reunion.fr\/clg-ligne-des-bambous\/wp-json\/wp\/v2\/categories?post=2788"},{"taxonomy":"post_tag","embeddable":true,"href":"https:\/\/etab.ac-reunion.fr\/clg-ligne-des-bambous\/wp-json\/wp\/v2\/tags?post=2788"}],"curies":[{"name":"wp","href":"https:\/\/api.w.org\/{rel}","templated":true}]}}