{"id":2836,"date":"2020-06-12T08:01:54","date_gmt":"2020-06-12T04:01:54","guid":{"rendered":"http:\/\/college-ligne-bambous.ac-reunion.fr\/?p=2836"},"modified":"2021-09-17T07:47:09","modified_gmt":"2021-09-17T03:47:09","slug":"inscription-des-eleves-de-6eme","status":"publish","type":"post","link":"https:\/\/etab.ac-reunion.fr\/clg-ligne-des-bambous\/inscription-des-eleves-de-6eme\/","title":{"rendered":"Inscriptions des \u00e9l\u00e8ves de 6\u00e8me"},"content":{"rendered":"<p style=\"text-align: center\"><span style=\"font-size: medium\">Les inscriptions se d\u00e9rouleront selon le calendrier ci-dessous en <strong>salle C003<\/strong> en fonction de l\u2019ordre alphab\u00e9tique\u00a0 :<\/span><\/p>\n<table style=\"height: 418px\" border=\"1\" width=\"779\" cellspacing=\"2\" cellpadding=\"1\">\n<colgroup>\n<col width=\"15\" \/>\n<col width=\"159\" \/>\n<col width=\"173\" \/>\n<col width=\"173\" \/>\n<col width=\"365\" \/> <\/colgroup>\n<tbody>\n<tr valign=\"TOP\">\n<td colspan=\"2\" bgcolor=\"#e6e6e6\" width=\"177\">\n<p align=\"CENTER\">Lundi 22\/06\/20<\/p>\n<\/td>\n<td bgcolor=\"#e6e6e6\" width=\"173\">Mardi 23\/06\/20<\/td>\n<td bgcolor=\"#e6e6e6\" width=\"173\">\n<p align=\"CENTER\">Jeudi 25\/06\/20<\/p>\n<\/td>\n<td bgcolor=\"#e6e6e6\" width=\"365\">Vendredi 26\/06\/20<\/td>\n<\/tr>\n<tr valign=\"TOP\">\n<td bgcolor=\"#e6e6ff\" width=\"15\" height=\"189\"><\/td>\n<td bgcolor=\"#ffffff\" width=\"159\"><span style=\"font-family: Albertus MT, serif\"><span style=\"font-size: medium\">8h-10h : <\/span><\/span><\/p>\n<p><span style=\"font-family: Albertus MT, serif\"><span style=\"font-size: medium\">de A \u00e0 H<\/span><\/span><\/p>\n<p><span style=\"font-family: Albertus MT, serif\"><span style=\"font-size: medium\">10h-12h :<br \/>\n<\/span><\/span><\/p>\n<p><span style=\"font-family: Albertus MT, serif\"><span style=\"font-size: medium\">de I \u00e0 P<\/span><\/span><\/p>\n<p><span style=\"font-family: Albertus MT, serif\"><span style=\"font-size: medium\">13h-15h :<br \/>\n<\/span><\/span><\/p>\n<p><span style=\"font-family: Albertus MT, serif\"><span style=\"font-size: medium\">de Q \u00e0 Z<\/span><\/span><\/p>\n<p><span style=\"font-family: Albertus MT, serif\"><span style=\"font-size: large\">Ecole Leconte de Lisle<\/span><\/span><\/td>\n<td bgcolor=\"#ffffff\" width=\"173\"><span style=\"font-family: Albertus MT, serif\"><span style=\"font-size: medium\">8h-10h :<\/span><\/span><\/p>\n<p><span style=\"font-family: Albertus MT, serif\"><span style=\"font-size: medium\">de A \u00e0 H<\/span><\/span><\/p>\n<p><span style=\"font-family: Albertus MT, serif\"><span style=\"font-size: medium\">10h-12h :<br \/>\n<\/span><\/span><\/p>\n<p><span style=\"font-family: Albertus MT, serif\"><span style=\"font-size: medium\">de I \u00e0 P<\/span><\/span><\/p>\n<p><span style=\"font-family: Albertus MT, serif\"><span style=\"font-size: medium\">13h-15h :<br \/>\n<\/span><\/span><\/p>\n<p><span style=\"font-family: Albertus MT, serif\"><span style=\"font-size: medium\">de Q \u00e0 Z<\/span><\/span><\/p>\n<p><span style=\"font-family: Albertus MT, serif\"><span style=\"font-size: large\">Ecole Ambroise Vollard<\/span><\/span><\/td>\n<td bgcolor=\"#ffffff\" width=\"173\"><span style=\"font-family: Albertus MT, serif\"><span style=\"font-size: medium\">8h-10h : <\/span><\/span><\/p>\n<p><span style=\"font-family: Albertus MT, serif\"><span style=\"font-size: medium\">de A \u00e0 H<\/span><\/span><\/p>\n<p><span style=\"font-family: Albertus MT, serif\"><span style=\"font-size: medium\">10h-12h : <\/span><\/span><\/p>\n<p><span style=\"font-family: Albertus MT, serif\"><span style=\"font-size: medium\">de I \u00e0 P<\/span><\/span><\/p>\n<p><span style=\"font-family: Albertus MT, serif\"><span style=\"font-size: medium\">13h-15h : <\/span><\/span><\/p>\n<p><span style=\"font-family: Albertus MT, serif\"><span style=\"font-size: medium\">de Q \u00e0 Z<\/span><\/span><\/p>\n<p><span style=\"font-family: Albertus MT, serif\"><span style=\"font-size: large\">Ecole Eug\u00e8ne Dayot<\/span><\/span><\/td>\n<td bgcolor=\"#ffffff\" width=\"365\"><span style=\"font-family: Albertus MT, serif\"><span style=\"font-size: medium\">8h-10h :<\/span><\/span><\/p>\n<p><span style=\"font-family: Albertus MT, serif\"><span style=\"font-size: medium\">de A \u00e0 H<\/span><\/span><\/p>\n<p><span style=\"font-family: Albertus MT, serif\"><span style=\"font-size: medium\">10h-12h :<\/span><\/span><\/p>\n<p><span style=\"font-family: Albertus MT, serif\"><span style=\"font-size: medium\">de I \u00e0 P<\/span><\/span><\/p>\n<p><span style=\"font-family: Albertus MT, serif\"><span style=\"font-size: medium\">13h-15h : <\/span><\/span><\/p>\n<p><span style=\"font-family: Albertus MT, serif\"><span style=\"font-size: medium\">de Q \u00e0 Z<\/span><\/span><\/p>\n<p><span style=\"font-family: Albertus MT, serif\"><span style=\"font-size: large\">Autres \u00e9coles*<\/span><\/span><\/td>\n<\/tr>\n<\/tbody>\n<\/table>\n<ul>\n<li style=\"text-align: justify\"><span style=\"font-family: Albertus MT, serif\"><span style=\"font-size: large\">A. Isautier, G. Fourcade, P. Picasso,\u00a0<\/span><\/span><span style=\"font-family: Albertus MT, serif\"><span style=\"font-size: large\">J. Pr\u00e9vert, E. Albius, L. Pasteur,\u00a0<\/span><\/span><span style=\"font-family: Albertus MT, serif\"><span style=\"font-size: large\">R. Barquisseau, L. Geoffroy, J. Moulin,\u00a0<\/span><\/span><span style=\"font-family: Albertus MT, serif\"><span style=\"font-size: large\">A. Lucas, C. Fontaine, J. Jaur\u00e8s,\u00a0<\/span><\/span><span style=\"font-family: Albertus MT, serif\"><span style=\"font-size: large\"><span lang=\"en-US\">J.-P. Sartre, G. Brassens, J. Albany, M. Luther King, Marthe Robin\u2026<\/span><\/span><\/span><\/li>\n<\/ul>\n<p align=\"CENTER\"><span style=\"font-size: x-large\"><b>Tout dossier incomplet sera refus\u00e9<\/b><\/span><\/p>\n<p align=\"CENTER\"><span style=\"font-size: xx-large\"><u><b>PIECES A FOURNIR<\/b><\/u><\/span><\/p>\n<ul>\n<li><span style=\"font-size: medium\">Notification d\u2019affectation<\/span><\/li>\n<\/ul>\n<ul>\n<li><span style=\"font-size: medium\">4 Photos d\u2019identit\u00e9 <\/span><span style=\"font-size: large\"><u>(Nom et Pr\u00e9nom(s) au dos)<\/u><\/span><\/li>\n<li><span style=\"font-size: medium\">Un justificatif d\u2019adresse de moins de 3 mois (Facture d\u2019eau, EDF,\u2026)<\/span><\/li>\n<li><span style=\"font-size: medium\"><u>Photocopie<\/u><\/span><span style=\"font-size: medium\"> du livret de famille<\/span><\/li>\n<li><span style=\"font-size: medium\">3 \u20ac pour l\u2019adh\u00e9sion au FSE (utilisation jeux de soci\u00e9t\u00e9, club \u00e9chec, club danse\u2026)<\/span><\/li>\n<li><span style=\"font-size: medium\">Attestation d\u2019assurance<\/span><\/li>\n<li><span style=\"font-size: medium\">Carnet de sant\u00e9 <\/span><\/li>\n<li><span style=\"font-size: medium\"><u>Photocopie<\/u><\/span><span style=\"font-size: medium\"> des vaccins<\/span><\/li>\n<\/ul>\n","protected":false},"excerpt":{"rendered":"<p>Les inscriptions se d\u00e9rouleront selon le calendrier ci-dessous en salle C003 en fonction de l\u2019ordre alphab\u00e9tique\u00a0 : Lundi 22\/06\/20 Mardi 23\/06\/20 Jeudi 25\/06\/20 Vendredi 26\/06\/20 8h-10h : de A \u00e0 H 10h-12h : de I \u00e0 P 13h-15h : de Q \u00e0 Z Ecole Leconte de Lisle 8h-10h : de\u2026<\/p>\n<p class=\"continue-reading-button\"> <a class=\"continue-reading-link\" href=\"https:\/\/etab.ac-reunion.fr\/clg-ligne-des-bambous\/inscription-des-eleves-de-6eme\/\">Pour continuer \u00e0 lire<i class=\"crycon-right-dir\"><\/i><\/a><\/p>\n","protected":false},"author":16631,"featured_media":0,"comment_status":"closed","ping_status":"open","sticky":false,"template":"","format":"standard","meta":{"footnotes":""},"categories":[2,36,11,12],"tags":[],"class_list":["post-2836","post","type-post","status-publish","format-standard","hentry","category-infos-rapides","category-ressources-eleves","category-ressources_parents","category-ressources_professeurs"],"_links":{"self":[{"href":"https:\/\/etab.ac-reunion.fr\/clg-ligne-des-bambous\/wp-json\/wp\/v2\/posts\/2836","targetHints":{"allow":["GET"]}}],"collection":[{"href":"https:\/\/etab.ac-reunion.fr\/clg-ligne-des-bambous\/wp-json\/wp\/v2\/posts"}],"about":[{"href":"https:\/\/etab.ac-reunion.fr\/clg-ligne-des-bambous\/wp-json\/wp\/v2\/types\/post"}],"author":[{"embeddable":true,"href":"https:\/\/etab.ac-reunion.fr\/clg-ligne-des-bambous\/wp-json\/wp\/v2\/users\/16631"}],"replies":[{"embeddable":true,"href":"https:\/\/etab.ac-reunion.fr\/clg-ligne-des-bambous\/wp-json\/wp\/v2\/comments?post=2836"}],"version-history":[{"count":5,"href":"https:\/\/etab.ac-reunion.fr\/clg-ligne-des-bambous\/wp-json\/wp\/v2\/posts\/2836\/revisions"}],"predecessor-version":[{"id":2843,"href":"https:\/\/etab.ac-reunion.fr\/clg-ligne-des-bambous\/wp-json\/wp\/v2\/posts\/2836\/revisions\/2843"}],"wp:attachment":[{"href":"https:\/\/etab.ac-reunion.fr\/clg-ligne-des-bambous\/wp-json\/wp\/v2\/media?parent=2836"}],"wp:term":[{"taxonomy":"category","embeddable":true,"href":"https:\/\/etab.ac-reunion.fr\/clg-ligne-des-bambous\/wp-json\/wp\/v2\/categories?post=2836"},{"taxonomy":"post_tag","embeddable":true,"href":"https:\/\/etab.ac-reunion.fr\/clg-ligne-des-bambous\/wp-json\/wp\/v2\/tags?post=2836"}],"curies":[{"name":"wp","href":"https:\/\/api.w.org\/{rel}","templated":true}]}}