{"id":2866,"date":"2020-06-27T20:18:17","date_gmt":"2020-06-27T16:18:17","guid":{"rendered":"http:\/\/college-ligne-bambous.ac-reunion.fr\/?p=2866"},"modified":"2021-09-17T07:47:09","modified_gmt":"2021-09-17T03:47:09","slug":"vendredi-3-juillet-journee-banalisee","status":"publish","type":"post","link":"https:\/\/etab.ac-reunion.fr\/clg-ligne-des-bambous\/vendredi-3-juillet-journee-banalisee\/","title":{"rendered":"Vendredi 3 Juillet : journ\u00e9e banalis\u00e9e"},"content":{"rendered":"<p style=\"font-weight: 400;text-align: justify\">Chers parents,<\/p>\n<p style=\"font-weight: 400;text-align: justify\">Afin de permettre aux enseignants et aux personnels de vie scolaire de se concerter sur les modalit\u00e9s, les dispositifs p\u00e9dagogiques et les outils mis en \u0153uvre pendant le confinement, le coll\u00e8ge n\u2019accueillera pas les \u00e9l\u00e8ves le vendredi 3 juillet 2020 dernier jour avant les vacances. Je vous remercie de votre compr\u00e9hension.<\/p>\n<p style=\"font-weight: 400;text-align: justify\">Le Principal<\/p>\n","protected":false},"excerpt":{"rendered":"<p>Chers parents, Afin de permettre aux enseignants et aux personnels de vie scolaire de se concerter sur les modalit\u00e9s, les dispositifs p\u00e9dagogiques et les outils mis en \u0153uvre pendant le confinement, le coll\u00e8ge n\u2019accueillera pas les \u00e9l\u00e8ves le vendredi 3 juillet 2020 dernier jour avant les vacances. Je vous remercie\u2026<\/p>\n<p class=\"continue-reading-button\"> <a class=\"continue-reading-link\" href=\"https:\/\/etab.ac-reunion.fr\/clg-ligne-des-bambous\/vendredi-3-juillet-journee-banalisee\/\">Pour continuer \u00e0 lire<i class=\"crycon-right-dir\"><\/i><\/a><\/p>\n","protected":false},"author":16631,"featured_media":0,"comment_status":"closed","ping_status":"open","sticky":false,"template":"","format":"standard","meta":{"footnotes":""},"categories":[36,11,12],"tags":[],"class_list":["post-2866","post","type-post","status-publish","format-standard","hentry","category-ressources-eleves","category-ressources_parents","category-ressources_professeurs"],"_links":{"self":[{"href":"https:\/\/etab.ac-reunion.fr\/clg-ligne-des-bambous\/wp-json\/wp\/v2\/posts\/2866","targetHints":{"allow":["GET"]}}],"collection":[{"href":"https:\/\/etab.ac-reunion.fr\/clg-ligne-des-bambous\/wp-json\/wp\/v2\/posts"}],"about":[{"href":"https:\/\/etab.ac-reunion.fr\/clg-ligne-des-bambous\/wp-json\/wp\/v2\/types\/post"}],"author":[{"embeddable":true,"href":"https:\/\/etab.ac-reunion.fr\/clg-ligne-des-bambous\/wp-json\/wp\/v2\/users\/16631"}],"replies":[{"embeddable":true,"href":"https:\/\/etab.ac-reunion.fr\/clg-ligne-des-bambous\/wp-json\/wp\/v2\/comments?post=2866"}],"version-history":[{"count":1,"href":"https:\/\/etab.ac-reunion.fr\/clg-ligne-des-bambous\/wp-json\/wp\/v2\/posts\/2866\/revisions"}],"predecessor-version":[{"id":2867,"href":"https:\/\/etab.ac-reunion.fr\/clg-ligne-des-bambous\/wp-json\/wp\/v2\/posts\/2866\/revisions\/2867"}],"wp:attachment":[{"href":"https:\/\/etab.ac-reunion.fr\/clg-ligne-des-bambous\/wp-json\/wp\/v2\/media?parent=2866"}],"wp:term":[{"taxonomy":"category","embeddable":true,"href":"https:\/\/etab.ac-reunion.fr\/clg-ligne-des-bambous\/wp-json\/wp\/v2\/categories?post=2866"},{"taxonomy":"post_tag","embeddable":true,"href":"https:\/\/etab.ac-reunion.fr\/clg-ligne-des-bambous\/wp-json\/wp\/v2\/tags?post=2866"}],"curies":[{"name":"wp","href":"https:\/\/api.w.org\/{rel}","templated":true}]}}