{"id":2969,"date":"2020-11-19T21:33:00","date_gmt":"2020-11-19T17:33:00","guid":{"rendered":"http:\/\/college-ligne-bambous.ac-reunion.fr\/?p=2969"},"modified":"2020-11-20T08:15:04","modified_gmt":"2020-11-20T04:15:04","slug":"semaine-europeenne-de-la-reduction-des-dechets","status":"publish","type":"post","link":"https:\/\/etab.ac-reunion.fr\/clg-ligne-des-bambous\/semaine-europeenne-de-la-reduction-des-dechets\/","title":{"rendered":"Semaine Europ\u00e9enne de la R\u00e9duction des D\u00e9chets"},"content":{"rendered":"<p style=\"text-align: center\"><b>Du lundi 23 au vendredi 27 novembre 2020<\/b><strong>, c\u2019est la Semaine Europ\u00e9enne de la R\u00e9duction des D\u00e9chets (SERD).<\/strong><\/p>\n<p><a href=\"http:\/\/portail.college-lignedesbambous.re\/moodle\"><img loading=\"lazy\" decoding=\"async\" class=\"size-medium wp-image-2972 aligncenter\" src=\"https:\/\/etab.ac-reunion.fr\/clg-ligne-des-bambous\/wp-content\/uploads\/sites\/107\/2020\/11\/SERD-300x161.jpg\" alt=\"\" width=\"300\" height=\"161\" srcset=\"https:\/\/etab.ac-reunion.fr\/clg-ligne-des-bambous\/wp-content\/uploads\/sites\/107\/2020\/11\/SERD-300x161.jpg 300w, https:\/\/etab.ac-reunion.fr\/clg-ligne-des-bambous\/wp-content\/uploads\/sites\/107\/2020\/11\/SERD-1024x550.jpg 1024w, https:\/\/etab.ac-reunion.fr\/clg-ligne-des-bambous\/wp-content\/uploads\/sites\/107\/2020\/11\/SERD-768x412.jpg 768w, https:\/\/etab.ac-reunion.fr\/clg-ligne-des-bambous\/wp-content\/uploads\/sites\/107\/2020\/11\/SERD-150x81.jpg 150w, https:\/\/etab.ac-reunion.fr\/clg-ligne-des-bambous\/wp-content\/uploads\/sites\/107\/2020\/11\/SERD.jpg 1080w\" sizes=\"auto, (max-width: 300px) 100vw, 300px\" \/><\/a><\/p>\n<p><em><strong>Au programme :<\/strong><\/em><\/p>\n<p><span style=\"font-weight: 400\">\u2013 S\u00e9lection de livres sur le th\u00e8me des d\u00e9chets\u00a0 au CDI<\/span><\/p>\n<p><span style=\"font-weight: 400\">\u2013 R\u00e9alisation de recettes-maison de produits d\u2019entretien en cours de Chimie\u00a0<\/span><\/p>\n<p><span style=\"font-weight: 400\">\u2013 Collecte de bouchons en plastique, de capsules, de bouteilles en plastique \u2026 dans des bornes pr\u00e9vues \u00e0 cet effet<\/span><\/p>\n<p><span style=\"font-weight: 400\">\u2013 Intervention de la CIVIS aupr\u00e8s des \u00e9l\u00e8ves de 6\u00e8me<\/span><\/p>\n<p><span style=\"font-weight: 400\">\u2013 Travail autour du documentaire \u201cUne seconde vie pour nos poubelles\u201d avec les \u00e9l\u00e8ves de 5\u00e8me<\/span><\/p>\n<p><span style=\"font-weight: 400\">\u2013 Exposition d\u2019affiches r\u00e9alis\u00e9es par les 6\u00e8me et 4\u00e8me<\/span><\/p>\n<p><span style=\"font-weight: 400\">\u2013 Et de nombreuses ressources en ligne (vid\u00e9os, fiches th\u00e9matiques, quizz, \u2026) sur M\u00e9tice (<\/span><i><span style=\"font-weight: 400\">Se connecter \u00e0 M\u00e9tice \u2192\u00a0 Ouvrir <\/span><\/i><span style=\"font-weight: 400\">Cours en ligne<\/span><i><span style=\"font-weight: 400\"> \u2192 Sciences Physiques et Chimiques \u2192 Semaine Europ\u00e9enne pour la r\u00e9duction des d\u00e9chets)<\/span><\/i><\/p>\n<p><strong>Agissons ensemble pour r\u00e9duire nos d\u00e9chets !<\/strong><\/p>\n<p><a href=\"http:\/\/portail.college-lignedesbambous.re\/moodle\"><img loading=\"lazy\" decoding=\"async\" class=\"alignnone size-medium wp-image-2971\" src=\"https:\/\/etab.ac-reunion.fr\/clg-ligne-des-bambous\/wp-content\/uploads\/sites\/107\/2020\/11\/AGIR_SERD-258x300.jpg\" alt=\"\" width=\"258\" height=\"300\" srcset=\"https:\/\/etab.ac-reunion.fr\/clg-ligne-des-bambous\/wp-content\/uploads\/sites\/107\/2020\/11\/AGIR_SERD-258x300.jpg 258w, https:\/\/etab.ac-reunion.fr\/clg-ligne-des-bambous\/wp-content\/uploads\/sites\/107\/2020\/11\/AGIR_SERD-129x150.jpg 129w, https:\/\/etab.ac-reunion.fr\/clg-ligne-des-bambous\/wp-content\/uploads\/sites\/107\/2020\/11\/AGIR_SERD.jpg 505w\" sizes=\"auto, (max-width: 258px) 100vw, 258px\" \/><\/a><\/p>\n","protected":false},"excerpt":{"rendered":"<p>Du lundi 23 au vendredi 27 novembre 2020, c\u2019est la Semaine Europ\u00e9enne de la R\u00e9duction des D\u00e9chets (SERD). Au programme : \u2013 S\u00e9lection de livres sur le th\u00e8me des d\u00e9chets\u00a0 au CDI \u2013 R\u00e9alisation de recettes-maison de produits d\u2019entretien en cours de Chimie\u00a0 \u2013 Collecte de bouchons en plastique, de\u2026<\/p>\n<p class=\"continue-reading-button\"> <a class=\"continue-reading-link\" href=\"https:\/\/etab.ac-reunion.fr\/clg-ligne-des-bambous\/semaine-europeenne-de-la-reduction-des-dechets\/\">Pour continuer \u00e0 lire<i class=\"crycon-right-dir\"><\/i><\/a><\/p>\n","protected":false},"author":12372,"featured_media":2972,"comment_status":"closed","ping_status":"open","sticky":true,"template":"","format":"standard","meta":{"footnotes":""},"categories":[2,22],"tags":[],"class_list":["post-2969","post","type-post","status-publish","format-standard","has-post-thumbnail","hentry","category-infos-rapides","category-physique"],"_links":{"self":[{"href":"https:\/\/etab.ac-reunion.fr\/clg-ligne-des-bambous\/wp-json\/wp\/v2\/posts\/2969","targetHints":{"allow":["GET"]}}],"collection":[{"href":"https:\/\/etab.ac-reunion.fr\/clg-ligne-des-bambous\/wp-json\/wp\/v2\/posts"}],"about":[{"href":"https:\/\/etab.ac-reunion.fr\/clg-ligne-des-bambous\/wp-json\/wp\/v2\/types\/post"}],"author":[{"embeddable":true,"href":"https:\/\/etab.ac-reunion.fr\/clg-ligne-des-bambous\/wp-json\/wp\/v2\/users\/12372"}],"replies":[{"embeddable":true,"href":"https:\/\/etab.ac-reunion.fr\/clg-ligne-des-bambous\/wp-json\/wp\/v2\/comments?post=2969"}],"version-history":[{"count":5,"href":"https:\/\/etab.ac-reunion.fr\/clg-ligne-des-bambous\/wp-json\/wp\/v2\/posts\/2969\/revisions"}],"predecessor-version":[{"id":2976,"href":"https:\/\/etab.ac-reunion.fr\/clg-ligne-des-bambous\/wp-json\/wp\/v2\/posts\/2969\/revisions\/2976"}],"wp:featuredmedia":[{"embeddable":true,"href":"https:\/\/etab.ac-reunion.fr\/clg-ligne-des-bambous\/wp-json\/wp\/v2\/media\/2972"}],"wp:attachment":[{"href":"https:\/\/etab.ac-reunion.fr\/clg-ligne-des-bambous\/wp-json\/wp\/v2\/media?parent=2969"}],"wp:term":[{"taxonomy":"category","embeddable":true,"href":"https:\/\/etab.ac-reunion.fr\/clg-ligne-des-bambous\/wp-json\/wp\/v2\/categories?post=2969"},{"taxonomy":"post_tag","embeddable":true,"href":"https:\/\/etab.ac-reunion.fr\/clg-ligne-des-bambous\/wp-json\/wp\/v2\/tags?post=2969"}],"curies":[{"name":"wp","href":"https:\/\/api.w.org\/{rel}","templated":true}]}}