{"id":3290,"date":"2021-06-24T11:00:21","date_gmt":"2021-06-24T07:00:21","guid":{"rendered":"http:\/\/college-ligne-bambous.ac-reunion.fr\/?p=3290"},"modified":"2021-07-02T14:03:15","modified_gmt":"2021-07-02T10:03:15","slug":"restitution-des-manuels-scolaires-juin-2021","status":"publish","type":"post","link":"https:\/\/etab.ac-reunion.fr\/clg-ligne-des-bambous\/restitution-des-manuels-scolaires-juin-2021\/","title":{"rendered":"Restitution des manuels scolaires : juin 2021"},"content":{"rendered":"<p align=\"JUSTIFY\"><span style=\"font-size: large\">Les manuels scolaires ainsi que les livres emprunt\u00e9s au cdi qui n\u2019auraient pas \u00e9t\u00e9 encore rendus seront retourn\u00e9s au coll\u00e8ge au CDI selon le planning suivant.\u00a0<\/span><\/p>\n<p align=\"LEFT\"><b>Lundi 21 juin<\/b><\/p>\n<p align=\"LEFT\"><span style=\"font-size: large\">retour des manuels des\u00a0<\/span><strong><span style=\"font-size: large\"><b> 6\u00e8mes <\/b><\/span><\/strong><span style=\"font-family: Times New Roman, serif\"><span style=\"font-size: large\">de 7h30 \u00e0 11h30 et de 13h \u00e0 16h30<\/span><\/span><\/p>\n<p style=\"text-align: center\">*<\/p>\n<p align=\"LEFT\"><b>Mardi 22 juin\u00a0<\/b><\/p>\n<p align=\"LEFT\"><span style=\"font-size: large\">retour des manuels des\u00a0<strong>5\u00e8mes<\/strong>\u00a0de 7h30 \u00e0 11h30 et de 13h \u00e0 15h30<\/span><\/p>\n<p style=\"text-align: center\">*<\/p>\n<p align=\"LEFT\"><b>Jeudi 24 juin\u00a0<\/b><\/p>\n<p align=\"LEFT\"><span style=\"font-size: large\">retour des manuels des\u00a0<strong>4\u00e8mes <\/strong>de 7h30 \u00e0 11h30 et de 13h \u00e0 15h30<\/span><\/p>\n<p style=\"text-align: center\">*<\/p>\n<p align=\"LEFT\"><b>Vendredi 25 juin<\/b><\/p>\n<p align=\"LEFT\"><span style=\"font-size: large\">journ\u00e9e sp\u00e9ciale retardataires !<\/span><\/p>\n<p style=\"text-align: center\">*<\/p>\n<p align=\"LEFT\"><span style=\"font-size: large\"><b>Le lundi 28 juin \u00e0 partir de 8 heures au r\u00e9fectoire (avant la premi\u00e8re \u00e9preuve du brevet) :\u00a0<\/b><\/span><\/p>\n<p align=\"LEFT\"><span style=\"font-size: large\">El\u00e8ves de <strong>3\u00e8me<\/strong><\/span><\/p>\n<p style=\"text-align: center\">*<\/p>\n<p align=\"LEFT\"><strong><span style=\"font-size: large\">Un lien vers la liste des livres distribu\u00e9s par niveau\/classe pour celles et ceux qui auraient oubli\u00e9 ce qu&rsquo;on leur a distribu\u00e9 ! <a href=\"https:\/\/etab.ac-reunion.fr\/clg-ligne-des-bambous\/wp-content\/uploads\/sites\/107\/2021\/06\/manuels_a_rendre_classe_niveau_juin_2021.pdf\" target=\"_blank;\" rel=\"noopener\">manuels_a_rendre_classe_niveau_juin_2021.pdf<\/a>&#8230;<\/span><\/strong><\/p>\n","protected":false},"excerpt":{"rendered":"<p>Les manuels scolaires ainsi que les livres emprunt\u00e9s au cdi qui n\u2019auraient pas \u00e9t\u00e9 encore rendus seront retourn\u00e9s au coll\u00e8ge au CDI selon le planning suivant.\u00a0 Lundi 21 juin retour des manuels des\u00a0 6\u00e8mes de 7h30 \u00e0 11h30 et de 13h \u00e0 16h30 * Mardi 22 juin\u00a0 retour des manuels\u2026<\/p>\n<p class=\"continue-reading-button\"> <a class=\"continue-reading-link\" href=\"https:\/\/etab.ac-reunion.fr\/clg-ligne-des-bambous\/restitution-des-manuels-scolaires-juin-2021\/\">Pour continuer \u00e0 lire<i class=\"crycon-right-dir\"><\/i><\/a><\/p>\n","protected":false},"author":16631,"featured_media":0,"comment_status":"closed","ping_status":"open","sticky":false,"template":"","format":"standard","meta":{"footnotes":""},"categories":[2,36,11,12],"tags":[],"class_list":["post-3290","post","type-post","status-publish","format-standard","hentry","category-infos-rapides","category-ressources-eleves","category-ressources_parents","category-ressources_professeurs"],"_links":{"self":[{"href":"https:\/\/etab.ac-reunion.fr\/clg-ligne-des-bambous\/wp-json\/wp\/v2\/posts\/3290","targetHints":{"allow":["GET"]}}],"collection":[{"href":"https:\/\/etab.ac-reunion.fr\/clg-ligne-des-bambous\/wp-json\/wp\/v2\/posts"}],"about":[{"href":"https:\/\/etab.ac-reunion.fr\/clg-ligne-des-bambous\/wp-json\/wp\/v2\/types\/post"}],"author":[{"embeddable":true,"href":"https:\/\/etab.ac-reunion.fr\/clg-ligne-des-bambous\/wp-json\/wp\/v2\/users\/16631"}],"replies":[{"embeddable":true,"href":"https:\/\/etab.ac-reunion.fr\/clg-ligne-des-bambous\/wp-json\/wp\/v2\/comments?post=3290"}],"version-history":[{"count":11,"href":"https:\/\/etab.ac-reunion.fr\/clg-ligne-des-bambous\/wp-json\/wp\/v2\/posts\/3290\/revisions"}],"predecessor-version":[{"id":3303,"href":"https:\/\/etab.ac-reunion.fr\/clg-ligne-des-bambous\/wp-json\/wp\/v2\/posts\/3290\/revisions\/3303"}],"wp:attachment":[{"href":"https:\/\/etab.ac-reunion.fr\/clg-ligne-des-bambous\/wp-json\/wp\/v2\/media?parent=3290"}],"wp:term":[{"taxonomy":"category","embeddable":true,"href":"https:\/\/etab.ac-reunion.fr\/clg-ligne-des-bambous\/wp-json\/wp\/v2\/categories?post=3290"},{"taxonomy":"post_tag","embeddable":true,"href":"https:\/\/etab.ac-reunion.fr\/clg-ligne-des-bambous\/wp-json\/wp\/v2\/tags?post=3290"}],"curies":[{"name":"wp","href":"https:\/\/api.w.org\/{rel}","templated":true}]}}