{"id":3567,"date":"2021-12-06T09:04:10","date_gmt":"2021-12-06T05:04:10","guid":{"rendered":"http:\/\/college-ligne-bambous.ac-reunion.fr\/?p=3567"},"modified":"2021-12-06T09:04:10","modified_gmt":"2021-12-06T05:04:10","slug":"lundi-6-decembre-le-cafe-des-parents","status":"publish","type":"post","link":"https:\/\/etab.ac-reunion.fr\/clg-ligne-des-bambous\/lundi-6-decembre-le-cafe-des-parents\/","title":{"rendered":"Lundi 6 d\u00e9cembre : le caf\u00e9 des parents"},"content":{"rendered":"<p><img decoding=\"async\" class=\"aligncenter\" src=\"https:\/\/etab.ac-reunion.fr\/clg-ligne-des-bambous\/wp-content\/uploads\/sites\/107\/2020\/11\/bambous.jpg\" width=\"250\" \/><\/p>\n<p>Les repr\u00e9sentants \u00e9lus des parents d\u2019\u00e9l\u00e8ves du coll\u00e8ge de la ligne des bambous vous invite au sein du coll\u00e8ge \u00e0 partager le caf\u00e9 des parents, le lundi 6 d\u00e9cembre de 9h00 \u00e0 11h00.<\/p>\n","protected":false},"excerpt":{"rendered":"<p>Les repr\u00e9sentants \u00e9lus des parents d\u2019\u00e9l\u00e8ves du coll\u00e8ge de la ligne des bambous vous invite au sein du coll\u00e8ge \u00e0 partager le caf\u00e9 des parents, le lundi 6 d\u00e9cembre de 9h00 \u00e0 11h00.<\/p>\n<p class=\"continue-reading-button\"> <a class=\"continue-reading-link\" href=\"https:\/\/etab.ac-reunion.fr\/clg-ligne-des-bambous\/lundi-6-decembre-le-cafe-des-parents\/\">Pour continuer \u00e0 lire<i class=\"crycon-right-dir\"><\/i><\/a><\/p>\n","protected":false},"author":16631,"featured_media":0,"comment_status":"closed","ping_status":"open","sticky":false,"template":"","format":"standard","meta":{"footnotes":""},"categories":[2,53,11],"tags":[],"class_list":["post-3567","post","type-post","status-publish","format-standard","hentry","category-infos-rapides","category-les_actus_du_collectif_parents","category-ressources_parents"],"_links":{"self":[{"href":"https:\/\/etab.ac-reunion.fr\/clg-ligne-des-bambous\/wp-json\/wp\/v2\/posts\/3567","targetHints":{"allow":["GET"]}}],"collection":[{"href":"https:\/\/etab.ac-reunion.fr\/clg-ligne-des-bambous\/wp-json\/wp\/v2\/posts"}],"about":[{"href":"https:\/\/etab.ac-reunion.fr\/clg-ligne-des-bambous\/wp-json\/wp\/v2\/types\/post"}],"author":[{"embeddable":true,"href":"https:\/\/etab.ac-reunion.fr\/clg-ligne-des-bambous\/wp-json\/wp\/v2\/users\/16631"}],"replies":[{"embeddable":true,"href":"https:\/\/etab.ac-reunion.fr\/clg-ligne-des-bambous\/wp-json\/wp\/v2\/comments?post=3567"}],"version-history":[{"count":1,"href":"https:\/\/etab.ac-reunion.fr\/clg-ligne-des-bambous\/wp-json\/wp\/v2\/posts\/3567\/revisions"}],"predecessor-version":[{"id":3568,"href":"https:\/\/etab.ac-reunion.fr\/clg-ligne-des-bambous\/wp-json\/wp\/v2\/posts\/3567\/revisions\/3568"}],"wp:attachment":[{"href":"https:\/\/etab.ac-reunion.fr\/clg-ligne-des-bambous\/wp-json\/wp\/v2\/media?parent=3567"}],"wp:term":[{"taxonomy":"category","embeddable":true,"href":"https:\/\/etab.ac-reunion.fr\/clg-ligne-des-bambous\/wp-json\/wp\/v2\/categories?post=3567"},{"taxonomy":"post_tag","embeddable":true,"href":"https:\/\/etab.ac-reunion.fr\/clg-ligne-des-bambous\/wp-json\/wp\/v2\/tags?post=3567"}],"curies":[{"name":"wp","href":"https:\/\/api.w.org\/{rel}","templated":true}]}}