{"id":3604,"date":"2022-02-16T16:21:45","date_gmt":"2022-02-16T12:21:45","guid":{"rendered":"http:\/\/college-ligne-bambous.ac-reunion.fr\/?p=3604"},"modified":"2022-02-16T19:51:15","modified_gmt":"2022-02-16T15:51:15","slug":"plumier-dor-2022","status":"publish","type":"post","link":"https:\/\/etab.ac-reunion.fr\/clg-ligne-des-bambous\/plumier-dor-2022\/","title":{"rendered":"plumier d&rsquo;or 2022"},"content":{"rendered":"<p><em><strong>Cr\u00e9\u00e9 en 1997, le Plumier d\u2019or est un concours de langue fran\u00e7aise destin\u00e9 aux \u00e9l\u00e8ves de 4<sup>e<\/sup>\u00a0des coll\u00e8ges,<\/strong><\/em><br \/>\n<em><strong>publics et priv\u00e9s, en France et \u00e0 l&rsquo;\u00e9tranger.<\/strong><\/em><br \/>\n<em><strong>Il est organis\u00e9 par D\u00e9fense de la langue fran\u00e7aise \u00e0 l&rsquo;occasion de la Semaine de la Francophonie.<\/strong><\/em><br \/>\n<em><strong>Les laur\u00e9ats re\u00e7oivent leurs prix en mai.<\/strong><\/em><\/p>\n<p><em><strong>Cette ann\u00e9e deux classes de 4\u00e8me du Coll\u00e8ge de la Ligne des Bambous y participeront, demain jeudi 17 f\u00e9vrier .<\/strong><\/em><\/p>\n<p><em><strong>L&rsquo;\u00e9preuve durera une heure trente, pendant lesquelles les \u00e9l\u00e8ves r\u00e9pondront \u00e0 un panel de questions portant aussi bien sur des points de grammaire que sur des points de culture g\u00e9n\u00e9rale, et r\u00e9digeront un texte \u00e9crit sur la base duquel se fera la s\u00e9lection d\u00e9finitive .<\/strong><\/em><\/p>\n<p><em><strong>Et n&rsquo;oublions pas de pr\u00e9ciser que la R\u00e9union a obtenu un r\u00e9gime sp\u00e9cial puisque le concours avait lieu en janvier en m\u00e9tropole , p\u00e9riode \u00e0 laquelle nous \u00e9tions\u00a0 en vacances . Nous pouvons donc remercier monsieur Franck Sudon de nous avoir autoris\u00e9s \u00e0 concourir \u00e0 une date ult\u00e9rieure .<\/strong><\/em><\/p>\n<div align=\"center\"><img loading=\"lazy\" decoding=\"async\" src=\"http:\/\/www.langue-francaise.org\/Img_logomar.jpg\" alt=\"\" width=\"226\" height=\"36\" align=\"absmiddle\" border=\"0\" hspace=\"5\" \/><\/div>\n<p><span style=\"color: #993333\">Le Plumier d\u2019or est parrain\u00e9 par la\u00a0<b>Marine nationale<\/b>\u00a0et de nombreux m\u00e9c\u00e8nes (<i>Albin Michel, Bayard, Les Belles Lettres, Bernard Grasset, Les \u00c9crivains Combattants, les \u00c9ditions du Cherche-Midi, \u00c9ditions First, Editis, Correctif, Fayard, Flammarion, France-Loisirs, Gallimard, Hachette, Interlude, Larousse, Le Robert, M\u00e9gableu, Nathan, Les Presses de la Renaissance, Robert Laffont, \u00c9ditions RSE, \u00c9ditions du Triomphe, XO \u00c9ditions et Waterman<\/i>).<br \/>\nDe plus, la\u00a0<b>Marine nationale<\/b>\u00a0offre un court s\u00e9jour dans une unit\u00e9 de la marine nationale aux dix premiers laur\u00e9ats.<\/span><\/p>\n<p>Souhaitons bonne chance \u00e0 nos \u00e9l\u00e8ves qui plancheront demain matin pendant une heure trente !<\/p>\n","protected":false},"excerpt":{"rendered":"<p>Cr\u00e9\u00e9 en 1997, le Plumier d\u2019or est un concours de langue fran\u00e7aise destin\u00e9 aux \u00e9l\u00e8ves de 4e\u00a0des coll\u00e8ges, publics et priv\u00e9s, en France et \u00e0 l&rsquo;\u00e9tranger. Il est organis\u00e9 par D\u00e9fense de la langue fran\u00e7aise \u00e0 l&rsquo;occasion de la Semaine de la Francophonie. Les laur\u00e9ats re\u00e7oivent leurs prix en mai.\u2026<\/p>\n<p class=\"continue-reading-button\"> <a class=\"continue-reading-link\" href=\"https:\/\/etab.ac-reunion.fr\/clg-ligne-des-bambous\/plumier-dor-2022\/\">Pour continuer \u00e0 lire<i class=\"crycon-right-dir\"><\/i><\/a><\/p>\n","protected":false},"author":17175,"featured_media":0,"comment_status":"closed","ping_status":"open","sticky":false,"template":"","format":"standard","meta":{"footnotes":""},"categories":[18],"tags":[66],"class_list":["post-3604","post","type-post","status-publish","format-standard","hentry","category-francais","tag-concours"],"_links":{"self":[{"href":"https:\/\/etab.ac-reunion.fr\/clg-ligne-des-bambous\/wp-json\/wp\/v2\/posts\/3604","targetHints":{"allow":["GET"]}}],"collection":[{"href":"https:\/\/etab.ac-reunion.fr\/clg-ligne-des-bambous\/wp-json\/wp\/v2\/posts"}],"about":[{"href":"https:\/\/etab.ac-reunion.fr\/clg-ligne-des-bambous\/wp-json\/wp\/v2\/types\/post"}],"author":[{"embeddable":true,"href":"https:\/\/etab.ac-reunion.fr\/clg-ligne-des-bambous\/wp-json\/wp\/v2\/users\/17175"}],"replies":[{"embeddable":true,"href":"https:\/\/etab.ac-reunion.fr\/clg-ligne-des-bambous\/wp-json\/wp\/v2\/comments?post=3604"}],"version-history":[{"count":4,"href":"https:\/\/etab.ac-reunion.fr\/clg-ligne-des-bambous\/wp-json\/wp\/v2\/posts\/3604\/revisions"}],"predecessor-version":[{"id":3608,"href":"https:\/\/etab.ac-reunion.fr\/clg-ligne-des-bambous\/wp-json\/wp\/v2\/posts\/3604\/revisions\/3608"}],"wp:attachment":[{"href":"https:\/\/etab.ac-reunion.fr\/clg-ligne-des-bambous\/wp-json\/wp\/v2\/media?parent=3604"}],"wp:term":[{"taxonomy":"category","embeddable":true,"href":"https:\/\/etab.ac-reunion.fr\/clg-ligne-des-bambous\/wp-json\/wp\/v2\/categories?post=3604"},{"taxonomy":"post_tag","embeddable":true,"href":"https:\/\/etab.ac-reunion.fr\/clg-ligne-des-bambous\/wp-json\/wp\/v2\/tags?post=3604"}],"curies":[{"name":"wp","href":"https:\/\/api.w.org\/{rel}","templated":true}]}}