{"id":4073,"date":"2022-07-16T20:04:27","date_gmt":"2022-07-16T16:04:27","guid":{"rendered":"http:\/\/college-ligne-bambous.ac-reunion.fr\/?p=4073"},"modified":"2022-09-23T11:33:51","modified_gmt":"2022-09-23T07:33:51","slug":"rentree-scolaire-2022-2023","status":"publish","type":"post","link":"https:\/\/etab.ac-reunion.fr\/clg-ligne-des-bambous\/rentree-scolaire-2022-2023\/","title":{"rendered":"RENTREE SCOLAIRE 2022-2023"},"content":{"rendered":"<p><span style=\"color: #3366ff\"><strong><span style=\"text-decoration: underline\">Mardi 16 ao\u00fbt 2022<\/span><\/strong><\/span><\/p>\n<p>7h30: <strong>Rentr\u00e9e des \u00e9l\u00e8ves de 6\u00e8me<\/strong><\/p>\n<p>&#8211; M1-M2: accueil des \u00e9l\u00e8ves par leurs professeurs principaux respectifs.<\/p>\n<p>&#8211; M3: d\u00e9but des cours selon l&rsquo;EDT provisoire toute la journ\u00e9e.<\/p>\n<p>&#8211; 14h30: accueil des parents des \u00e9l\u00e8ves de 6\u00e8me au restaurant scolaire par le principal et son \u00e9quipe rapproch\u00e9e (CPE, Gestionnaire, Infirmi\u00e8res) et les professeurs principaux de 6\u00e8me qui n&rsquo;ont pas cours en S2-S3.<\/p>\n<p><span style=\"color: #3366ff\"><strong><span style=\"text-decoration: underline\">Mercredi 17 ao\u00fbt 2022<\/span><\/strong><\/span><\/p>\n<p>7h30: <strong>Rentr\u00e9e des \u00e9l\u00e8ves de 5\u00e8me, 4\u00e8me, 3\u00e8me.<\/strong><\/p>\n<p>&#8211; M1-M2: accueil des \u00e9l\u00e8ves par leurs professeurs principaux respectifs.<\/p>\n<p>&#8211; M3: d\u00e9but des cours selon l&rsquo;EDT provisoire toute la matin\u00e9e.<\/p>\n<p><span style=\"color: #3366ff\"><strong><span style=\"text-decoration: underline\">Jeudi 18 ao\u00fbt 2022<\/span><\/strong><\/span><\/p>\n<p>&#8211; Cours pour tous les \u00e9l\u00e8ves.<\/p>\n<p>LA CANTINE SERA OUVERTE DES LE MARDI 16 AOUT<\/p>\n","protected":false},"excerpt":{"rendered":"<p>Mardi 16 ao\u00fbt 2022 7h30: Rentr\u00e9e des \u00e9l\u00e8ves de 6\u00e8me &#8211; M1-M2: accueil des \u00e9l\u00e8ves par leurs professeurs principaux respectifs. &#8211; M3: d\u00e9but des cours selon l&rsquo;EDT provisoire toute la journ\u00e9e. &#8211; 14h30: accueil des parents des \u00e9l\u00e8ves de 6\u00e8me au restaurant scolaire par le principal et son \u00e9quipe rapproch\u00e9e\u2026<\/p>\n<p class=\"continue-reading-button\"> <a class=\"continue-reading-link\" href=\"https:\/\/etab.ac-reunion.fr\/clg-ligne-des-bambous\/rentree-scolaire-2022-2023\/\">Pour continuer \u00e0 lire<i class=\"crycon-right-dir\"><\/i><\/a><\/p>\n","protected":false},"author":11925,"featured_media":0,"comment_status":"closed","ping_status":"open","sticky":false,"template":"","format":"standard","meta":{"footnotes":""},"categories":[2],"tags":[],"class_list":["post-4073","post","type-post","status-publish","format-standard","hentry","category-infos-rapides"],"_links":{"self":[{"href":"https:\/\/etab.ac-reunion.fr\/clg-ligne-des-bambous\/wp-json\/wp\/v2\/posts\/4073","targetHints":{"allow":["GET"]}}],"collection":[{"href":"https:\/\/etab.ac-reunion.fr\/clg-ligne-des-bambous\/wp-json\/wp\/v2\/posts"}],"about":[{"href":"https:\/\/etab.ac-reunion.fr\/clg-ligne-des-bambous\/wp-json\/wp\/v2\/types\/post"}],"author":[{"embeddable":true,"href":"https:\/\/etab.ac-reunion.fr\/clg-ligne-des-bambous\/wp-json\/wp\/v2\/users\/11925"}],"replies":[{"embeddable":true,"href":"https:\/\/etab.ac-reunion.fr\/clg-ligne-des-bambous\/wp-json\/wp\/v2\/comments?post=4073"}],"version-history":[{"count":2,"href":"https:\/\/etab.ac-reunion.fr\/clg-ligne-des-bambous\/wp-json\/wp\/v2\/posts\/4073\/revisions"}],"predecessor-version":[{"id":4076,"href":"https:\/\/etab.ac-reunion.fr\/clg-ligne-des-bambous\/wp-json\/wp\/v2\/posts\/4073\/revisions\/4076"}],"wp:attachment":[{"href":"https:\/\/etab.ac-reunion.fr\/clg-ligne-des-bambous\/wp-json\/wp\/v2\/media?parent=4073"}],"wp:term":[{"taxonomy":"category","embeddable":true,"href":"https:\/\/etab.ac-reunion.fr\/clg-ligne-des-bambous\/wp-json\/wp\/v2\/categories?post=4073"},{"taxonomy":"post_tag","embeddable":true,"href":"https:\/\/etab.ac-reunion.fr\/clg-ligne-des-bambous\/wp-json\/wp\/v2\/tags?post=4073"}],"curies":[{"name":"wp","href":"https:\/\/api.w.org\/{rel}","templated":true}]}}