{"id":4099,"date":"2022-09-09T15:46:14","date_gmt":"2022-09-09T11:46:14","guid":{"rendered":"https:\/\/etab.ac-reunion.fr\/clg-ligne-des-bambous\/?p=4099"},"modified":"2022-09-23T11:00:28","modified_gmt":"2022-09-23T07:00:28","slug":"bann-frui-ek-legim-pei-anler-dan-nout-kolez","status":"publish","type":"post","link":"https:\/\/etab.ac-reunion.fr\/clg-ligne-des-bambous\/bann-frui-ek-legim-pei-anler-dan-nout-kolez\/","title":{"rendered":"Bann Frui Ek L\u00e9gim P\u00e9i Anl\u00e8r Dan Nout Kol\u00e8z"},"content":{"rendered":"<p>Grand merci \u00e0 tous ceux qui ont permis une belle r\u00e9alisation de l\u2019op\u00e9ration \u00ab\u00a0Bann Frui Ek L\u00e9gim p\u00e9i Anl\u00e8r dan nout Kol\u00e8z\u00a0\u00bb zordi au CLGLDB.<\/p>\n<p><a href=\"https:\/\/etab.ac-reunion.fr\/clg-ligne-des-bambous\/wp-content\/uploads\/sites\/107\/2022\/09\/PHOTO-2022-09-09-08-32-37-2.jpg\"><img loading=\"lazy\" decoding=\"async\" class=\"alignnone size-medium wp-image-4097\" src=\"https:\/\/etab.ac-reunion.fr\/clg-ligne-des-bambous\/wp-content\/uploads\/sites\/107\/2022\/09\/PHOTO-2022-09-09-08-32-37-2-225x300.jpg\" alt=\"\" width=\"225\" height=\"300\" srcset=\"https:\/\/etab.ac-reunion.fr\/clg-ligne-des-bambous\/wp-content\/uploads\/sites\/107\/2022\/09\/PHOTO-2022-09-09-08-32-37-2-225x300.jpg 225w, https:\/\/etab.ac-reunion.fr\/clg-ligne-des-bambous\/wp-content\/uploads\/sites\/107\/2022\/09\/PHOTO-2022-09-09-08-32-37-2-768x1024.jpg 768w, https:\/\/etab.ac-reunion.fr\/clg-ligne-des-bambous\/wp-content\/uploads\/sites\/107\/2022\/09\/PHOTO-2022-09-09-08-32-37-2-113x150.jpg 113w, https:\/\/etab.ac-reunion.fr\/clg-ligne-des-bambous\/wp-content\/uploads\/sites\/107\/2022\/09\/PHOTO-2022-09-09-08-32-37-2.jpg 960w\" sizes=\"auto, (max-width: 225px) 100vw, 225px\" \/><\/a><\/p>\n<p>4 tonnes de fruits et l\u00e9gumes ont \u00e9t\u00e9 mis en colis par nos \u00e9co-d\u00e9l\u00e9gu\u00e9s, sous un ciel cl\u00e9ment, qui ont fait preuve d\u2019investissement sous l\u2019\u00e9gide des enseignants, de notre gestionnaire, des agents du coll\u00e8ge, du service de la vie scolaire, du conseil d\u00e9partemental, de la chambre d\u2019agriculture et bien s\u00fbr des producteurs venus de Salazie.<\/p>\n<p><a href=\"https:\/\/etab.ac-reunion.fr\/clg-ligne-des-bambous\/wp-content\/uploads\/sites\/107\/2022\/09\/PHOTO-2022-09-09-08-32-41-1.jpg\"><img loading=\"lazy\" decoding=\"async\" class=\"alignnone size-medium wp-image-4096\" src=\"https:\/\/etab.ac-reunion.fr\/clg-ligne-des-bambous\/wp-content\/uploads\/sites\/107\/2022\/09\/PHOTO-2022-09-09-08-32-41-1-225x300.jpg\" alt=\"\" width=\"225\" height=\"300\" srcset=\"https:\/\/etab.ac-reunion.fr\/clg-ligne-des-bambous\/wp-content\/uploads\/sites\/107\/2022\/09\/PHOTO-2022-09-09-08-32-41-1-225x300.jpg 225w, https:\/\/etab.ac-reunion.fr\/clg-ligne-des-bambous\/wp-content\/uploads\/sites\/107\/2022\/09\/PHOTO-2022-09-09-08-32-41-1-768x1024.jpg 768w, https:\/\/etab.ac-reunion.fr\/clg-ligne-des-bambous\/wp-content\/uploads\/sites\/107\/2022\/09\/PHOTO-2022-09-09-08-32-41-1-113x150.jpg 113w, https:\/\/etab.ac-reunion.fr\/clg-ligne-des-bambous\/wp-content\/uploads\/sites\/107\/2022\/09\/PHOTO-2022-09-09-08-32-41-1.jpg 960w\" sizes=\"auto, (max-width: 225px) 100vw, 225px\" \/><\/a><\/p>\n<p>Les \u00e9l\u00e8ves sont partis du coll\u00e8ge avec leur colis respectif et la \u00ab\u00a0banane\u00a0\u00bb et les \u00e9co-d\u00e9l\u00e9gu\u00e9s avec le bonheur des fruits de leurs engagements.<\/p>\n<p><a href=\"https:\/\/etab.ac-reunion.fr\/clg-ligne-des-bambous\/wp-content\/uploads\/sites\/107\/2022\/09\/PHOTO-2022-09-09-08-32-35-3.jpg\"><img loading=\"lazy\" decoding=\"async\" class=\"alignnone size-medium wp-image-4098\" src=\"https:\/\/etab.ac-reunion.fr\/clg-ligne-des-bambous\/wp-content\/uploads\/sites\/107\/2022\/09\/PHOTO-2022-09-09-08-32-35-3-225x300.jpg\" alt=\"\" width=\"225\" height=\"300\" srcset=\"https:\/\/etab.ac-reunion.fr\/clg-ligne-des-bambous\/wp-content\/uploads\/sites\/107\/2022\/09\/PHOTO-2022-09-09-08-32-35-3-225x300.jpg 225w, https:\/\/etab.ac-reunion.fr\/clg-ligne-des-bambous\/wp-content\/uploads\/sites\/107\/2022\/09\/PHOTO-2022-09-09-08-32-35-3-768x1024.jpg 768w, https:\/\/etab.ac-reunion.fr\/clg-ligne-des-bambous\/wp-content\/uploads\/sites\/107\/2022\/09\/PHOTO-2022-09-09-08-32-35-3-113x150.jpg 113w, https:\/\/etab.ac-reunion.fr\/clg-ligne-des-bambous\/wp-content\/uploads\/sites\/107\/2022\/09\/PHOTO-2022-09-09-08-32-35-3.jpg 960w\" sizes=\"auto, (max-width: 225px) 100vw, 225px\" \/><\/a><\/p>\n<p style=\"text-align: justify\">Avant la distribution des colis aux \u00e9l\u00e8ves, nos \u00e9co-d\u00e9l\u00e9gu\u00e9s ont pu visiter avec leurs professeurs une exploitation agricole le vendredi 2 septembre 2022.\u00a0Pour les enseignants c\u2019\u00e9tait l\u2019occasion de rappeler aux \u00e9l\u00e8ves, dans leurs cours,\u00a0 les bienfaits des fruits et l\u00e9gumes pour la sant\u00e9 et d\u2019\u00e9voquer avec eux l\u2019appellation \u00ab\u00a0produits pays\u00a0\u00bb et l\u2019impact de l\u2019agriculture sur l\u2019\u00e9conomie locale.<\/p>\n<p>M. TECHER<\/p>\n<p>Principal du Coll\u00e8ge de la ligne des bambous<\/p>\n","protected":false},"excerpt":{"rendered":"<p>Grand merci \u00e0 tous ceux qui ont permis une belle r\u00e9alisation de l\u2019op\u00e9ration \u00ab\u00a0Bann Frui Ek L\u00e9gim p\u00e9i Anl\u00e8r dan nout Kol\u00e8z\u00a0\u00bb zordi au CLGLDB. 4 tonnes de fruits et l\u00e9gumes ont \u00e9t\u00e9 mis en colis par nos \u00e9co-d\u00e9l\u00e9gu\u00e9s, sous un ciel cl\u00e9ment, qui ont fait preuve d\u2019investissement sous l\u2019\u00e9gide\u2026<\/p>\n<p class=\"continue-reading-button\"> <a class=\"continue-reading-link\" href=\"https:\/\/etab.ac-reunion.fr\/clg-ligne-des-bambous\/bann-frui-ek-legim-pei-anler-dan-nout-kolez\/\">Pour continuer \u00e0 lire<i class=\"crycon-right-dir\"><\/i><\/a><\/p>\n","protected":false},"author":11925,"featured_media":0,"comment_status":"closed","ping_status":"open","sticky":true,"template":"","format":"standard","meta":{"footnotes":""},"categories":[2],"tags":[],"class_list":["post-4099","post","type-post","status-publish","format-standard","hentry","category-infos-rapides"],"_links":{"self":[{"href":"https:\/\/etab.ac-reunion.fr\/clg-ligne-des-bambous\/wp-json\/wp\/v2\/posts\/4099","targetHints":{"allow":["GET"]}}],"collection":[{"href":"https:\/\/etab.ac-reunion.fr\/clg-ligne-des-bambous\/wp-json\/wp\/v2\/posts"}],"about":[{"href":"https:\/\/etab.ac-reunion.fr\/clg-ligne-des-bambous\/wp-json\/wp\/v2\/types\/post"}],"author":[{"embeddable":true,"href":"https:\/\/etab.ac-reunion.fr\/clg-ligne-des-bambous\/wp-json\/wp\/v2\/users\/11925"}],"replies":[{"embeddable":true,"href":"https:\/\/etab.ac-reunion.fr\/clg-ligne-des-bambous\/wp-json\/wp\/v2\/comments?post=4099"}],"version-history":[{"count":6,"href":"https:\/\/etab.ac-reunion.fr\/clg-ligne-des-bambous\/wp-json\/wp\/v2\/posts\/4099\/revisions"}],"predecessor-version":[{"id":4105,"href":"https:\/\/etab.ac-reunion.fr\/clg-ligne-des-bambous\/wp-json\/wp\/v2\/posts\/4099\/revisions\/4105"}],"wp:attachment":[{"href":"https:\/\/etab.ac-reunion.fr\/clg-ligne-des-bambous\/wp-json\/wp\/v2\/media?parent=4099"}],"wp:term":[{"taxonomy":"category","embeddable":true,"href":"https:\/\/etab.ac-reunion.fr\/clg-ligne-des-bambous\/wp-json\/wp\/v2\/categories?post=4099"},{"taxonomy":"post_tag","embeddable":true,"href":"https:\/\/etab.ac-reunion.fr\/clg-ligne-des-bambous\/wp-json\/wp\/v2\/tags?post=4099"}],"curies":[{"name":"wp","href":"https:\/\/api.w.org\/{rel}","templated":true}]}}