{"id":4349,"date":"2023-05-01T11:23:37","date_gmt":"2023-05-01T07:23:37","guid":{"rendered":"https:\/\/etab.ac-reunion.fr\/clg-ligne-des-bambous\/?p=4349"},"modified":"2023-05-01T11:24:06","modified_gmt":"2023-05-01T07:24:06","slug":"une-eleve-de-la-ligne-des-bambous-laureate-du-plumier-dor","status":"publish","type":"post","link":"https:\/\/etab.ac-reunion.fr\/clg-ligne-des-bambous\/une-eleve-de-la-ligne-des-bambous-laureate-du-plumier-dor\/","title":{"rendered":"Une \u00e9l\u00e8ve de la Ligne des Bambous laur\u00e9ate du Plumier d&rsquo;Or"},"content":{"rendered":"<p>Une de nos \u00e9l\u00e8ves est en effet laur\u00e9ate de ce concours organis\u00e9 , pour les \u00e9l\u00e8ves de 4\u00e8me, sous l&rsquo;\u00e9gide de la Marine Nationale, et de l&rsquo;association \u00ab\u00a0D\u00e9fense de la Langue Fran\u00e7aise\u00a0\u00bb .<\/p>\n<p>Attendus dans l&rsquo;amphith\u00e9\u00e2tre Foch de l&rsquo;Ecole Militaire de Paris le mercredi 10 mai prochain, les 60 \u00e9l\u00e8ves s\u00e9lectionn\u00e9s ( sur 22000 candidats) se verront remettre leurs prix \u00e0 partir de 15heures . Malheureusement, notre \u00e9loignement emp\u00eachera que notre \u00e9l\u00e8ve puisse se rendre \u00e0 Paris pour la circonstance .<\/p>\n<p>Nous mettons tout en oeuvre pour qu&rsquo;elle soit dignement r\u00e9compens\u00e9e, sur l&rsquo;\u00eele de la R\u00e9union, en partenariat avec la Marine Nationale&#8230;le prix sera donc\u00a0 d\u00e9voil\u00e9 d\u00e8s que nous en saurons plus .<\/p>\n","protected":false},"excerpt":{"rendered":"<p>Une de nos \u00e9l\u00e8ves est en effet laur\u00e9ate de ce concours organis\u00e9 , pour les \u00e9l\u00e8ves de 4\u00e8me, sous l&rsquo;\u00e9gide de la Marine Nationale, et de l&rsquo;association \u00ab\u00a0D\u00e9fense de la Langue Fran\u00e7aise\u00a0\u00bb . Attendus dans l&rsquo;amphith\u00e9\u00e2tre Foch de l&rsquo;Ecole Militaire de Paris le mercredi 10 mai prochain, les 60 \u00e9l\u00e8ves\u2026<\/p>\n<p class=\"continue-reading-button\"> <a class=\"continue-reading-link\" href=\"https:\/\/etab.ac-reunion.fr\/clg-ligne-des-bambous\/une-eleve-de-la-ligne-des-bambous-laureate-du-plumier-dor\/\">Pour continuer \u00e0 lire<i class=\"crycon-right-dir\"><\/i><\/a><\/p>\n","protected":false},"author":17175,"featured_media":0,"comment_status":"closed","ping_status":"open","sticky":true,"template":"","format":"standard","meta":{"footnotes":""},"categories":[18,2],"tags":[],"class_list":["post-4349","post","type-post","status-publish","format-standard","hentry","category-francais","category-infos-rapides"],"_links":{"self":[{"href":"https:\/\/etab.ac-reunion.fr\/clg-ligne-des-bambous\/wp-json\/wp\/v2\/posts\/4349","targetHints":{"allow":["GET"]}}],"collection":[{"href":"https:\/\/etab.ac-reunion.fr\/clg-ligne-des-bambous\/wp-json\/wp\/v2\/posts"}],"about":[{"href":"https:\/\/etab.ac-reunion.fr\/clg-ligne-des-bambous\/wp-json\/wp\/v2\/types\/post"}],"author":[{"embeddable":true,"href":"https:\/\/etab.ac-reunion.fr\/clg-ligne-des-bambous\/wp-json\/wp\/v2\/users\/17175"}],"replies":[{"embeddable":true,"href":"https:\/\/etab.ac-reunion.fr\/clg-ligne-des-bambous\/wp-json\/wp\/v2\/comments?post=4349"}],"version-history":[{"count":2,"href":"https:\/\/etab.ac-reunion.fr\/clg-ligne-des-bambous\/wp-json\/wp\/v2\/posts\/4349\/revisions"}],"predecessor-version":[{"id":4351,"href":"https:\/\/etab.ac-reunion.fr\/clg-ligne-des-bambous\/wp-json\/wp\/v2\/posts\/4349\/revisions\/4351"}],"wp:attachment":[{"href":"https:\/\/etab.ac-reunion.fr\/clg-ligne-des-bambous\/wp-json\/wp\/v2\/media?parent=4349"}],"wp:term":[{"taxonomy":"category","embeddable":true,"href":"https:\/\/etab.ac-reunion.fr\/clg-ligne-des-bambous\/wp-json\/wp\/v2\/categories?post=4349"},{"taxonomy":"post_tag","embeddable":true,"href":"https:\/\/etab.ac-reunion.fr\/clg-ligne-des-bambous\/wp-json\/wp\/v2\/tags?post=4349"}],"curies":[{"name":"wp","href":"https:\/\/api.w.org\/{rel}","templated":true}]}}