{"id":4415,"date":"2023-11-09T06:20:23","date_gmt":"2023-11-09T02:20:23","guid":{"rendered":"https:\/\/etab.ac-reunion.fr\/clg-ligne-des-bambous\/?p=4415"},"modified":"2023-11-10T06:25:06","modified_gmt":"2023-11-10T02:25:06","slug":"court-metrage-nou-caution-pa","status":"publish","type":"post","link":"https:\/\/etab.ac-reunion.fr\/clg-ligne-des-bambous\/court-metrage-nou-caution-pa\/","title":{"rendered":"Court m\u00e9trage #Nou caution&rsquo; pa"},"content":{"rendered":"<p><a href=\"https:\/\/etab.ac-reunion.fr\/clg-ligne-des-bambous\/wp-content\/uploads\/sites\/107\/2023\/11\/Noucautionpa.png\"><img loading=\"lazy\" decoding=\"async\" class=\"aligncenter size-medium wp-image-4416\" src=\"https:\/\/etab.ac-reunion.fr\/clg-ligne-des-bambous\/wp-content\/uploads\/sites\/107\/2023\/11\/Noucautionpa-300x212.png\" alt=\"\" width=\"300\" height=\"212\" srcset=\"https:\/\/etab.ac-reunion.fr\/clg-ligne-des-bambous\/wp-content\/uploads\/sites\/107\/2023\/11\/Noucautionpa-300x212.png 300w, https:\/\/etab.ac-reunion.fr\/clg-ligne-des-bambous\/wp-content\/uploads\/sites\/107\/2023\/11\/Noucautionpa-1024x724.png 1024w, https:\/\/etab.ac-reunion.fr\/clg-ligne-des-bambous\/wp-content\/uploads\/sites\/107\/2023\/11\/Noucautionpa-768x543.png 768w, https:\/\/etab.ac-reunion.fr\/clg-ligne-des-bambous\/wp-content\/uploads\/sites\/107\/2023\/11\/Noucautionpa-1536x1086.png 1536w, https:\/\/etab.ac-reunion.fr\/clg-ligne-des-bambous\/wp-content\/uploads\/sites\/107\/2023\/11\/Noucautionpa-150x106.png 150w, https:\/\/etab.ac-reunion.fr\/clg-ligne-des-bambous\/wp-content\/uploads\/sites\/107\/2023\/11\/Noucautionpa.png 2000w\" sizes=\"auto, (max-width: 300px) 100vw, 300px\" \/><\/a><\/p>\n<p>En cette journ\u00e9e nationale de lutte contre le harc\u00e8lement scolaire, nous vous partageons un court m\u00e9trage r\u00e9alis\u00e9 par les \u00e9l\u00e8ves du CVC, avec l&rsquo;aide des CPE et de leur professeure Mme Hoarau.<\/p>\n<p>Ce petit film a \u00e9t\u00e9 r\u00e9alis\u00e9 , il y a deux ans, mais nous n&rsquo;avions pas encore pris le temps de le finaliser et de le partager.<\/p>\n<p>Il a pour but de sensibiliser les \u00e9l\u00e8ves \u00e0 la question du harc\u00e8lement scolaire, en mettant l&rsquo;accent sur les t\u00e9moins passifs, d&rsquo;o\u00f9 le nom du projet #Nou caution&rsquo; pa<\/p>\n<p>Un grand merci \u00e0 tous les \u00e9l\u00e8ves impliqu\u00e9s dans ce projet !<\/p>\n<p>Ci dessous, les liens pour visionner la vid\u00e9o et le b\u00eatisier.<br \/>\nLien vers la vid\u00e9o : <a href=\"https:\/\/drive.google.com\/file\/d\/1PDXymsAjOui1s8-Is2JtXNVMCtsyGD-0\/view?usp=sharing\">Film #Nou caution&rsquo; pa<\/a><br \/>\nLien vers le b\u00eatisier : \u00a0<a href=\"https:\/\/drive.google.com\/file\/d\/14j3r-hzxlT17FYTpqXOPYckYe6RSaaod\/view?usp=sharing\">B\u00eatisier<\/a><\/p>\n<p>Bon visionnage<\/p>\n","protected":false},"excerpt":{"rendered":"<p>En cette journ\u00e9e nationale de lutte contre le harc\u00e8lement scolaire, nous vous partageons un court m\u00e9trage r\u00e9alis\u00e9 par les \u00e9l\u00e8ves du CVC, avec l&rsquo;aide des CPE et de leur professeure Mme Hoarau. Ce petit film a \u00e9t\u00e9 r\u00e9alis\u00e9 , il y a deux ans, mais nous n&rsquo;avions pas encore pris\u2026<\/p>\n<p class=\"continue-reading-button\"> <a class=\"continue-reading-link\" href=\"https:\/\/etab.ac-reunion.fr\/clg-ligne-des-bambous\/court-metrage-nou-caution-pa\/\">Pour continuer \u00e0 lire<i class=\"crycon-right-dir\"><\/i><\/a><\/p>\n","protected":false},"author":21581,"featured_media":4416,"comment_status":"closed","ping_status":"open","sticky":true,"template":"","format":"standard","meta":{"footnotes":""},"categories":[2],"tags":[99,98,100],"class_list":["post-4415","post","type-post","status-publish","format-standard","has-post-thumbnail","hentry","category-infos-rapides","tag-cvc","tag-lutte-contre-le-harcelement-scolaire","tag-programme-phare"],"_links":{"self":[{"href":"https:\/\/etab.ac-reunion.fr\/clg-ligne-des-bambous\/wp-json\/wp\/v2\/posts\/4415","targetHints":{"allow":["GET"]}}],"collection":[{"href":"https:\/\/etab.ac-reunion.fr\/clg-ligne-des-bambous\/wp-json\/wp\/v2\/posts"}],"about":[{"href":"https:\/\/etab.ac-reunion.fr\/clg-ligne-des-bambous\/wp-json\/wp\/v2\/types\/post"}],"author":[{"embeddable":true,"href":"https:\/\/etab.ac-reunion.fr\/clg-ligne-des-bambous\/wp-json\/wp\/v2\/users\/21581"}],"replies":[{"embeddable":true,"href":"https:\/\/etab.ac-reunion.fr\/clg-ligne-des-bambous\/wp-json\/wp\/v2\/comments?post=4415"}],"version-history":[{"count":6,"href":"https:\/\/etab.ac-reunion.fr\/clg-ligne-des-bambous\/wp-json\/wp\/v2\/posts\/4415\/revisions"}],"predecessor-version":[{"id":4423,"href":"https:\/\/etab.ac-reunion.fr\/clg-ligne-des-bambous\/wp-json\/wp\/v2\/posts\/4415\/revisions\/4423"}],"wp:featuredmedia":[{"embeddable":true,"href":"https:\/\/etab.ac-reunion.fr\/clg-ligne-des-bambous\/wp-json\/wp\/v2\/media\/4416"}],"wp:attachment":[{"href":"https:\/\/etab.ac-reunion.fr\/clg-ligne-des-bambous\/wp-json\/wp\/v2\/media?parent=4415"}],"wp:term":[{"taxonomy":"category","embeddable":true,"href":"https:\/\/etab.ac-reunion.fr\/clg-ligne-des-bambous\/wp-json\/wp\/v2\/categories?post=4415"},{"taxonomy":"post_tag","embeddable":true,"href":"https:\/\/etab.ac-reunion.fr\/clg-ligne-des-bambous\/wp-json\/wp\/v2\/tags?post=4415"}],"curies":[{"name":"wp","href":"https:\/\/api.w.org\/{rel}","templated":true}]}}