{"id":4596,"date":"2024-08-12T09:30:23","date_gmt":"2024-08-12T05:30:23","guid":{"rendered":"https:\/\/etab.ac-reunion.fr\/clg-ligne-des-bambous\/?p=4596"},"modified":"2024-08-12T09:31:29","modified_gmt":"2024-08-12T05:31:29","slug":"rentree-scolaire-2024-2025","status":"publish","type":"post","link":"https:\/\/etab.ac-reunion.fr\/clg-ligne-des-bambous\/rentree-scolaire-2024-2025\/","title":{"rendered":"RENTREE SCOLAIRE 2024 &#8211; 2025"},"content":{"rendered":"<p><strong>Lundi 19 ao\u00fbt 2024:<\/strong><\/p>\n<p>7h30: <strong>Rentr\u00e9e des \u00e9l\u00e8ves de 6\u00e8me<\/strong><\/p>\n<p>&#8211; M1-M3: accueil des \u00e9l\u00e8ves par leurs professeurs principaux respectifs<\/p>\n<p>&#8211; M4: d\u00e9but des cours selon l&rsquo;EDT provisoire toute la journ\u00e9e.<\/p>\n<p>&#8211; 14h30: acceuil des parents d&rsquo;\u00e9l\u00e8ves de 6\u00e8me au restaurant scolaire par le principal et son \u00e9quipe rapproch\u00e9e (CPE, Gestionnaire, Infirmi\u00e8res) et les professeurs principaux de 6\u00e8me qui n&rsquo;ont pas cours en S2-S3.<\/p>\n<p><strong>Mardi 20 ao\u00fbt 2024:<\/strong><\/p>\n<p>7h30: <strong>Rentr\u00e9e des \u00e9l\u00e8ves de 5\u00e8me, 4\u00e8me et 3\u00e8me.<\/strong><\/p>\n<p>&#8211; M1-M2: accueil des \u00e9l\u00e8ves par leurs professeurs principaux respectifs<\/p>\n<p>&#8211; M3: d\u00e9but des cours selon l&rsquo;EDT provisoire toute la journ\u00e9e.<\/p>\n<p><strong>Mercredi 21 ao\u00fbt 2024:<\/strong><\/p>\n<p>&#8211; Cours pour tous les \u00e9l\u00e8ves.<\/p>\n<p><strong>LA CANTINE SERA OUVERTE DES LE LUNDI\u00a0 19AOUT 2024.<\/strong><\/p>\n","protected":false},"excerpt":{"rendered":"<p>Lundi 19 ao\u00fbt 2024: 7h30: Rentr\u00e9e des \u00e9l\u00e8ves de 6\u00e8me &#8211; M1-M3: accueil des \u00e9l\u00e8ves par leurs professeurs principaux respectifs &#8211; M4: d\u00e9but des cours selon l&rsquo;EDT provisoire toute la journ\u00e9e. &#8211; 14h30: acceuil des parents d&rsquo;\u00e9l\u00e8ves de 6\u00e8me au restaurant scolaire par le principal et son \u00e9quipe rapproch\u00e9e (CPE,\u2026<\/p>\n<p class=\"continue-reading-button\"> <a class=\"continue-reading-link\" href=\"https:\/\/etab.ac-reunion.fr\/clg-ligne-des-bambous\/rentree-scolaire-2024-2025\/\">Pour continuer \u00e0 lire<i class=\"crycon-right-dir\"><\/i><\/a><\/p>\n","protected":false},"author":11925,"featured_media":0,"comment_status":"closed","ping_status":"open","sticky":true,"template":"","format":"standard","meta":{"footnotes":""},"categories":[2],"tags":[],"class_list":["post-4596","post","type-post","status-publish","format-standard","hentry","category-infos-rapides"],"_links":{"self":[{"href":"https:\/\/etab.ac-reunion.fr\/clg-ligne-des-bambous\/wp-json\/wp\/v2\/posts\/4596","targetHints":{"allow":["GET"]}}],"collection":[{"href":"https:\/\/etab.ac-reunion.fr\/clg-ligne-des-bambous\/wp-json\/wp\/v2\/posts"}],"about":[{"href":"https:\/\/etab.ac-reunion.fr\/clg-ligne-des-bambous\/wp-json\/wp\/v2\/types\/post"}],"author":[{"embeddable":true,"href":"https:\/\/etab.ac-reunion.fr\/clg-ligne-des-bambous\/wp-json\/wp\/v2\/users\/11925"}],"replies":[{"embeddable":true,"href":"https:\/\/etab.ac-reunion.fr\/clg-ligne-des-bambous\/wp-json\/wp\/v2\/comments?post=4596"}],"version-history":[{"count":1,"href":"https:\/\/etab.ac-reunion.fr\/clg-ligne-des-bambous\/wp-json\/wp\/v2\/posts\/4596\/revisions"}],"predecessor-version":[{"id":4597,"href":"https:\/\/etab.ac-reunion.fr\/clg-ligne-des-bambous\/wp-json\/wp\/v2\/posts\/4596\/revisions\/4597"}],"wp:attachment":[{"href":"https:\/\/etab.ac-reunion.fr\/clg-ligne-des-bambous\/wp-json\/wp\/v2\/media?parent=4596"}],"wp:term":[{"taxonomy":"category","embeddable":true,"href":"https:\/\/etab.ac-reunion.fr\/clg-ligne-des-bambous\/wp-json\/wp\/v2\/categories?post=4596"},{"taxonomy":"post_tag","embeddable":true,"href":"https:\/\/etab.ac-reunion.fr\/clg-ligne-des-bambous\/wp-json\/wp\/v2\/tags?post=4596"}],"curies":[{"name":"wp","href":"https:\/\/api.w.org\/{rel}","templated":true}]}}