{"id":3724,"date":"2022-12-02T09:21:52","date_gmt":"2022-12-02T05:21:52","guid":{"rendered":"https:\/\/etab.ac-reunion.fr\/clg-lucet-langenier\/?p=3724"},"modified":"2023-06-12T14:18:45","modified_gmt":"2023-06-12T10:18:45","slug":"dona-a-la-cite-des-arts","status":"publish","type":"post","link":"https:\/\/etab.ac-reunion.fr\/clg-lucet-langenier\/2022\/12\/02\/dona-a-la-cite-des-arts\/","title":{"rendered":"\u00ab\u00a0DONA \u00bb \u00e0 la Cit\u00e9 des Arts"},"content":{"rendered":"<p align=\"center\"><span style=\"color: #7030a0\"><span style=\"font-size: x-large\">\u00ab\u00a0<\/span><\/span><span style=\"color: #7030a0\"><span style=\"font-size: x-large\"><i><b>DONA <\/b><\/i><\/span><\/span><span style=\"color: #7030a0\"><span style=\"font-size: x-large\">\u00bb \u00e0 la Cit\u00e9 des Arts<\/span><\/span><\/p>\n<p style=\"text-align: center\" align=\"center\"><span style=\"color: #002060\"><span style=\"font-size: large\">Des \u00e9l\u00e8ves de 3<\/span><\/span><span style=\"color: #002060\"><sup><span style=\"font-size: large\">\u00e8me<\/span><\/sup><\/span><span style=\"color: #002060\"><span style=\"font-size: large\"> d\u00e9couvrent le nouveau spectacle de la <\/span><\/span><span style=\"color: #002060\"><span style=\"font-size: large\"><b>Compagnie Danse Etik <\/b><\/span><\/span><\/p>\n<p style=\"text-align: center\" align=\"center\"><span style=\"color: #002060\"><span style=\"font-size: large\">et rencontrent <\/span><\/span><span style=\"color: #002060\"><span style=\"font-size: large\">le danseur r\u00e9unionnais <\/span><\/span><span style=\"color: #002060\"><span style=\"font-size: large\"><b>Lino M\u00e9rion<\/b><\/span><\/span><span style=\"color: #002060\"><span style=\"font-size: large\">.<\/span><\/span><\/p>\n<p align=\"center\"><span style=\"color: #000000\"><span style=\"font-size: large\">Une repr\u00e9sentation scolaire est souvent pour les \u00e9l\u00e8ves l\u2019opportunit\u00e9 de rencontrer le spectacle vivant pour la premi\u00e8re fois. <\/span><\/span><\/p>\n<p align=\"center\"><span style=\"color: #000000\"><span style=\"font-size: large\">Comment ont-ils v\u00e9cu leur exp\u00e9rience au th\u00e9\u00e2tre\u00a0? Qu\u2019ont-ils pens\u00e9 de la pi\u00e8ce\u00a0? <\/span><\/span><\/p>\n<p align=\"center\"><span style=\"color: #000000\"><span style=\"font-size: large\">Les \u00e9l\u00e8ves s\u2019expriment sur ce qu\u2019ils ont vu, retenu, aim\u00e9 ou pas, sur ce qui les a \u00e9tonn\u00e9s\u2026<\/span><\/span><\/p>\n<hr \/>\n<h3 align=\"center\"><strong><span style=\"color: #ff0000\"><span style=\"color: #666699\">Cliquer sur le lien suivant pour consulter la r\u00e9ponse des \u00e9l\u00e8ves \u00e0 un questionnaire apr\u00e8s la repr\u00e9sentation :<span style=\"color: #ff0000\"><a style=\"color: #ff0000\" href=\"https:\/\/etab.ac-reunion.fr\/clg-lucet-langenier\/wp-content\/uploads\/sites\/25\/2022\/12\/Impressions-des-eleves.pdf\">\u00ab\u00a0Impressions des \u00e9l\u00e8ves\u00a0\u00bb<\/a><\/span><\/span><\/span><\/strong><\/h3>\n","protected":false},"excerpt":{"rendered":"<p>\u00ab\u00a0DONA \u00bb \u00e0 la Cit\u00e9 des Arts Des \u00e9l\u00e8ves de 3\u00e8me d\u00e9couvrent le nouveau spectacle de la Compagnie Danse Etik et rencontrent le danseur r\u00e9unionnais Lino M\u00e9rion. Une repr\u00e9sentation scolaire est souvent pour les \u00e9l\u00e8ves l\u2019opportunit\u00e9 de rencontrer le spectacle vivant pour la premi\u00e8re fois. Comment ont-ils v\u00e9cu leur exp\u00e9rience au th\u00e9\u00e2tre\u00a0? Qu\u2019ont-ils pens\u00e9 de [&hellip;]<\/p>\n","protected":false},"author":28098,"featured_media":3726,"comment_status":"closed","ping_status":"closed","sticky":false,"template":"","format":"standard","meta":{"_et_pb_use_builder":"","_et_pb_old_content":"","_et_gb_content_width":"","footnotes":""},"categories":[1,92],"tags":[],"class_list":["post-3724","post","type-post","status-publish","format-standard","has-post-thumbnail","hentry","category-non-classe","category-sorties"],"_links":{"self":[{"href":"https:\/\/etab.ac-reunion.fr\/clg-lucet-langenier\/wp-json\/wp\/v2\/posts\/3724","targetHints":{"allow":["GET"]}}],"collection":[{"href":"https:\/\/etab.ac-reunion.fr\/clg-lucet-langenier\/wp-json\/wp\/v2\/posts"}],"about":[{"href":"https:\/\/etab.ac-reunion.fr\/clg-lucet-langenier\/wp-json\/wp\/v2\/types\/post"}],"author":[{"embeddable":true,"href":"https:\/\/etab.ac-reunion.fr\/clg-lucet-langenier\/wp-json\/wp\/v2\/users\/28098"}],"replies":[{"embeddable":true,"href":"https:\/\/etab.ac-reunion.fr\/clg-lucet-langenier\/wp-json\/wp\/v2\/comments?post=3724"}],"version-history":[{"count":13,"href":"https:\/\/etab.ac-reunion.fr\/clg-lucet-langenier\/wp-json\/wp\/v2\/posts\/3724\/revisions"}],"predecessor-version":[{"id":3833,"href":"https:\/\/etab.ac-reunion.fr\/clg-lucet-langenier\/wp-json\/wp\/v2\/posts\/3724\/revisions\/3833"}],"wp:featuredmedia":[{"embeddable":true,"href":"https:\/\/etab.ac-reunion.fr\/clg-lucet-langenier\/wp-json\/wp\/v2\/media\/3726"}],"wp:attachment":[{"href":"https:\/\/etab.ac-reunion.fr\/clg-lucet-langenier\/wp-json\/wp\/v2\/media?parent=3724"}],"wp:term":[{"taxonomy":"category","embeddable":true,"href":"https:\/\/etab.ac-reunion.fr\/clg-lucet-langenier\/wp-json\/wp\/v2\/categories?post=3724"},{"taxonomy":"post_tag","embeddable":true,"href":"https:\/\/etab.ac-reunion.fr\/clg-lucet-langenier\/wp-json\/wp\/v2\/tags?post=3724"}],"curies":[{"name":"wp","href":"https:\/\/api.w.org\/{rel}","templated":true}]}}