{"id":3872,"date":"2023-02-11T12:45:32","date_gmt":"2023-02-11T08:45:32","guid":{"rendered":"https:\/\/etab.ac-reunion.fr\/clg-lucet-langenier\/?p=3872"},"modified":"2023-06-16T08:53:07","modified_gmt":"2023-06-16T04:53:07","slug":"arboretum-sortie-5-d","status":"publish","type":"post","link":"https:\/\/etab.ac-reunion.fr\/clg-lucet-langenier\/2023\/02\/11\/arboretum-sortie-5-d\/","title":{"rendered":"Arboretum Sortie 5\u00b0 D"},"content":{"rendered":"<div><span style=\"color: #339966\">Dans le cadre du projet <span style=\"color: #808000\">\u00ab\u00a0<strong>Arboretum du coll\u00e8ge<\/strong>\u00ab\u00a0<\/span> les \u00e9l\u00e8ves de 5\u00e8me D sont partis en randonn\u00e9 avec Le Parc national et Austral Altitude afin de d\u00e9couvrit la faune et la flore de Grand Etang, site naturel inscrit au patrimoine mondiale de l&rsquo;UNESCO.<\/span><\/div>\n<p><span style=\"color: #339966\">Les intervenants ont pr\u00e9sent\u00e9 des notions d&rsquo;\u00e9cologie et expliqu\u00e9 aux \u00e9l\u00e8ves l&rsquo;urgence de la pr\u00e9servation de ce site naturel riche en biodiversit\u00e9 et en end\u00e9misme. Dans le cadre de la journ\u00e9e mondiale des zones humides (8 f\u00e9vrier 23), le Parc National de La R\u00e9union a accentu\u00e9 la sensibilisation sur la pr\u00e9servation de la flore et de la faune des zones humides. Des notions de sp\u00e9ciation ont \u00e9t\u00e9 expliqu\u00e9es avec l&rsquo;exemple du Papangue de Grand \u00c9tang isol\u00e9 g\u00e9ographiquement des autres populations. Il a \u00e9volu\u00e9 et forme aujourd&rsquo;hui une nouvelle esp\u00e8ce g\u00e9n\u00e9tiquement diff\u00e9rente des autres Papangues de l\u2019\u00eele avec de nouveaux comportements adapt\u00e9s \u00e0 son milieu de vie de Grand \u00c9tang. En effet, les Papangues de Grand Etang se nourrissent de poissons et sont donc devenus \u00ab\u00a0p\u00eacheurs\u00a0\u00bb.<\/span><br \/>\n<span style=\"color: #339966\">Le Parc National a \u00e9galement montr\u00e9 l&rsquo;impact des activit\u00e9s humaines sur la biodiversit\u00e9 et la dynamique des populations des esp\u00e8ces. A noter l&rsquo;exemple de l&rsquo;impact des activit\u00e9s humaines perturbent les \u00e9cosyst\u00e8mes et la reproduction des esp\u00e8ces. Les Papangues du reste de l&rsquo;\u00eele ont tendance \u00e0 devenir moins fertiles voire st\u00e9riles en raison de leur exposition aux pesticides dans les champs.<\/span><br \/>\n<span style=\"color: #339966\">Une journ\u00e9e enrichissante avec le Parc National et Austral Altitude qui a permis aux \u00e9l\u00e8ves de s&rsquo;approprier la biodiversit\u00e9 du site de Grand \u00c9tang et qui se poursuivra par d&rsquo;autres actions de plantation dans l&rsquo;arboretum du coll\u00e8ge.<\/span><\/p>\n<p>&nbsp;<\/p>\n<p>Dans le cadre de la <strong>journ\u00e9e mondiale des zones humides (le 8 fevrier 23) <\/strong>, le Parc National de La R\u00e9union est partenaire du projet p\u00e9dagogique des \u00e9l\u00e8ves de 5D. Sensibilisation \u00e0 la faune et la flore des zones humides de Grand Etang.<\/p>\n<p><code><div class=\"h5p-iframe-wrapper\"><iframe id=\"h5p-iframe-7\" class=\"h5p-iframe\" data-content-id=\"7\" style=\"height:1px\" src=\"about:blank\" frameBorder=\"0\" scrolling=\"no\" title=\"Sortie 5\u00b0 D\"><\/iframe><\/div><\/code><\/p>\n<p>&nbsp;<\/p>\n<p>&nbsp;<\/p>\n<p>&nbsp;<\/p>\n<p>&nbsp;<\/p>\n","protected":false},"excerpt":{"rendered":"<p>Dans le cadre du projet \u00ab\u00a0Arboretum du coll\u00e8ge\u00ab\u00a0 les \u00e9l\u00e8ves de 5\u00e8me D sont partis en randonn\u00e9 avec Le Parc national et Austral Altitude afin de d\u00e9couvrit la faune et la flore de Grand Etang, site naturel inscrit au patrimoine mondiale de l&rsquo;UNESCO. Les intervenants ont pr\u00e9sent\u00e9 des notions d&rsquo;\u00e9cologie et expliqu\u00e9 aux \u00e9l\u00e8ves l&rsquo;urgence [&hellip;]<\/p>\n","protected":false},"author":28098,"featured_media":3883,"comment_status":"closed","ping_status":"closed","sticky":false,"template":"","format":"standard","meta":{"_et_pb_use_builder":"off","_et_pb_old_content":"","_et_gb_content_width":"","footnotes":""},"categories":[87,1],"tags":[],"class_list":["post-3872","post","type-post","status-publish","format-standard","has-post-thumbnail","hentry","category-arboretum","category-non-classe"],"_links":{"self":[{"href":"https:\/\/etab.ac-reunion.fr\/clg-lucet-langenier\/wp-json\/wp\/v2\/posts\/3872","targetHints":{"allow":["GET"]}}],"collection":[{"href":"https:\/\/etab.ac-reunion.fr\/clg-lucet-langenier\/wp-json\/wp\/v2\/posts"}],"about":[{"href":"https:\/\/etab.ac-reunion.fr\/clg-lucet-langenier\/wp-json\/wp\/v2\/types\/post"}],"author":[{"embeddable":true,"href":"https:\/\/etab.ac-reunion.fr\/clg-lucet-langenier\/wp-json\/wp\/v2\/users\/28098"}],"replies":[{"embeddable":true,"href":"https:\/\/etab.ac-reunion.fr\/clg-lucet-langenier\/wp-json\/wp\/v2\/comments?post=3872"}],"version-history":[{"count":10,"href":"https:\/\/etab.ac-reunion.fr\/clg-lucet-langenier\/wp-json\/wp\/v2\/posts\/3872\/revisions"}],"predecessor-version":[{"id":3900,"href":"https:\/\/etab.ac-reunion.fr\/clg-lucet-langenier\/wp-json\/wp\/v2\/posts\/3872\/revisions\/3900"}],"wp:featuredmedia":[{"embeddable":true,"href":"https:\/\/etab.ac-reunion.fr\/clg-lucet-langenier\/wp-json\/wp\/v2\/media\/3883"}],"wp:attachment":[{"href":"https:\/\/etab.ac-reunion.fr\/clg-lucet-langenier\/wp-json\/wp\/v2\/media?parent=3872"}],"wp:term":[{"taxonomy":"category","embeddable":true,"href":"https:\/\/etab.ac-reunion.fr\/clg-lucet-langenier\/wp-json\/wp\/v2\/categories?post=3872"},{"taxonomy":"post_tag","embeddable":true,"href":"https:\/\/etab.ac-reunion.fr\/clg-lucet-langenier\/wp-json\/wp\/v2\/tags?post=3872"}],"curies":[{"name":"wp","href":"https:\/\/api.w.org\/{rel}","templated":true}]}}