{"id":3941,"date":"2023-04-12T15:23:36","date_gmt":"2023-04-12T11:23:36","guid":{"rendered":"https:\/\/etab.ac-reunion.fr\/clg-lucet-langenier\/?p=3941"},"modified":"2023-09-25T14:21:50","modified_gmt":"2023-09-25T10:21:50","slug":"allemand","status":"publish","type":"post","link":"https:\/\/etab.ac-reunion.fr\/clg-lucet-langenier\/2023\/04\/12\/allemand\/","title":{"rendered":"Allemand"},"content":{"rendered":"<h1><span style=\"color: #00ff00\"><strong><u>Vive l&rsquo;Allemand:<\/u><\/strong><\/span><\/h1>\n<p><span style=\"color: #993300\">L&rsquo;ann\u00e9e scolaire en cours a \u00e9t\u00e9 tr\u00e8s fructueuse au coll\u00e8ge Quartier Fran\u00e7ais Lucet-Langenier en Allemagne. De nombreux projets ont \u00e9t\u00e9 concr\u00e9tis\u00e9s et d&rsquo;autres sont en cours de r\u00e9alisation.<\/span><\/p>\n<p><span style=\"color: #993300\">En d\u00e9but d\u2019ann\u00e9e, les \u00e9l\u00e8ves de cinqui\u00e8me ont offert des \u00ab\u00a0Schult\u00fcte\u00a0\u00bb (un cornet pleins de surprises) aux \u00e9l\u00e8ves de sixi\u00e8me qui \u00e9tudient l&rsquo;allemand, afin de leur souhaiter une bonne rentr\u00e9e.<\/span><\/p>\n<p><span style=\"color: #993300\">Tous les \u00e9l\u00e8ves de 6\u00e8me ont quant \u00e0 eux eu la chance de recevoir la visite d&rsquo;une lectrice autrichienne, qui leur a propos\u00e9 une initiation \u00e0 la langue ainsi qu&rsquo;une d\u00e9couverte de la culture allemande. Cette visite a \u00e9t\u00e9 l&rsquo;occasion pour les \u00e9l\u00e8ves de d\u00e9couvrir de nouveaux mots et expressions et de d\u00e9cider s&rsquo;ils souhaitent apprendre l&rsquo;allemand comme seconde langue vivante l&rsquo;ann\u00e9e prochaine.<\/span><\/p>\n<p><span style=\"color: #993300\">Les germanistes et futures germanistes du coll\u00e8ge ont r\u00e9cemment particip\u00e9 \u00e0 des \u00e9v\u00e9nements culturels et linguistiques dans le cadre de la c\u00e9l\u00e9bration des 60 ans de l&rsquo;amiti\u00e9 franco-allemande.<\/span><\/p>\n<p><span style=\"color: #993300\">Une table ronde avec deux grands professeurs d&rsquo;universit\u00e9 de Lille et de Metz a \u00e9t\u00e9 organis\u00e9e pour cet \u00e9v\u00e8nement. Cette rencontre a \u00e9t\u00e9 l&rsquo;occasion pour les \u00e9l\u00e8ves de d\u00e9couvrir l&rsquo;histoire de cette amiti\u00e9 depuis la signature du trait\u00e9 de l&rsquo;\u00c9lys\u00e9e le 22 janvier 1963 et de mieux comprendre l&rsquo;importance de cette amiti\u00e9 pour l&rsquo;Europe.<\/span><\/p>\n<p><span style=\"color: #993300\">Les \u00e9l\u00e8ves de troisi\u00e8me, eux ont pu durant la semaine des langues faire une visio (dans le cadre du projet \u00ab\u00a0t\u00e9l\u00e9tandem\u00a0\u00bb) avec une classe allemande.<\/span><\/p>\n<p><span style=\"color: #993300\">Un projet cin\u00e9-allemand est pr\u00e9vu le 17 avril et la visite d\u2019une troupe de th\u00e9\u00e2tre est pr\u00e9vue le 18 avril.<\/span><\/p>\n<p><span style=\"color: #993300\">Ces initiatives du Coll\u00e8ge Quartier Fran\u00e7ais Lucet-Langenier t\u00e9moignent de son engagement en faveur de l&rsquo;ouverture culturelle et linguistique de ses \u00e9l\u00e8ves. Gr\u00e2ce \u00e0 ces \u00e9v\u00e9nements, les \u00e9l\u00e8ves peuvent ainsi se pr\u00e9parer \u00e0 un avenir international et devenir des citoyens du monde.<\/span><\/p>\n<p><img loading=\"lazy\" decoding=\"async\" class=\"alignnone size-medium wp-image-3943\" src=\"https:\/\/etab.ac-reunion.fr\/clg-lucet-langenier\/wp-content\/uploads\/sites\/25\/2023\/04\/94ab740d-5a7f-4031-81ca-5b726acb0bd9-300x225.jpg\" alt=\"\" width=\"300\" height=\"225\" \/> \u00a0\u00a0\u00a0\u00a0\u00a0\u00a0\u00a0\u00a0\u00a0\u00a0\u00a0\u00a0\u00a0\u00a0\u00a0\u00a0\u00a0\u00a0\u00a0\u00a0\u00a0\u00a0\u00a0\u00a0\u00a0\u00a0 <img loading=\"lazy\" decoding=\"async\" class=\"alignnone size-medium wp-image-3944\" src=\"https:\/\/etab.ac-reunion.fr\/clg-lucet-langenier\/wp-content\/uploads\/sites\/25\/2023\/04\/cc62cb36-f611-4a25-ab5f-259e4035abdf-300x225.jpg\" alt=\"\" width=\"300\" height=\"225\" \/><\/p>\n<p>&nbsp;<\/p>\n<p><img loading=\"lazy\" decoding=\"async\" class=\"alignnone size-medium wp-image-3945\" src=\"https:\/\/etab.ac-reunion.fr\/clg-lucet-langenier\/wp-content\/uploads\/sites\/25\/2023\/04\/IMG_1701-300x169.jpg\" alt=\"\" width=\"300\" height=\"169\" \/> \u00a0\u00a0\u00a0\u00a0\u00a0\u00a0\u00a0\u00a0\u00a0\u00a0\u00a0\u00a0\u00a0\u00a0\u00a0\u00a0\u00a0\u00a0\u00a0\u00a0\u00a0\u00a0\u00a0\u00a0\u00a0 <img loading=\"lazy\" decoding=\"async\" class=\"alignnone size-medium wp-image-3946\" src=\"https:\/\/etab.ac-reunion.fr\/clg-lucet-langenier\/wp-content\/uploads\/sites\/25\/2023\/04\/Schultute-169x300.jpg\" alt=\"\" width=\"169\" height=\"300\" srcset=\"https:\/\/etab.ac-reunion.fr\/clg-lucet-langenier\/wp-content\/uploads\/sites\/25\/2023\/04\/Schultute-169x300.jpg 169w, https:\/\/etab.ac-reunion.fr\/clg-lucet-langenier\/wp-content\/uploads\/sites\/25\/2023\/04\/Schultute.jpg 180w\" sizes=\"(max-width: 169px) 100vw, 169px\" \/><\/p>\n<p style=\"text-align: center\"><img loading=\"lazy\" decoding=\"async\" class=\"alignnone size-medium wp-image-3947\" src=\"https:\/\/etab.ac-reunion.fr\/clg-lucet-langenier\/wp-content\/uploads\/sites\/25\/2023\/04\/Visio-Teletandem-300x169.jpg\" alt=\"\" width=\"300\" height=\"169\" srcset=\"https:\/\/etab.ac-reunion.fr\/clg-lucet-langenier\/wp-content\/uploads\/sites\/25\/2023\/04\/Visio-Teletandem-300x169.jpg 300w, https:\/\/etab.ac-reunion.fr\/clg-lucet-langenier\/wp-content\/uploads\/sites\/25\/2023\/04\/Visio-Teletandem.jpg 320w\" sizes=\"(max-width: 300px) 100vw, 300px\" \/><\/p>\n","protected":false},"excerpt":{"rendered":"<p>Vive l&rsquo;Allemand: L&rsquo;ann\u00e9e scolaire en cours a \u00e9t\u00e9 tr\u00e8s fructueuse au coll\u00e8ge Quartier Fran\u00e7ais Lucet-Langenier en Allemagne. De nombreux projets ont \u00e9t\u00e9 concr\u00e9tis\u00e9s et d&rsquo;autres sont en cours de r\u00e9alisation. En d\u00e9but d\u2019ann\u00e9e, les \u00e9l\u00e8ves de cinqui\u00e8me ont offert des \u00ab\u00a0Schult\u00fcte\u00a0\u00bb (un cornet pleins de surprises) aux \u00e9l\u00e8ves de sixi\u00e8me qui \u00e9tudient l&rsquo;allemand, afin de [&hellip;]<\/p>\n","protected":false},"author":28098,"featured_media":0,"comment_status":"closed","ping_status":"closed","sticky":false,"template":"","format":"standard","meta":{"_et_pb_use_builder":"","_et_pb_old_content":"","_et_gb_content_width":"","footnotes":""},"categories":[106,78,1],"tags":[],"class_list":["post-3941","post","type-post","status-publish","format-standard","hentry","category-allemand-langues-vivantes","category-langues-vivantes","category-non-classe"],"_links":{"self":[{"href":"https:\/\/etab.ac-reunion.fr\/clg-lucet-langenier\/wp-json\/wp\/v2\/posts\/3941","targetHints":{"allow":["GET"]}}],"collection":[{"href":"https:\/\/etab.ac-reunion.fr\/clg-lucet-langenier\/wp-json\/wp\/v2\/posts"}],"about":[{"href":"https:\/\/etab.ac-reunion.fr\/clg-lucet-langenier\/wp-json\/wp\/v2\/types\/post"}],"author":[{"embeddable":true,"href":"https:\/\/etab.ac-reunion.fr\/clg-lucet-langenier\/wp-json\/wp\/v2\/users\/28098"}],"replies":[{"embeddable":true,"href":"https:\/\/etab.ac-reunion.fr\/clg-lucet-langenier\/wp-json\/wp\/v2\/comments?post=3941"}],"version-history":[{"count":2,"href":"https:\/\/etab.ac-reunion.fr\/clg-lucet-langenier\/wp-json\/wp\/v2\/posts\/3941\/revisions"}],"predecessor-version":[{"id":3948,"href":"https:\/\/etab.ac-reunion.fr\/clg-lucet-langenier\/wp-json\/wp\/v2\/posts\/3941\/revisions\/3948"}],"wp:attachment":[{"href":"https:\/\/etab.ac-reunion.fr\/clg-lucet-langenier\/wp-json\/wp\/v2\/media?parent=3941"}],"wp:term":[{"taxonomy":"category","embeddable":true,"href":"https:\/\/etab.ac-reunion.fr\/clg-lucet-langenier\/wp-json\/wp\/v2\/categories?post=3941"},{"taxonomy":"post_tag","embeddable":true,"href":"https:\/\/etab.ac-reunion.fr\/clg-lucet-langenier\/wp-json\/wp\/v2\/tags?post=3941"}],"curies":[{"name":"wp","href":"https:\/\/api.w.org\/{rel}","templated":true}]}}