{"id":3970,"date":"2023-04-13T16:16:06","date_gmt":"2023-04-13T12:16:06","guid":{"rendered":"https:\/\/etab.ac-reunion.fr\/clg-lucet-langenier\/?p=3970"},"modified":"2024-06-05T13:59:11","modified_gmt":"2024-06-05T09:59:11","slug":"flash-orientation","status":"publish","type":"post","link":"https:\/\/etab.ac-reunion.fr\/clg-lucet-langenier\/2023\/04\/13\/flash-orientation\/","title":{"rendered":"FLASH ORIENTATION"},"content":{"rendered":"<p>&nbsp;<\/p>\n<h1 style=\"text-align: center\"><span style=\"color: #99cc00\"><strong>FLASH ORIENTATION<\/strong><\/span><\/h1>\n<p>&nbsp;<\/p>\n<h2 style=\"text-align: center\"><span style=\"color: #ff99cc\">Phase d\u00e9finitive d\u2019orientation pour les \u00e9l\u00e8ves de 3<sup>\u00e8me<\/sup><\/span><\/h2>\n<p>&nbsp;<\/p>\n<h4 style=\"text-align: center\"><span style=\"color: #3366ff\">La saisie des v\u0153ux d\u00e9finitifs d\u2019orientation pour les \u00e9l\u00e8ves est ouverte d\u00e8s ce 14 Avril jusqu\u2019au 10 Mai.<\/span><\/h4>\n<h4 style=\"text-align: center\"><span style=\"color: #3366ff\">Acc\u00e9dez au portail Scolarit\u00e9 Services en utilisant votre compte EDUCONNECT <\/span><span style=\"color: #3366ff\">et vous pourrez saisir les v\u0153ux d\u00e9finitifs de votre enfant.<\/span><\/h4>\n","protected":false},"excerpt":{"rendered":"<p>&nbsp; FLASH ORIENTATION &nbsp; Phase d\u00e9finitive d\u2019orientation pour les \u00e9l\u00e8ves de 3\u00e8me &nbsp; La saisie des v\u0153ux d\u00e9finitifs d\u2019orientation pour les \u00e9l\u00e8ves est ouverte d\u00e8s ce 14 Avril jusqu\u2019au 10 Mai. Acc\u00e9dez au portail Scolarit\u00e9 Services en utilisant votre compte EDUCONNECT et vous pourrez saisir les v\u0153ux d\u00e9finitifs de votre enfant.<\/p>\n","protected":false},"author":22103,"featured_media":3999,"comment_status":"closed","ping_status":"closed","sticky":false,"template":"","format":"standard","meta":{"_et_pb_use_builder":"","_et_pb_old_content":"","_et_gb_content_width":"","footnotes":""},"categories":[1],"tags":[],"class_list":["post-3970","post","type-post","status-publish","format-standard","has-post-thumbnail","hentry","category-non-classe"],"_links":{"self":[{"href":"https:\/\/etab.ac-reunion.fr\/clg-lucet-langenier\/wp-json\/wp\/v2\/posts\/3970","targetHints":{"allow":["GET"]}}],"collection":[{"href":"https:\/\/etab.ac-reunion.fr\/clg-lucet-langenier\/wp-json\/wp\/v2\/posts"}],"about":[{"href":"https:\/\/etab.ac-reunion.fr\/clg-lucet-langenier\/wp-json\/wp\/v2\/types\/post"}],"author":[{"embeddable":true,"href":"https:\/\/etab.ac-reunion.fr\/clg-lucet-langenier\/wp-json\/wp\/v2\/users\/22103"}],"replies":[{"embeddable":true,"href":"https:\/\/etab.ac-reunion.fr\/clg-lucet-langenier\/wp-json\/wp\/v2\/comments?post=3970"}],"version-history":[{"count":1,"href":"https:\/\/etab.ac-reunion.fr\/clg-lucet-langenier\/wp-json\/wp\/v2\/posts\/3970\/revisions"}],"predecessor-version":[{"id":3971,"href":"https:\/\/etab.ac-reunion.fr\/clg-lucet-langenier\/wp-json\/wp\/v2\/posts\/3970\/revisions\/3971"}],"wp:featuredmedia":[{"embeddable":true,"href":"https:\/\/etab.ac-reunion.fr\/clg-lucet-langenier\/wp-json\/wp\/v2\/media\/3999"}],"wp:attachment":[{"href":"https:\/\/etab.ac-reunion.fr\/clg-lucet-langenier\/wp-json\/wp\/v2\/media?parent=3970"}],"wp:term":[{"taxonomy":"category","embeddable":true,"href":"https:\/\/etab.ac-reunion.fr\/clg-lucet-langenier\/wp-json\/wp\/v2\/categories?post=3970"},{"taxonomy":"post_tag","embeddable":true,"href":"https:\/\/etab.ac-reunion.fr\/clg-lucet-langenier\/wp-json\/wp\/v2\/tags?post=3970"}],"curies":[{"name":"wp","href":"https:\/\/api.w.org\/{rel}","templated":true}]}}