{"id":3972,"date":"2023-04-17T16:53:03","date_gmt":"2023-04-17T12:53:03","guid":{"rendered":"https:\/\/etab.ac-reunion.fr\/clg-lucet-langenier\/?p=3972"},"modified":"2023-04-17T16:53:03","modified_gmt":"2023-04-17T12:53:03","slug":"jop-2024","status":"publish","type":"post","link":"https:\/\/etab.ac-reunion.fr\/clg-lucet-langenier\/2023\/04\/17\/jop-2024\/","title":{"rendered":"JOP 2024"},"content":{"rendered":"<p class=\"western\" lang=\"fr-FR\" align=\"justify\"><span style=\"color: #0000ff\">Dans l\u2019approche du concours <strong>JOP 2024<\/strong>, quelques \u00e9l\u00e8ves de 5\u00e8mes ont particip\u00e9 \u00e0 une premi\u00e8re journ\u00e9e autour de l\u2019olympisme. Il s\u2019agissait d\u2019une manifestation Acad\u00e9mique commune USEP et UNSS proposant diverses activit\u00e9s autour de la th\u00e9matique \u00ab\u00a0Sport et Sant\u00e9 pour tous\u00a0\u00bb.<\/span><\/p>\n<p class=\"western\" lang=\"fr-FR\" align=\"justify\"><span style=\"color: #0000ff\">Les \u00e9l\u00e8ves ont pratiqu\u00e9 des activit\u00e9s sportives atypiques et ont eu la chance de vivre des exp\u00e9riences autour du sport paralympique notamment avec le Basket Fauteuil.<\/span><\/p>\n<p class=\"western\" lang=\"fr-FR\" align=\"justify\"><span style=\"color: #0000ff\">De plus, diff\u00e9rents stands ont permis la sensibilisation des \u00e9l\u00e8ves autour de la nutrition, au tri, \u00e0 la r\u00e9duction des d\u00e9chets, au sommeil et bien d\u2019autres.<\/span><\/p>\n<p class=\"western\" lang=\"fr-FR\" align=\"justify\"><span style=\"color: #0000ff\">Les photos, marqu\u00e9es par les sourires de nos \u00e9l\u00e8ves, en disent long sur le plaisir \u00e9prouv\u00e9 en ce jour. Ces derniers sont impatients de faire face aux prochaines \u00e9ch\u00e9ances du projet <strong>JOP 2024<\/strong>.<\/span><\/p>\n<p lang=\"fr-FR\" align=\"justify\"><img loading=\"lazy\" decoding=\"async\" class=\"alignnone size-medium wp-image-3974\" src=\"https:\/\/etab.ac-reunion.fr\/clg-lucet-langenier\/wp-content\/uploads\/sites\/25\/2023\/04\/MG_0459-300x200.jpeg\" alt=\"\" width=\"300\" height=\"200\" \/> \u00a0\u00a0\u00a0\u00a0\u00a0\u00a0\u00a0\u00a0\u00a0\u00a0\u00a0\u00a0\u00a0\u00a0\u00a0\u00a0\u00a0\u00a0\u00a0\u00a0\u00a0\u00a0\u00a0\u00a0\u00a0\u00a0\u00a0\u00a0\u00a0\u00a0\u00a0\u00a0\u00a0 <img loading=\"lazy\" decoding=\"async\" class=\"alignnone size-medium wp-image-3975\" src=\"https:\/\/etab.ac-reunion.fr\/clg-lucet-langenier\/wp-content\/uploads\/sites\/25\/2023\/04\/MG_0464-300x200.jpeg\" alt=\"\" width=\"300\" height=\"200\" \/><\/p>\n<p lang=\"fr-FR\" align=\"justify\"><img loading=\"lazy\" decoding=\"async\" class=\"alignnone size-medium wp-image-3976\" src=\"https:\/\/etab.ac-reunion.fr\/clg-lucet-langenier\/wp-content\/uploads\/sites\/25\/2023\/04\/MG_0838-300x200.jpeg\" alt=\"\" width=\"300\" height=\"200\" \/> \u00a0\u00a0\u00a0\u00a0\u00a0\u00a0\u00a0\u00a0\u00a0\u00a0\u00a0\u00a0\u00a0\u00a0\u00a0\u00a0\u00a0\u00a0\u00a0\u00a0\u00a0\u00a0\u00a0\u00a0\u00a0\u00a0\u00a0\u00a0\u00a0 <img loading=\"lazy\" decoding=\"async\" class=\"alignnone size-medium wp-image-3977\" src=\"https:\/\/etab.ac-reunion.fr\/clg-lucet-langenier\/wp-content\/uploads\/sites\/25\/2023\/04\/MG_0843-300x200.jpeg\" alt=\"\" width=\"300\" height=\"200\" \/><\/p>\n<p lang=\"fr-FR\" style=\"text-align: left\" align=\"justify\">\u00a0\u00a0\u00a0\u00a0\u00a0\u00a0\u00a0\u00a0\u00a0\u00a0\u00a0\u00a0\u00a0\u00a0\u00a0\u00a0\u00a0\u00a0\u00a0\u00a0\u00a0\u00a0\u00a0\u00a0\u00a0\u00a0\u00a0\u00a0\u00a0\u00a0\u00a0\u00a0\u00a0\u00a0\u00a0\u00a0\u00a0\u00a0\u00a0\u00a0\u00a0\u00a0\u00a0\u00a0\u00a0\u00a0\u00a0\u00a0\u00a0\u00a0\u00a0\u00a0\u00a0\u00a0\u00a0 <img loading=\"lazy\" decoding=\"async\" class=\"alignnone size-medium wp-image-3979\" src=\"https:\/\/etab.ac-reunion.fr\/clg-lucet-langenier\/wp-content\/uploads\/sites\/25\/2023\/04\/MG_0848-300x200.jpeg\" alt=\"\" width=\"300\" height=\"200\" \/><\/p>\n<p class=\"western\" lang=\"fr-FR\" align=\"right\"><span lang=\"en-US\">Mr HOARAU D. (EPS)<\/span><\/p>\n","protected":false},"excerpt":{"rendered":"<p>Dans l\u2019approche du concours JOP 2024, quelques \u00e9l\u00e8ves de 5\u00e8mes ont particip\u00e9 \u00e0 une premi\u00e8re journ\u00e9e autour de l\u2019olympisme. Il s\u2019agissait d\u2019une manifestation Acad\u00e9mique commune USEP et UNSS proposant diverses activit\u00e9s autour de la th\u00e9matique \u00ab\u00a0Sport et Sant\u00e9 pour tous\u00a0\u00bb. Les \u00e9l\u00e8ves ont pratiqu\u00e9 des activit\u00e9s sportives atypiques et ont eu la chance de vivre [&hellip;]<\/p>\n","protected":false},"author":28098,"featured_media":0,"comment_status":"closed","ping_status":"closed","sticky":false,"template":"","format":"standard","meta":{"_et_pb_use_builder":"","_et_pb_old_content":"","_et_gb_content_width":"","footnotes":""},"categories":[5,1],"tags":[],"class_list":["post-3972","post","type-post","status-publish","format-standard","hentry","category-eps","category-non-classe"],"_links":{"self":[{"href":"https:\/\/etab.ac-reunion.fr\/clg-lucet-langenier\/wp-json\/wp\/v2\/posts\/3972","targetHints":{"allow":["GET"]}}],"collection":[{"href":"https:\/\/etab.ac-reunion.fr\/clg-lucet-langenier\/wp-json\/wp\/v2\/posts"}],"about":[{"href":"https:\/\/etab.ac-reunion.fr\/clg-lucet-langenier\/wp-json\/wp\/v2\/types\/post"}],"author":[{"embeddable":true,"href":"https:\/\/etab.ac-reunion.fr\/clg-lucet-langenier\/wp-json\/wp\/v2\/users\/28098"}],"replies":[{"embeddable":true,"href":"https:\/\/etab.ac-reunion.fr\/clg-lucet-langenier\/wp-json\/wp\/v2\/comments?post=3972"}],"version-history":[{"count":3,"href":"https:\/\/etab.ac-reunion.fr\/clg-lucet-langenier\/wp-json\/wp\/v2\/posts\/3972\/revisions"}],"predecessor-version":[{"id":3980,"href":"https:\/\/etab.ac-reunion.fr\/clg-lucet-langenier\/wp-json\/wp\/v2\/posts\/3972\/revisions\/3980"}],"wp:attachment":[{"href":"https:\/\/etab.ac-reunion.fr\/clg-lucet-langenier\/wp-json\/wp\/v2\/media?parent=3972"}],"wp:term":[{"taxonomy":"category","embeddable":true,"href":"https:\/\/etab.ac-reunion.fr\/clg-lucet-langenier\/wp-json\/wp\/v2\/categories?post=3972"},{"taxonomy":"post_tag","embeddable":true,"href":"https:\/\/etab.ac-reunion.fr\/clg-lucet-langenier\/wp-json\/wp\/v2\/tags?post=3972"}],"curies":[{"name":"wp","href":"https:\/\/api.w.org\/{rel}","templated":true}]}}