{"id":4002,"date":"2023-05-07T14:56:55","date_gmt":"2023-05-07T10:56:55","guid":{"rendered":"https:\/\/etab.ac-reunion.fr\/clg-lucet-langenier\/?p=4002"},"modified":"2023-09-29T17:16:40","modified_gmt":"2023-09-29T13:16:40","slug":"programme-erasmus","status":"publish","type":"post","link":"https:\/\/etab.ac-reunion.fr\/clg-lucet-langenier\/2023\/05\/07\/programme-erasmus\/","title":{"rendered":"Programme Erasmus"},"content":{"rendered":"<div><strong><span style=\"color: #003300\">\u00a0<\/span><\/strong><span style=\"color: #008080\">Le Programme Erasmus est une initiative europ\u00e9enne qui permet aux \u00e9tudiants et aux enseignants de d\u00e9couvrir de nouveaux horizons et de nouveaux modes d&rsquo;apprentissage.<\/span><\/div>\n<div><\/div>\n<h3><strong><span style=\"color: #800080\">Nos partenaires et les pays s\u00e9lectionn\u00e9s<\/span><\/strong><\/h3>\n<div><\/div>\n<div><code><div class=\"h5p-iframe-wrapper\"><iframe id=\"h5p-iframe-13\" class=\"h5p-iframe\" data-content-id=\"13\" style=\"height:1px\" src=\"about:blank\" frameBorder=\"0\" scrolling=\"no\" title=\"Erasmus\"><\/iframe><\/div><\/code><\/div>\n<div><\/div>\n<div><\/div>\n<h4 style=\"text-align: center\"><strong>Voyage en Espagne<\/strong><\/h4>\n<div><span style=\"color: #008080\">\u00a0Cette action europ\u00e9enne a conduit un groupe d&rsquo;\u00e9l\u00e8ves et professeurs en Espagne, sur le th\u00e8me de l&rsquo;abeille et du cycle de vie. Ce voyage leur\u00a0 a permis de d\u00e9couvrir la biodiversit\u00e9 et les diff\u00e9rentes \u00e9tapes du d\u00e9veloppement des abeilles. <\/span><\/div>\n<div><span style=\"color: #008080\">L&rsquo;objectif est de\u00a0 sensibiliser les \u00e9l\u00e8ves \u00e0 l&rsquo;importance de la conservation des abeilles. <\/span><\/div>\n<div><span style=\"color: #008080\">Les \u00e9l\u00e8ves et les professeurs ont pu ainsi acqu\u00e9rir de nouvelles comp\u00e9tences p\u00e9dagogiques et scientifiques tout en d\u00e9couvrant la richesse culturelle de la ville de Grenade , situ\u00e9e dans le sud de l&rsquo;Espagne,\u00a0 une ville charg\u00e9e d&rsquo;histoire et de culture; c\u00e9l\u00e8bre pour son Alhambra, une magnifique forteresse musulmane datant du XIIIe si\u00e8cle, ainsi que pour son quartier historique de l&rsquo;Albaic\u00edn, avec ses rues \u00e9troites et sinueuses et ses maisons blanchies \u00e0 la chaux, connue pour ses jardins, ses \u00e9glises et ses places pittoresques<\/span><\/div>\n<div><code><div class=\"h5p-iframe-wrapper\"><iframe id=\"h5p-iframe-15\" class=\"h5p-iframe\" data-content-id=\"15\" style=\"height:1px\" src=\"about:blank\" frameBorder=\"0\" scrolling=\"no\" title=\"Erasmus espagne\"><\/iframe><\/div><\/code><\/div>\n<div><\/div>\n<div><\/div>\n<div><\/div>\n<h4 style=\"text-align: center\"><strong><span style=\"color: #993300\">Voyage en Italie<\/span><\/strong><\/h4>\n<div>\n<p><span style=\"color: #ff9900\">Le programme Erasmus a permis \u00e0 un groupe d&rsquo;\u00e9l\u00e8ves et de professeurs de partir en Italie d\u00e9couvrir la ville de Turin et ses environs. Au cours de leur s\u00e9jour, ils ont eu la chance de participer \u00e0 des s\u00e9ances d\u00e9bats pour sensibiliser\u00a0 \u00e0 la protection des insectes en danger.<\/span><\/p>\n<p><span style=\"color: #ff9900\">Les \u00e9l\u00e8ves ont ainsi pu d\u00e9couvrir diff\u00e9rentes esp\u00e8ces d&rsquo;insectes menac\u00e9es dans la r\u00e9gion et ont b\u00e9n\u00e9fici\u00e9 de l&rsquo;expertise de sp\u00e9cialistes pour en apprendre davantage sur ces petits \u00eatres fascinants et leur importance pour l&rsquo;\u00e9cosyst\u00e8me.<\/span><\/p>\n<p><span style=\"color: #ff9900\">Cette exp\u00e9rience a permis de mettre en avant l&rsquo;importance de la pr\u00e9servation de la biodiversit\u00e9, et les \u00e9l\u00e8ves ont \u00e9t\u00e9 encourag\u00e9s \u00e0 r\u00e9fl\u00e9chir \u00e0 la mani\u00e8re dont ils peuvent contribuer \u00e0 cette cause.<\/span><\/p>\n<p><span style=\"color: #ff9900\">Le programme Erasmus a donc \u00e9t\u00e9 une v\u00e9ritable opportunit\u00e9 pour ces jeunes de d\u00e9couvrir une nouvelle culture, de s&rsquo;ouvrir \u00e0 de nouvelles exp\u00e9riences et d&rsquo;apprendre \u00e0 respecter notre environnement. <\/span><\/p>\n<p><code><div class=\"h5p-iframe-wrapper\"><iframe id=\"h5p-iframe-16\" class=\"h5p-iframe\" data-content-id=\"16\" style=\"height:1px\" src=\"about:blank\" frameBorder=\"0\" scrolling=\"no\" title=\"Erasmus Italie\"><\/iframe><\/div><\/code><\/p>\n<\/div>\n<div><\/div>\n<h5><\/h5>\n<h4 style=\"text-align: center\"><strong><span style=\"color: #003300\">La venue sur l&rsquo;\u00eele<\/span><\/strong><\/h4>\n<div>\n<p><span style=\"color: #99cc00\">Le groupe d&rsquo;\u00e9l\u00e8ves europ\u00e9ens et leurs professeurs venus de Finlande, d&rsquo;Islande, d&rsquo;Espagne, d&rsquo;Italie\u00a0 ont pu d\u00e9couvrir l&rsquo;\u00eele de la R\u00e9union,\u00a0 ses tr\u00e9sors naturels et culturels. L&rsquo;un des th\u00e8mes de ce voyage \u00e9tait le miel. Les \u00e9l\u00e8ves ont appris la technique de r\u00e9colte de miel, ont visit\u00e9 une ruche g\u00e9ante et ont d\u00e9couvert les diff\u00e9rentes vari\u00e9t\u00e9s de miel produites sur l&rsquo;\u00eele. Ils ont \u00e9galement assist\u00e9 \u00e0 une d\u00e9gustation de miel frais et ont \u00e9t\u00e9 initi\u00e9s \u00e0 son utilisation en cuisine.Le groupe europ\u00e9en a \u00e9t\u00e9 accueilli par la municipalit\u00e9 de Sainte-Suzanne qui leur a fait visiter le jardin du patrimoine, le phare.Les professeurs ont organis\u00e9 des activit\u00e9s \u00e9ducatives pour les \u00e9l\u00e8ves, comme la visite d&rsquo;un jardin botanique pour d\u00e9couvrir les plantes indig\u00e8nes de la r\u00e9gion, la c\u00f4te est et ses paysages volcaniques&#8230;<\/span><\/p>\n<\/div>\n<div>\n<p><span style=\"color: #99cc00\">Ce s\u00e9jour a permis aux \u00e9tudiants de se familiariser avec les enjeux environnementaux locaux et de r\u00e9fl\u00e9chir aux cons\u00e9quences de leur impact sur la plan\u00e8te.En somme, cette exp\u00e9rience a \u00e9t\u00e9 une v\u00e9ritable r\u00e9ussite pour tous les participants : les \u00e9l\u00e8ves ont d\u00e9couvert de nouveaux horizons, les enseignants et les partenaires locaux\u00a0 ont pu transmettre leurs connaissances de mani\u00e8re innovante.<\/span><\/p>\n<p><code><div class=\"h5p-iframe-wrapper\"><iframe id=\"h5p-iframe-17\" class=\"h5p-iframe\" data-content-id=\"17\" style=\"height:1px\" src=\"about:blank\" frameBorder=\"0\" scrolling=\"no\" title=\"Erasmus la Reunion\"><\/iframe><\/div><\/code><\/p>\n<\/div>\n<div><\/div>\n<h4 style=\"text-align: center\"><strong><span style=\"color: #0000ff\">Visite en Finlande<\/span><\/strong><\/h4>\n<div><\/div>\n<div>\n<p><span style=\"color: #00ccff\">Le programme Erasmus a envoy\u00e9 un groupe d&rsquo;\u00e9l\u00e8ves et de professeurs en Finlande, dans la ville de Kuopio, pour explorer les habitats naturels des insectes dans un paysage enneig\u00e9. Le groupe a visit\u00e9 plusieurs sites et rencontr\u00e9 des universitaires et scientifiques.<\/span><\/p>\n<p><span style=\"color: #00ccff\">\u00a0Les \u00e9l\u00e8ves et les professeurs ont pu observer les insectes dans leur environnement naturel et apprendre sur leur r\u00f4le dans l&rsquo;\u00e9cosyst\u00e8me. Les professeurs accueillant ont \u00e9galement organis\u00e9 des activit\u00e9s ludiques pour les \u00e9l\u00e8ves, comme la construction de pi\u00e8ges \u00e0 insectes et la collecte d&rsquo;\u00e9chantillons pour une \u00e9tude ult\u00e9rieure en classe.<\/span><\/p>\n<p><span style=\"color: #00ccff\">Le groupe a \u00e9galement visit\u00e9 la Tour Pujo, qui offre une vue imprenable sur le paysage enneig\u00e9 de la r\u00e9gion. Les \u00e9l\u00e8ves ont appris sur les diff\u00e9rents types d&rsquo;insectes qui r\u00e9sident dans la r\u00e9gion et leur adaptation aux conditions hivernales.<\/span><\/p>\n<p><span style=\"color: #00ccff\">Dans l&rsquo;ensemble, le programme Erasmus a \u00e9t\u00e9 une exp\u00e9rience \u00e9ducative et enrichissante pour tous les participants, leur offrant une occasion unique de d\u00e9couvrir les habitats naturels des insectes et de comprendre leur r\u00f4le crucial dans notre environnement.<\/span><\/p>\n<p><code><div class=\"h5p-iframe-wrapper\"><iframe id=\"h5p-iframe-18\" class=\"h5p-iframe\" data-content-id=\"18\" style=\"height:1px\" src=\"about:blank\" frameBorder=\"0\" scrolling=\"no\" title=\"Erasmus Finlande\"><\/iframe><\/div><\/code><\/p>\n<\/div>\n<div><\/div>\n<div><\/div>\n<h4 style=\"text-align: center\"><strong><span style=\"color: #800080\">Visite en Islande<\/span><\/strong><\/h4>\n<div><\/div>\n<div><span style=\"color: #cc99ff\">Le groupe d&rsquo;\u00e9l\u00e8ves et de professeurs participant au programme Erasmus ont r\u00e9alis\u00e9 un voyage inoubliable en Islande.<\/span><\/div>\n<div>\n<p><span style=\"color: #cc99ff\">\u00a0Leur ville d&rsquo;attache \u00e9tait \u00e0 Reykjavik, la capitale islandaise, qui regorgeait de caf\u00e9s, de restaurants et de mus\u00e9es fascinants. Cependant, le v\u00e9ritable joyau de leur voyage \u00e9tait leur visite au c\u00e9l\u00e8bre Blue Lagoon, un spa g\u00e9othermique nich\u00e9 au milieu des champs de lave noire. Les \u00e9l\u00e8ves ont nag\u00e9 dans les eaux chaudes et ont profit\u00e9 des bienfaits th\u00e9rapeutiques de la boue min\u00e9rale. <\/span><span style=\"color: #cc99ff\">Ensuite, le groupe a pris la route vers la r\u00e9gion de Gosfull, r\u00e9put\u00e9e pour ses paysages insolites. Ils ont v\u00e9cu une exp\u00e9rience unique en marchant entre deux continents, sur une plaque tectonique qui marque la division entre l&rsquo;Am\u00e9rique du Nord et l&rsquo;Europe, et ont admir\u00e9 les \u00e9tonnantes formations de pierre cr\u00e9\u00e9es par les mouvements sismiques.<\/span><span style=\"color: #cc99ff\">Ils ont visit\u00e9\u00a0 la c\u00e9l\u00e8bre cascade de Gullfoss, qui impressionne par sa hauteur et son d\u00e9bit impressionnants. Les \u00e9l\u00e8ves ont d\u00e9couvert l&rsquo;importance de la pr\u00e9servation de l&rsquo;environnement islandais. <\/span><span style=\"color: #cc99ff\">\u00a0Le groupe a explor\u00e9 le volcanisme islandais en visitant une r\u00e9gion proche de l&rsquo;Eyjafjallaj\u00f6kull, le c\u00e9l\u00e8bre volcan qui a perturb\u00e9 le trafic a\u00e9rien en Europe en 2010. Les \u00e9l\u00e8ves ont appris les processus g\u00e9ologiques qui sous-tendent la formation des volcans<\/span><br \/>\n<span style=\"color: #cc99ff\">Au bout de leur voyage, les \u00e9l\u00e8ves et les professeurs \u00e9taient \u00e9merveill\u00e9s par la beaut\u00e9 naturelle de l&rsquo;Islande et ont acquis une conscience environnementale plus profonde gr\u00e2ce \u00e0 leur exp\u00e9rience unique dans ce pays fascinant<\/span><\/p>\n<\/div>\n<div><code><div class=\"h5p-iframe-wrapper\"><iframe id=\"h5p-iframe-19\" class=\"h5p-iframe\" data-content-id=\"19\" style=\"height:1px\" src=\"about:blank\" frameBorder=\"0\" scrolling=\"no\" title=\"Erasmus Icelande\"><\/iframe><\/div><\/code><\/div>\n<div><\/div>\n<h4 style=\"text-align: center\"><strong><span style=\"color: #ff0000\">Visite en Cr\u00e8te<\/span><\/strong><\/h4>\n<div>\n<p><span style=\"color: #ff6600\">Le programme Erasmus a permis \u00e0 un groupe d&rsquo;\u00e9l\u00e8ves et de professeurs de visiter la Cr\u00e8te, une \u00eele grecque situ\u00e9e en mer M\u00e9diterran\u00e9e.<\/span><\/p>\n<p><span style=\"color: #ff6600\">Le groupe a \u00e9galement visit\u00e9 le site arch\u00e9ologique de Knossos, c\u00e9l\u00e8bre pour les fresques murales repr\u00e9sentant la mythologie minoenne, y compris celle des abeilles. Cette derni\u00e8re est souvent associ\u00e9e \u00e0 la d\u00e9esse grecque de l&rsquo;amour, Aphrodite.<\/span><\/p>\n<\/div>\n<div><span style=\"color: #ff6600\">\u00a0Les participants ont d\u00e9couvert \u00e9galement les r\u00e9cits mythologiques autour des abeilles et leur importance dans l&rsquo;histoire de la Cr\u00e8te.<\/span><\/div>\n<div><span style=\"color: #ff6600\">Les villes principales visit\u00e9es sont Rethymno, Heraklio et Chamia, o\u00f9 les participants peuvent d\u00e9couvrir des monuments historiques, des mus\u00e9es, des restaurants locaux et des plages pittoresques.<\/span><\/div>\n<div><span style=\"color: #ff6600\">Le programme Erasmus en Cr\u00e8te a offert aux participants une occasion de d\u00e9couvrir une culture et une histoire riches tout en partageant des exp\u00e9riences \u00e9ducatives passionnantes.<\/span><\/div>\n<div><code><div class=\"h5p-iframe-wrapper\"><iframe id=\"h5p-iframe-20\" class=\"h5p-iframe\" data-content-id=\"20\" style=\"height:1px\" src=\"about:blank\" frameBorder=\"0\" scrolling=\"no\" title=\"Erasmu crete\"><\/iframe><\/div><\/code><\/div>\n<div><\/div>\n<h4 style=\"text-align: center\"><strong><span style=\"color: #ff0000\">Simple times<\/span><\/strong><\/h4>\n<p><code><div class=\"h5p-iframe-wrapper\"><iframe id=\"h5p-iframe-21\" class=\"h5p-iframe\" data-content-id=\"21\" style=\"height:1px\" src=\"about:blank\" frameBorder=\"0\" scrolling=\"no\" title=\"Erasmus simple times\"><\/iframe><\/div><\/code><\/p>\n<h3 style=\"text-align: center\"><strong><span style=\"color: #000080\">Remerciements<\/span><\/strong><\/h3>\n<div><img loading=\"lazy\" decoding=\"async\" class=\"aligncenter wp-image-4078 size-full\" src=\"https:\/\/etab.ac-reunion.fr\/clg-lucet-langenier\/wp-content\/uploads\/sites\/25\/2023\/06\/diapo-1.png\" alt=\"\" width=\"884\" height=\"499\" srcset=\"https:\/\/etab.ac-reunion.fr\/clg-lucet-langenier\/wp-content\/uploads\/sites\/25\/2023\/06\/diapo-1.png 884w, https:\/\/etab.ac-reunion.fr\/clg-lucet-langenier\/wp-content\/uploads\/sites\/25\/2023\/06\/diapo-1-480x271.png 480w\" sizes=\"(min-width: 0px) and (max-width: 480px) 480px, (min-width: 481px) 884px, 100vw\" \/><\/div>\n<h3><strong><span style=\"color: #ff0000\">\u00a0<\/span><\/strong><\/h3>\n","protected":false},"excerpt":{"rendered":"<p>\u00a0Le Programme Erasmus est une initiative europ\u00e9enne qui permet aux \u00e9tudiants et aux enseignants de d\u00e9couvrir de nouveaux horizons et de nouveaux modes d&rsquo;apprentissage. Nos partenaires et les pays s\u00e9lectionn\u00e9s Voyage en Espagne \u00a0Cette action europ\u00e9enne a conduit un groupe d&rsquo;\u00e9l\u00e8ves et professeurs en Espagne, sur le th\u00e8me de l&rsquo;abeille et du cycle de vie. [&hellip;]<\/p>\n","protected":false},"author":28098,"featured_media":4078,"comment_status":"closed","ping_status":"closed","sticky":false,"template":"","format":"standard","meta":{"_et_pb_use_builder":"","_et_pb_old_content":"","_et_gb_content_width":"","footnotes":""},"categories":[1,99],"tags":[],"class_list":["post-4002","post","type-post","status-publish","format-standard","has-post-thumbnail","hentry","category-non-classe","category-praogramme-erasmus"],"_links":{"self":[{"href":"https:\/\/etab.ac-reunion.fr\/clg-lucet-langenier\/wp-json\/wp\/v2\/posts\/4002","targetHints":{"allow":["GET"]}}],"collection":[{"href":"https:\/\/etab.ac-reunion.fr\/clg-lucet-langenier\/wp-json\/wp\/v2\/posts"}],"about":[{"href":"https:\/\/etab.ac-reunion.fr\/clg-lucet-langenier\/wp-json\/wp\/v2\/types\/post"}],"author":[{"embeddable":true,"href":"https:\/\/etab.ac-reunion.fr\/clg-lucet-langenier\/wp-json\/wp\/v2\/users\/28098"}],"replies":[{"embeddable":true,"href":"https:\/\/etab.ac-reunion.fr\/clg-lucet-langenier\/wp-json\/wp\/v2\/comments?post=4002"}],"version-history":[{"count":15,"href":"https:\/\/etab.ac-reunion.fr\/clg-lucet-langenier\/wp-json\/wp\/v2\/posts\/4002\/revisions"}],"predecessor-version":[{"id":4085,"href":"https:\/\/etab.ac-reunion.fr\/clg-lucet-langenier\/wp-json\/wp\/v2\/posts\/4002\/revisions\/4085"}],"wp:featuredmedia":[{"embeddable":true,"href":"https:\/\/etab.ac-reunion.fr\/clg-lucet-langenier\/wp-json\/wp\/v2\/media\/4078"}],"wp:attachment":[{"href":"https:\/\/etab.ac-reunion.fr\/clg-lucet-langenier\/wp-json\/wp\/v2\/media?parent=4002"}],"wp:term":[{"taxonomy":"category","embeddable":true,"href":"https:\/\/etab.ac-reunion.fr\/clg-lucet-langenier\/wp-json\/wp\/v2\/categories?post=4002"},{"taxonomy":"post_tag","embeddable":true,"href":"https:\/\/etab.ac-reunion.fr\/clg-lucet-langenier\/wp-json\/wp\/v2\/tags?post=4002"}],"curies":[{"name":"wp","href":"https:\/\/api.w.org\/{rel}","templated":true}]}}