{"id":4024,"date":"2023-06-16T08:51:33","date_gmt":"2023-06-16T04:51:33","guid":{"rendered":"https:\/\/etab.ac-reunion.fr\/clg-lucet-langenier\/?p=4024"},"modified":"2024-02-20T18:05:53","modified_gmt":"2024-02-20T14:05:53","slug":"finale-academique-basket-benjamines","status":"publish","type":"post","link":"https:\/\/etab.ac-reunion.fr\/clg-lucet-langenier\/2023\/06\/16\/finale-academique-basket-benjamines\/","title":{"rendered":"FINALE ACAD\u00c9MIQUE BASKET BENJAMIN(E)S"},"content":{"rendered":"<div dir=\"auto\"><\/div>\n<div dir=\"auto\"><span style=\"color: #0000ff\">Ce Mercredi 7 Juin a eu lieu la Finale Acad\u00e9mique de Basket-ball Benjamins et Benjamines \u00e0 l&rsquo;universit\u00e9 du Tampon.\u00a0<\/span><\/div>\n<div dir=\"auto\"><\/div>\n<div dir=\"auto\"><span style=\"color: #0000ff\">Les 6 meilleures \u00e9quipes de l&rsquo;\u00eele \u00e9taient pr\u00e9sentes dans chaque cat\u00e9gorie, et r\u00e9parties en deux poules de 3.\u00a0<\/span><\/div>\n<div dir=\"auto\"><span style=\"color: #0000ff\">Les 2 premiers de chaque poule se qualifiant en demi finale.<\/span><\/div>\n<div dir=\"auto\"><\/div>\n<div dir=\"auto\"><span style=\"color: #0000ff\">A l&rsquo;image des Minimes Filles, c&rsquo;est au tour des Benjamines, coach\u00e9es ce jour par Lisa, de remporter le titre de Championne Acad\u00e9mique en s&rsquo;imposant en finale face \u00e0 Terrain Fleury apr\u00e8s avoir r\u00e9alis\u00e9 un parcours parfait.<\/span><\/div>\n<div dir=\"auto\"><\/div>\n<div dir=\"auto\"><span style=\"color: #0000ff\">Les Benjamins s&rsquo;inclinent d&rsquo;un petit point en demi finale face au coll\u00e8ge de Deux Canons mais terminent avec une belle m\u00e9daille de bronze \u00e0 la troisi\u00e8me place. La d\u00e9ception est l\u00e0 au vue du d\u00e9roul\u00e9 du match (panier vainqueur justement refus\u00e9 \u00e0 2 secondes de la fin) mais ils peuvent \u00eatre fiers de leur parcours cette ann\u00e9e.<\/span><\/div>\n<div dir=\"auto\"><\/div>\n<div dir=\"auto\"><span style=\"color: #0000ff\">Un jeu collectif de qualit\u00e9, du fair-play, de la solidarit\u00e9 et du d\u00e9passement de soi, nos deux \u00e9quipes nous aurons vraiment fait plaisir et remportent encore 7 des 8 matchs disput\u00e9s sur cette phase finale.<\/span><\/div>\n<div dir=\"auto\"><\/div>\n<div dir=\"auto\"><span style=\"color: #0000ff\">Merci \u00e0 Lisa-Marie, Aline, Tommy, Aymeric et Sir\u00e9line, qui ont de nouveau assur\u00e9 \u00e0 l&rsquo;arbitrage et \u00e0 la table de marque.<\/span><\/div>\n<div dir=\"auto\"><\/div>\n<div dir=\"auto\"><span style=\"color: #0000ff\">Bravo \u00e0 tous !!<\/span><\/div>\n<div dir=\"auto\"><\/div>\n<div dir=\"auto\"><span style=\"color: #0000ff\">Les r\u00e9sultats :<\/span><\/div>\n<div dir=\"auto\"><\/div>\n<div dir=\"auto\"><span style=\"color: #008000\"><strong>Benjamines :<\/strong><\/span><\/div>\n<div dir=\"auto\"><span style=\"color: #00ff00\">QF &#8211; Hyppolite Foucque : 20 &#8211; 4<\/span><\/div>\n<div dir=\"auto\"><span style=\"color: #00ff00\">QF &#8211; \u00c9tang St Paul : 12 &#8211; 0<\/span><\/div>\n<div dir=\"auto\"><span style=\"color: #00ff00\">QF &#8211; Auguste Lacaussade : 20 &#8211; 4<\/span><\/div>\n<div dir=\"auto\"><span style=\"color: #00ff00\">QF &#8211; Terrain Fleury : 17 &#8211; 6<\/span><\/div>\n<div dir=\"auto\"><\/div>\n<div dir=\"auto\"><strong><span style=\"color: #993300\">Benjamins :<\/span><\/strong><\/div>\n<div dir=\"auto\"><span style=\"color: #ff9900\">QF &#8211; Terrain Fleury : 21 &#8211; 18<\/span><\/div>\n<div dir=\"auto\"><span style=\"color: #ff9900\">QF &#8211; \u00c9tang St Paul : 19 &#8211; 13<\/span><\/div>\n<div dir=\"auto\"><span style=\"color: #ff9900\">QF &#8211; Deux Canons : 20 &#8211; 21<\/span><\/div>\n<div dir=\"auto\"><span style=\"color: #ff9900\">QF &#8211; Terrain Fleury : 24 &#8211; 22<\/span><\/div>\n<div dir=\"auto\"><\/div>\n<div dir=\"auto\"><img loading=\"lazy\" decoding=\"async\" class=\"alignnone size-medium wp-image-4023\" src=\"https:\/\/etab.ac-reunion.fr\/clg-lucet-langenier\/wp-content\/uploads\/sites\/25\/2023\/06\/IMG-20230607-WA0016-225x300.jpg\" alt=\"\" width=\"225\" height=\"300\" \/> <img loading=\"lazy\" decoding=\"async\" class=\"alignnone size-medium wp-image-4022\" src=\"https:\/\/etab.ac-reunion.fr\/clg-lucet-langenier\/wp-content\/uploads\/sites\/25\/2023\/06\/IMG-20230607-WA0014-225x300.jpg\" alt=\"\" width=\"225\" height=\"300\" \/> <img loading=\"lazy\" decoding=\"async\" class=\"alignnone size-medium wp-image-4021\" src=\"https:\/\/etab.ac-reunion.fr\/clg-lucet-langenier\/wp-content\/uploads\/sites\/25\/2023\/06\/IMG-20230607-WA0011-225x300.jpg\" alt=\"\" width=\"225\" height=\"300\" \/><\/div>\n<div dir=\"auto\"><strong>Mathieu TRAVERSAZ<\/strong><\/div>\n","protected":false},"excerpt":{"rendered":"<p>Ce Mercredi 7 Juin a eu lieu la Finale Acad\u00e9mique de Basket-ball Benjamins et Benjamines \u00e0 l&rsquo;universit\u00e9 du Tampon.\u00a0 Les 6 meilleures \u00e9quipes de l&rsquo;\u00eele \u00e9taient pr\u00e9sentes dans chaque cat\u00e9gorie, et r\u00e9parties en deux poules de 3.\u00a0 Les 2 premiers de chaque poule se qualifiant en demi finale. A l&rsquo;image des Minimes Filles, c&rsquo;est au [&hellip;]<\/p>\n","protected":false},"author":28098,"featured_media":4021,"comment_status":"closed","ping_status":"closed","sticky":false,"template":"","format":"standard","meta":{"_et_pb_use_builder":"","_et_pb_old_content":"","_et_gb_content_width":"","footnotes":""},"categories":[97],"tags":[],"class_list":["post-4024","post","type-post","status-publish","format-standard","has-post-thumbnail","hentry","category-association-sportive"],"_links":{"self":[{"href":"https:\/\/etab.ac-reunion.fr\/clg-lucet-langenier\/wp-json\/wp\/v2\/posts\/4024","targetHints":{"allow":["GET"]}}],"collection":[{"href":"https:\/\/etab.ac-reunion.fr\/clg-lucet-langenier\/wp-json\/wp\/v2\/posts"}],"about":[{"href":"https:\/\/etab.ac-reunion.fr\/clg-lucet-langenier\/wp-json\/wp\/v2\/types\/post"}],"author":[{"embeddable":true,"href":"https:\/\/etab.ac-reunion.fr\/clg-lucet-langenier\/wp-json\/wp\/v2\/users\/28098"}],"replies":[{"embeddable":true,"href":"https:\/\/etab.ac-reunion.fr\/clg-lucet-langenier\/wp-json\/wp\/v2\/comments?post=4024"}],"version-history":[{"count":1,"href":"https:\/\/etab.ac-reunion.fr\/clg-lucet-langenier\/wp-json\/wp\/v2\/posts\/4024\/revisions"}],"predecessor-version":[{"id":4025,"href":"https:\/\/etab.ac-reunion.fr\/clg-lucet-langenier\/wp-json\/wp\/v2\/posts\/4024\/revisions\/4025"}],"wp:featuredmedia":[{"embeddable":true,"href":"https:\/\/etab.ac-reunion.fr\/clg-lucet-langenier\/wp-json\/wp\/v2\/media\/4021"}],"wp:attachment":[{"href":"https:\/\/etab.ac-reunion.fr\/clg-lucet-langenier\/wp-json\/wp\/v2\/media?parent=4024"}],"wp:term":[{"taxonomy":"category","embeddable":true,"href":"https:\/\/etab.ac-reunion.fr\/clg-lucet-langenier\/wp-json\/wp\/v2\/categories?post=4024"},{"taxonomy":"post_tag","embeddable":true,"href":"https:\/\/etab.ac-reunion.fr\/clg-lucet-langenier\/wp-json\/wp\/v2\/tags?post=4024"}],"curies":[{"name":"wp","href":"https:\/\/api.w.org\/{rel}","templated":true}]}}