{"id":4193,"date":"2023-11-22T14:48:02","date_gmt":"2023-11-22T10:48:02","guid":{"rendered":"https:\/\/etab.ac-reunion.fr\/clg-lucet-langenier\/?p=4193"},"modified":"2024-06-05T13:54:18","modified_gmt":"2024-06-05T09:54:18","slug":"reunion-parents-professeurs","status":"publish","type":"post","link":"https:\/\/etab.ac-reunion.fr\/clg-lucet-langenier\/2023\/11\/22\/reunion-parents-professeurs\/","title":{"rendered":"Rencontre Parents-Professeurs"},"content":{"rendered":"<h3><span style=\"color: #000000\">La rencontre parents-professeurs du premier trimestr<\/span><span style=\"color: #ff0000\"><span style=\"color: #000000\">e<\/span> (pour<\/span> <span style=\"color: #ff0000\">tous les niveaux)<\/span><span style=\"color: #000000\"> aura lieu le samedi<\/span><span style=\"color: #ff0000\"> 2 d\u00e9cembre 2023<\/span>, <span style=\"color: #000000\">de 8 h 00 \u00e0 12 h 00. \u00a0<\/span><\/h3>\n<h3><span style=\"color: #000000\">\u00a0 &#8211; A ce titre,de 08h00 \u00e0 08h30, le professeur principal recevra les familles de sa classe respective afin de remettre les bulletins, les r\u00e9compenses et les mises en garde. <\/span><br \/>\n<span style=\"color: #000000\">\u00a0 &#8211; A partir de 08h30, vous pourrez rencontrer individuellement les enseignants de votre enfant.<\/span><\/h3>\n<h4><span style=\"color: #ff0000\">Attention pr\u00e9voir le carnet de liaison de votre enfant et votre pi\u00e8ce d&rsquo;identit\u00e9 (VIGIPIRATE niveau alerte attentat).<\/span><\/h4>\n","protected":false},"excerpt":{"rendered":"<p>La rencontre parents-professeurs du premier trimestre (pour tous les niveaux) aura lieu le samedi 2 d\u00e9cembre 2023, de 8 h 00 \u00e0 12 h 00. \u00a0 \u00a0 &#8211; A ce titre,de 08h00 \u00e0 08h30, le professeur principal recevra les familles de sa classe respective afin de remettre les bulletins, les r\u00e9compenses et les mises en [&hellip;]<\/p>\n","protected":false},"author":28098,"featured_media":4195,"comment_status":"closed","ping_status":"closed","sticky":false,"template":"","format":"standard","meta":{"_et_pb_use_builder":"","_et_pb_old_content":"","_et_gb_content_width":"","footnotes":""},"categories":[1],"tags":[],"class_list":["post-4193","post","type-post","status-publish","format-standard","has-post-thumbnail","hentry","category-non-classe"],"_links":{"self":[{"href":"https:\/\/etab.ac-reunion.fr\/clg-lucet-langenier\/wp-json\/wp\/v2\/posts\/4193","targetHints":{"allow":["GET"]}}],"collection":[{"href":"https:\/\/etab.ac-reunion.fr\/clg-lucet-langenier\/wp-json\/wp\/v2\/posts"}],"about":[{"href":"https:\/\/etab.ac-reunion.fr\/clg-lucet-langenier\/wp-json\/wp\/v2\/types\/post"}],"author":[{"embeddable":true,"href":"https:\/\/etab.ac-reunion.fr\/clg-lucet-langenier\/wp-json\/wp\/v2\/users\/28098"}],"replies":[{"embeddable":true,"href":"https:\/\/etab.ac-reunion.fr\/clg-lucet-langenier\/wp-json\/wp\/v2\/comments?post=4193"}],"version-history":[{"count":10,"href":"https:\/\/etab.ac-reunion.fr\/clg-lucet-langenier\/wp-json\/wp\/v2\/posts\/4193\/revisions"}],"predecessor-version":[{"id":4211,"href":"https:\/\/etab.ac-reunion.fr\/clg-lucet-langenier\/wp-json\/wp\/v2\/posts\/4193\/revisions\/4211"}],"wp:featuredmedia":[{"embeddable":true,"href":"https:\/\/etab.ac-reunion.fr\/clg-lucet-langenier\/wp-json\/wp\/v2\/media\/4195"}],"wp:attachment":[{"href":"https:\/\/etab.ac-reunion.fr\/clg-lucet-langenier\/wp-json\/wp\/v2\/media?parent=4193"}],"wp:term":[{"taxonomy":"category","embeddable":true,"href":"https:\/\/etab.ac-reunion.fr\/clg-lucet-langenier\/wp-json\/wp\/v2\/categories?post=4193"},{"taxonomy":"post_tag","embeddable":true,"href":"https:\/\/etab.ac-reunion.fr\/clg-lucet-langenier\/wp-json\/wp\/v2\/tags?post=4193"}],"curies":[{"name":"wp","href":"https:\/\/api.w.org\/{rel}","templated":true}]}}