{"id":4227,"date":"2023-12-08T10:59:26","date_gmt":"2023-12-08T06:59:26","guid":{"rendered":"https:\/\/etab.ac-reunion.fr\/clg-lucet-langenier\/?p=4227"},"modified":"2025-10-01T17:14:45","modified_gmt":"2025-10-01T13:14:45","slug":"protocole-a-linfirmerie","status":"publish","type":"post","link":"https:\/\/etab.ac-reunion.fr\/clg-lucet-langenier\/2023\/12\/08\/protocole-a-linfirmerie\/","title":{"rendered":"Protocole \u00e0 l&rsquo;infirmerie"},"content":{"rendered":"<blockquote>\n<p align=\"justify\"><span style=\"color: #000080\"><span style=\"font-family: Helvetica Neue, serif\"><span style=\"font-size: xx-small\"><span style=\"font-family: Arial, serif\"><span style=\"font-size: small\">Un protocole de premiers soins a \u00e9t\u00e9 \u00e9tabli pour la gestion des malades et\/ou bless\u00e9s en l\u2019absence de l\u2019infirmi\u00e8re scolaire. (Rappel : l\u2019infirmi\u00e8re est dans les \u00e9coles les mardis et les jeudis).<\/span><\/span><\/span><\/span><\/span><\/p>\n<p align=\"justify\"><span style=\"color: #000080\"><span style=\"font-family: Helvetica Neue, serif\"><span style=\"font-size: xx-small\"><span style=\"font-family: Arial, serif\">En r\u00e9f\u00e9rence au BO EN HS n\u00b01 du 06\/01\/2000.<\/span><\/span><\/span><\/span><\/p>\n<p><span style=\"color: #000080\"><span style=\"font-family: Helvetica Neue, serif\"><span style=\"font-size: xx-small\"><span style=\"font-family: Arial, serif\"><span style=\"font-size: small\">Nous vous rappelons qu\u2019aucun personnel de l\u2019\u00e9tablissement n\u2019est autoris\u00e9 \u00e0 d\u00e9livrer de m\u00e9dicaments hors PAI (document pour les \u00e9l\u00e8ves \u00e0 maladies chroniques).<\/span><\/span><\/span><\/span><\/span><\/p>\n<ul>\n<li>\n<p align=\"justify\"><span style=\"color: #000080\"><span style=\"font-family: Helvetica Neue, serif\"><span style=\"font-size: xx-small\"><span style=\"font-family: Arial, serif\"><span style=\"font-size: small\">En cas de fi\u00e8vre (temp\u00e9rature mesur\u00e9e et sup\u00e9rieure ou \u00e9gale \u00e0 38\u00b0C), vous serez contact\u00e9s et invit\u00e9s \u00e0 venir r\u00e9cup\u00e9rer votre enfant.<\/span><\/span><\/span><\/span><\/span><\/p>\n<\/li>\n<\/ul>\n<ul>\n<li>\n<p align=\"justify\"><span style=\"color: #000080\"><span style=\"font-family: Helvetica Neue, serif\"><span style=\"font-size: xx-small\"><span style=\"font-family: Arial, serif\"><span style=\"font-size: small\">En cas de blessure, les premiers soins seront effectu\u00e9s par le personnel du coll\u00e8ge et si besoin d\u2019un avis m\u00e9dical ou de soins plus cons\u00e9quents, vous serez contact\u00e9s et invit\u00e9s \u00e0 venir r\u00e9cup\u00e9rer votre enfant.<\/span><\/span><\/span><\/span><\/span><\/p>\n<\/li>\n<\/ul>\n<ul>\n<li>\n<p align=\"justify\"><span style=\"color: #000080\"><span style=\"font-family: Helvetica Neue, serif\"><span style=\"font-size: xx-small\"><span style=\"font-family: Arial, serif\"><span style=\"font-size: small\">En cas de douleurs et\/ou vomissements, vous serez contact\u00e9s et invit\u00e9s \u00e0 venir r\u00e9cup\u00e9rer votre enfant.<\/span><\/span><\/span><\/span><\/span><\/p>\n<\/li>\n<\/ul>\n<ul>\n<li>\n<p align=\"justify\"><span style=\"color: #000080\"><span style=\"font-family: Helvetica Neue, serif\"><span style=\"font-size: xx-small\"><span style=\"font-family: Arial, serif\"><span style=\"font-size: small\">En cas d\u2019urgence, si l\u2019\u00e9tablissement contacte le 15, vous en serez inform\u00e9s dans les plus brefs d\u00e9lais.<\/span><\/span><\/span><\/span><\/span><\/p>\n<\/li>\n<\/ul>\n<p align=\"right\"><strong><span style=\"color: #000080\"><span style=\"font-family: Helvetica Neue, serif\"><span style=\"font-size: xx-small\"><span style=\"font-family: Arial, serif\"><span style=\"font-size: small\">LA DIRECTION<\/span><\/span><\/span><\/span><\/span><\/strong><\/p>\n<\/blockquote>\n<p style=\"text-align: right\"><span style=\"color: #000080\">Cordialement, <\/span><br \/>\n<span style=\"color: #000080\">D. Comin<\/span><\/p>\n","protected":false},"excerpt":{"rendered":"<p>Un protocole de premiers soins a \u00e9t\u00e9 \u00e9tabli pour la gestion des malades et\/ou bless\u00e9s en l\u2019absence de l\u2019infirmi\u00e8re scolaire. (Rappel : l\u2019infirmi\u00e8re est dans les \u00e9coles les mardis et les jeudis). En r\u00e9f\u00e9rence au BO EN HS n\u00b01 du 06\/01\/2000. Nous vous rappelons qu\u2019aucun personnel de l\u2019\u00e9tablissement n\u2019est autoris\u00e9 \u00e0 d\u00e9livrer de m\u00e9dicaments hors [&hellip;]<\/p>\n","protected":false},"author":28098,"featured_media":4229,"comment_status":"closed","ping_status":"closed","sticky":false,"template":"","format":"standard","meta":{"_et_pb_use_builder":"","_et_pb_old_content":"","_et_gb_content_width":"","footnotes":""},"categories":[1],"tags":[],"class_list":["post-4227","post","type-post","status-publish","format-standard","has-post-thumbnail","hentry","category-non-classe"],"_links":{"self":[{"href":"https:\/\/etab.ac-reunion.fr\/clg-lucet-langenier\/wp-json\/wp\/v2\/posts\/4227","targetHints":{"allow":["GET"]}}],"collection":[{"href":"https:\/\/etab.ac-reunion.fr\/clg-lucet-langenier\/wp-json\/wp\/v2\/posts"}],"about":[{"href":"https:\/\/etab.ac-reunion.fr\/clg-lucet-langenier\/wp-json\/wp\/v2\/types\/post"}],"author":[{"embeddable":true,"href":"https:\/\/etab.ac-reunion.fr\/clg-lucet-langenier\/wp-json\/wp\/v2\/users\/28098"}],"replies":[{"embeddable":true,"href":"https:\/\/etab.ac-reunion.fr\/clg-lucet-langenier\/wp-json\/wp\/v2\/comments?post=4227"}],"version-history":[{"count":1,"href":"https:\/\/etab.ac-reunion.fr\/clg-lucet-langenier\/wp-json\/wp\/v2\/posts\/4227\/revisions"}],"predecessor-version":[{"id":4228,"href":"https:\/\/etab.ac-reunion.fr\/clg-lucet-langenier\/wp-json\/wp\/v2\/posts\/4227\/revisions\/4228"}],"wp:featuredmedia":[{"embeddable":true,"href":"https:\/\/etab.ac-reunion.fr\/clg-lucet-langenier\/wp-json\/wp\/v2\/media\/4229"}],"wp:attachment":[{"href":"https:\/\/etab.ac-reunion.fr\/clg-lucet-langenier\/wp-json\/wp\/v2\/media?parent=4227"}],"wp:term":[{"taxonomy":"category","embeddable":true,"href":"https:\/\/etab.ac-reunion.fr\/clg-lucet-langenier\/wp-json\/wp\/v2\/categories?post=4227"},{"taxonomy":"post_tag","embeddable":true,"href":"https:\/\/etab.ac-reunion.fr\/clg-lucet-langenier\/wp-json\/wp\/v2\/tags?post=4227"}],"curies":[{"name":"wp","href":"https:\/\/api.w.org\/{rel}","templated":true}]}}