{"id":4248,"date":"2024-04-21T16:38:56","date_gmt":"2024-04-21T12:38:56","guid":{"rendered":"https:\/\/etab.ac-reunion.fr\/clg-lucet-langenier\/?p=4248"},"modified":"2024-12-04T19:20:16","modified_gmt":"2024-12-04T15:20:16","slug":"concours-academique-de-technologie-2","status":"publish","type":"post","link":"https:\/\/etab.ac-reunion.fr\/clg-lucet-langenier\/2024\/04\/21\/concours-academique-de-technologie-2\/","title":{"rendered":"Concours Acad\u00e9mique de Technologie"},"content":{"rendered":"<div class=\"header\">\n<h3><span style=\"color: #ff0000\">Lancement du concours Acad\u00e9mique de Technologie 2023-2024 : 2\u00e8me Edition<\/span><\/h3>\n<\/div>\n<div class=\"teaser-text\">\n<p><strong>L\u2019objectif principal du concours est la valorisation de la voie technologique industrielle. Il entre dans le cadre du plan national de valorisation de la voie technologique, et en particulier pour la fili\u00e8re STI2D.<\/strong><\/p>\n<\/div>\n<p><img loading=\"lazy\" decoding=\"async\" class=\"alignnone size-medium wp-image-4250 aligncenter\" src=\"https:\/\/etab.ac-reunion.fr\/clg-lucet-langenier\/wp-content\/uploads\/sites\/25\/2024\/01\/affiche-2023-212x300.png\" alt=\"\" width=\"212\" height=\"300\" srcset=\"https:\/\/etab.ac-reunion.fr\/clg-lucet-langenier\/wp-content\/uploads\/sites\/25\/2024\/01\/affiche-2023-212x300.png 212w, https:\/\/etab.ac-reunion.fr\/clg-lucet-langenier\/wp-content\/uploads\/sites\/25\/2024\/01\/affiche-2023.png 300w\" sizes=\"(max-width: 212px) 100vw, 212px\" \/><\/p>\n<p><strong>Le lyc\u00e9e Bel Air a accueilli le\u00a0 jeudi 14 d\u00e9cembre les coll\u00e8ges d&rsquo;Hippolyte Foucque, B\u00e9dier et de Quartier Fran\u00e7ais pour la phase qualificative. Pour chaque coll\u00e8ge, trois \u00e9quipes \u00e9taient en comp\u00e9tition et celle qui repr\u00e9sentera le coll\u00e8ge de Quartier Fran\u00e7ais \u00e0 la phase finale est l&rsquo;\u00e9quipe :<\/strong><\/p>\n<p><img loading=\"lazy\" decoding=\"async\" class=\"aligncenter wp-image-4430 size-large\" src=\"https:\/\/etab.ac-reunion.fr\/clg-lucet-langenier\/wp-content\/uploads\/sites\/25\/2024\/04\/equipe-qualif-1024x768.jpg\" alt=\"\" width=\"1024\" height=\"768\" srcset=\"https:\/\/etab.ac-reunion.fr\/clg-lucet-langenier\/wp-content\/uploads\/sites\/25\/2024\/04\/equipe-qualif-980x735.jpg 980w, https:\/\/etab.ac-reunion.fr\/clg-lucet-langenier\/wp-content\/uploads\/sites\/25\/2024\/04\/equipe-qualif-480x360.jpg 480w\" sizes=\"(min-width: 0px) and (max-width: 480px) 480px, (min-width: 481px) and (max-width: 980px) 980px, (min-width: 981px) 1024px, 100vw\" \/><\/p>\n<p><strong><span style=\"color: #0000ff\">L&rsquo;\u00e9quipe de Technologie<\/span><\/strong><\/p>\n<p>&nbsp;<\/p>\n<p>&nbsp;<\/p>\n<div class=\"teaser-text\">\n<p>&nbsp;<\/p>\n<p>&nbsp;<\/p>\n<\/div>\n","protected":false},"excerpt":{"rendered":"<p>Lancement du concours Acad\u00e9mique de Technologie 2023-2024 : 2\u00e8me Edition L\u2019objectif principal du concours est la valorisation de la voie technologique industrielle. Il entre dans le cadre du plan national de valorisation de la voie technologique, et en particulier pour la fili\u00e8re STI2D. Le lyc\u00e9e Bel Air a accueilli le\u00a0 jeudi 14 d\u00e9cembre les coll\u00e8ges [&hellip;]<\/p>\n","protected":false},"author":28098,"featured_media":4432,"comment_status":"closed","ping_status":"closed","sticky":false,"template":"","format":"standard","meta":{"_et_pb_use_builder":"","_et_pb_old_content":"","_et_gb_content_width":"","footnotes":""},"categories":[1,90],"tags":[],"class_list":["post-4248","post","type-post","status-publish","format-standard","has-post-thumbnail","hentry","category-non-classe","category-technologie"],"_links":{"self":[{"href":"https:\/\/etab.ac-reunion.fr\/clg-lucet-langenier\/wp-json\/wp\/v2\/posts\/4248","targetHints":{"allow":["GET"]}}],"collection":[{"href":"https:\/\/etab.ac-reunion.fr\/clg-lucet-langenier\/wp-json\/wp\/v2\/posts"}],"about":[{"href":"https:\/\/etab.ac-reunion.fr\/clg-lucet-langenier\/wp-json\/wp\/v2\/types\/post"}],"author":[{"embeddable":true,"href":"https:\/\/etab.ac-reunion.fr\/clg-lucet-langenier\/wp-json\/wp\/v2\/users\/28098"}],"replies":[{"embeddable":true,"href":"https:\/\/etab.ac-reunion.fr\/clg-lucet-langenier\/wp-json\/wp\/v2\/comments?post=4248"}],"version-history":[{"count":5,"href":"https:\/\/etab.ac-reunion.fr\/clg-lucet-langenier\/wp-json\/wp\/v2\/posts\/4248\/revisions"}],"predecessor-version":[{"id":4434,"href":"https:\/\/etab.ac-reunion.fr\/clg-lucet-langenier\/wp-json\/wp\/v2\/posts\/4248\/revisions\/4434"}],"wp:featuredmedia":[{"embeddable":true,"href":"https:\/\/etab.ac-reunion.fr\/clg-lucet-langenier\/wp-json\/wp\/v2\/media\/4432"}],"wp:attachment":[{"href":"https:\/\/etab.ac-reunion.fr\/clg-lucet-langenier\/wp-json\/wp\/v2\/media?parent=4248"}],"wp:term":[{"taxonomy":"category","embeddable":true,"href":"https:\/\/etab.ac-reunion.fr\/clg-lucet-langenier\/wp-json\/wp\/v2\/categories?post=4248"},{"taxonomy":"post_tag","embeddable":true,"href":"https:\/\/etab.ac-reunion.fr\/clg-lucet-langenier\/wp-json\/wp\/v2\/tags?post=4248"}],"curies":[{"name":"wp","href":"https:\/\/api.w.org\/{rel}","templated":true}]}}