{"id":4271,"date":"2024-02-08T14:27:18","date_gmt":"2024-02-08T10:27:18","guid":{"rendered":"https:\/\/etab.ac-reunion.fr\/clg-lucet-langenier\/?p=4271"},"modified":"2024-07-02T19:15:29","modified_gmt":"2024-07-02T15:15:29","slug":"flash-orientation-2024-n1","status":"publish","type":"post","link":"https:\/\/etab.ac-reunion.fr\/clg-lucet-langenier\/2024\/02\/08\/flash-orientation-2024-n1\/","title":{"rendered":"Flash orientation 2024 N\u00b01"},"content":{"rendered":"<p style=\"text-align: left\"><span style=\"color: #3366ff\">Les d\u00e9marches pour l&rsquo;orientation des \u00e9l\u00e8ves de 3\u00e8me se feront en deux phases :<\/span><\/p>\n<ol>\n<li style=\"list-style-type: none\">\n<ol>\n<li><span style=\"color: #008080\">Phase provisoire du 05\/02\/2024 au 22\/03\/2024<\/span><\/li>\n<li><span style=\"color: #008080\">Phase d\u00e9finitive du 20\/04\/2024 au 07\/06\/2024<\/span><\/li>\n<\/ol>\n<\/li>\n<\/ol>\n<p><span style=\"color: #3366ff\">Pour vous accompagner dans vos d\u00e9marches, vous trouverez ci-joint :<\/span><\/p>\n<ul>\n<li style=\"list-style-type: none\">\n<ul>\n<li>un flyer avec les diff\u00e9rentes dates <a href=\"https:\/\/etab.ac-reunion.fr\/clg-lucet-langenier\/wp-content\/uploads\/sites\/25\/2024\/02\/flyer_3e.pdf\">flyer_3e<\/a><\/li>\n<li>un tutoriel.<a href=\"https:\/\/etab.ac-reunion.fr\/clg-lucet-langenier\/wp-content\/uploads\/sites\/25\/2024\/02\/presentation_orientation_en-ligne_3e_phase-provisoire2024.pdf\">presentation_orientation_en-ligne_3e_phase-provisoire2024<\/a><\/li>\n<\/ul>\n<\/li>\n<\/ul>\n","protected":false},"excerpt":{"rendered":"<p>Les d\u00e9marches pour l&rsquo;orientation des \u00e9l\u00e8ves de 3\u00e8me se feront en deux phases : Phase provisoire du 05\/02\/2024 au 22\/03\/2024 Phase d\u00e9finitive du 20\/04\/2024 au 07\/06\/2024 Pour vous accompagner dans vos d\u00e9marches, vous trouverez ci-joint : un flyer avec les diff\u00e9rentes dates flyer_3e un tutoriel.presentation_orientation_en-ligne_3e_phase-provisoire2024<\/p>\n","protected":false},"author":22103,"featured_media":3999,"comment_status":"closed","ping_status":"closed","sticky":false,"template":"","format":"standard","meta":{"_et_pb_use_builder":"","_et_pb_old_content":"","_et_gb_content_width":"","footnotes":""},"categories":[1],"tags":[],"class_list":["post-4271","post","type-post","status-publish","format-standard","has-post-thumbnail","hentry","category-non-classe"],"_links":{"self":[{"href":"https:\/\/etab.ac-reunion.fr\/clg-lucet-langenier\/wp-json\/wp\/v2\/posts\/4271","targetHints":{"allow":["GET"]}}],"collection":[{"href":"https:\/\/etab.ac-reunion.fr\/clg-lucet-langenier\/wp-json\/wp\/v2\/posts"}],"about":[{"href":"https:\/\/etab.ac-reunion.fr\/clg-lucet-langenier\/wp-json\/wp\/v2\/types\/post"}],"author":[{"embeddable":true,"href":"https:\/\/etab.ac-reunion.fr\/clg-lucet-langenier\/wp-json\/wp\/v2\/users\/22103"}],"replies":[{"embeddable":true,"href":"https:\/\/etab.ac-reunion.fr\/clg-lucet-langenier\/wp-json\/wp\/v2\/comments?post=4271"}],"version-history":[{"count":6,"href":"https:\/\/etab.ac-reunion.fr\/clg-lucet-langenier\/wp-json\/wp\/v2\/posts\/4271\/revisions"}],"predecessor-version":[{"id":4279,"href":"https:\/\/etab.ac-reunion.fr\/clg-lucet-langenier\/wp-json\/wp\/v2\/posts\/4271\/revisions\/4279"}],"wp:featuredmedia":[{"embeddable":true,"href":"https:\/\/etab.ac-reunion.fr\/clg-lucet-langenier\/wp-json\/wp\/v2\/media\/3999"}],"wp:attachment":[{"href":"https:\/\/etab.ac-reunion.fr\/clg-lucet-langenier\/wp-json\/wp\/v2\/media?parent=4271"}],"wp:term":[{"taxonomy":"category","embeddable":true,"href":"https:\/\/etab.ac-reunion.fr\/clg-lucet-langenier\/wp-json\/wp\/v2\/categories?post=4271"},{"taxonomy":"post_tag","embeddable":true,"href":"https:\/\/etab.ac-reunion.fr\/clg-lucet-langenier\/wp-json\/wp\/v2\/tags?post=4271"}],"curies":[{"name":"wp","href":"https:\/\/api.w.org\/{rel}","templated":true}]}}