{"id":4280,"date":"2024-02-09T09:20:54","date_gmt":"2024-02-09T05:20:54","guid":{"rendered":"https:\/\/etab.ac-reunion.fr\/clg-lucet-langenier\/?p=4280"},"modified":"2024-12-04T19:22:54","modified_gmt":"2024-12-04T15:22:54","slug":"6-a-oceano","status":"publish","type":"post","link":"https:\/\/etab.ac-reunion.fr\/clg-lucet-langenier\/2024\/02\/09\/6-a-oceano\/","title":{"rendered":"6\u00b0 A Oc\u00e9ano"},"content":{"rendered":"<div><span style=\"color: #0000ff\">La classe de 6\u00e8me A Oc\u00e9ano pour Tous 2023-2024 a profit\u00e9 de leur journ\u00e9e d&rsquo;action pour la restauration de la for\u00eat de Dior\u00e9 avec l&rsquo;association Allons Pren&rsquo;Dior\u00e9 en main avec Mme Begue Sylvaine, pour compl\u00e9ter leurs fiches p\u00e9dagogiques.<\/span><\/div>\n<div class=\"mimetype-multipart-mixed\">\n<div><span style=\"color: #0000ff\">La restauration de la for\u00eat pr\u00e9serve le climat et la biodiversit\u00e9 de notre \u00eele.<\/span><\/div>\n<\/div>\n<div>\n<p><span style=\"color: #ff0000\"><em>Cliquez sur le lien ci-dessous pour d\u00e9couvrir la\u00a0 vid\u00e9o-CANVA.<\/em> <\/span><\/p>\n<p><a href=\"https:\/\/tube-action-educative.apps.education.fr\/w\/8MzvNJaTe6t7CDwebvk5bf\">https:\/\/tube-action-educative.apps.education.fr\/w\/8MzvNJaTe6t7CDwebvk5bf<\/a><\/p>\n<\/div>\n<div class=\"mimetype-multipart-mixed\">\n<div><span style=\"color: #808080\"><strong>R\u00e9alisation Mme Delebarre.<\/strong><\/span><\/div>\n<div><span style=\"color: #0000ff\"><strong><span style=\"color: #808080\"> Encadrement de la sortie Mme Meyer professeur de fran\u00e7ais et Mme Delebarre professeur de SVT.<\/span>\u00a0<\/strong><\/span><\/div>\n<\/div>\n","protected":false},"excerpt":{"rendered":"<p>La classe de 6\u00e8me A Oc\u00e9ano pour Tous 2023-2024 a profit\u00e9 de leur journ\u00e9e d&rsquo;action pour la restauration de la for\u00eat de Dior\u00e9 avec l&rsquo;association Allons Pren&rsquo;Dior\u00e9 en main avec Mme Begue Sylvaine, pour compl\u00e9ter leurs fiches p\u00e9dagogiques. La restauration de la for\u00eat pr\u00e9serve le climat et la biodiversit\u00e9 de notre \u00eele. Cliquez sur le [&hellip;]<\/p>\n","protected":false},"author":28098,"featured_media":4283,"comment_status":"closed","ping_status":"closed","sticky":false,"template":"","format":"standard","meta":{"_et_pb_use_builder":"","_et_pb_old_content":"","_et_gb_content_width":"","footnotes":""},"categories":[1,84],"tags":[],"class_list":["post-4280","post","type-post","status-publish","format-standard","has-post-thumbnail","hentry","category-non-classe","category-oceano"],"_links":{"self":[{"href":"https:\/\/etab.ac-reunion.fr\/clg-lucet-langenier\/wp-json\/wp\/v2\/posts\/4280","targetHints":{"allow":["GET"]}}],"collection":[{"href":"https:\/\/etab.ac-reunion.fr\/clg-lucet-langenier\/wp-json\/wp\/v2\/posts"}],"about":[{"href":"https:\/\/etab.ac-reunion.fr\/clg-lucet-langenier\/wp-json\/wp\/v2\/types\/post"}],"author":[{"embeddable":true,"href":"https:\/\/etab.ac-reunion.fr\/clg-lucet-langenier\/wp-json\/wp\/v2\/users\/28098"}],"replies":[{"embeddable":true,"href":"https:\/\/etab.ac-reunion.fr\/clg-lucet-langenier\/wp-json\/wp\/v2\/comments?post=4280"}],"version-history":[{"count":3,"href":"https:\/\/etab.ac-reunion.fr\/clg-lucet-langenier\/wp-json\/wp\/v2\/posts\/4280\/revisions"}],"predecessor-version":[{"id":4284,"href":"https:\/\/etab.ac-reunion.fr\/clg-lucet-langenier\/wp-json\/wp\/v2\/posts\/4280\/revisions\/4284"}],"wp:featuredmedia":[{"embeddable":true,"href":"https:\/\/etab.ac-reunion.fr\/clg-lucet-langenier\/wp-json\/wp\/v2\/media\/4283"}],"wp:attachment":[{"href":"https:\/\/etab.ac-reunion.fr\/clg-lucet-langenier\/wp-json\/wp\/v2\/media?parent=4280"}],"wp:term":[{"taxonomy":"category","embeddable":true,"href":"https:\/\/etab.ac-reunion.fr\/clg-lucet-langenier\/wp-json\/wp\/v2\/categories?post=4280"},{"taxonomy":"post_tag","embeddable":true,"href":"https:\/\/etab.ac-reunion.fr\/clg-lucet-langenier\/wp-json\/wp\/v2\/tags?post=4280"}],"curies":[{"name":"wp","href":"https:\/\/api.w.org\/{rel}","templated":true}]}}