{"id":4324,"date":"2024-03-23T21:29:07","date_gmt":"2024-03-23T17:29:07","guid":{"rendered":"https:\/\/etab.ac-reunion.fr\/clg-lucet-langenier\/?p=4324"},"modified":"2024-12-04T19:22:08","modified_gmt":"2024-12-04T15:22:08","slug":"clean-up-day","status":"publish","type":"post","link":"https:\/\/etab.ac-reunion.fr\/clg-lucet-langenier\/2024\/03\/23\/clean-up-day\/","title":{"rendered":"CLEAN UP DAY"},"content":{"rendered":"<p><span style=\"color: #00ff00\"><strong>CLEAN UP DAY GEANT AU BOCAGE,<\/strong> <\/span><\/p>\n<p><span style=\"color: #00ff00\">Plus de 200 \u00e9l\u00e8ves pr\u00e9sents du Primaires au Lyc\u00e9e.<\/span><br \/>\n<span style=\"color: #00ff00\">Les \u00e9co-d\u00e9l\u00e9gu\u00e9s des lyc\u00e9e Bel Air, du lyc\u00e9e Cluny, du coll\u00e8ges Hippolyte Foucque et du coll\u00e8ge Lucet Langenier et des classes du primaire se sont retrouv\u00e9s pour une action de nettoyage du Parc du Bocage.<\/span><br \/>\n<span style=\"color: #00ff00\">Cette action a \u00e9t\u00e9 organis\u00e9e par les r\u00e9f\u00e9rentes et r\u00e9f\u00e9rent EDD \u00c9ducation au D\u00e9veloppement Durable de chaque \u00e9tablissement, dans le cadre de la Marche pour le Climat et pour la Biodiversit\u00e9 de la Ville de Sainte Suzanne.<\/span><br \/>\n<span style=\"color: #00ff00\">De nombreux d\u00e9chets ont \u00e9t\u00e9 ramass\u00e9s et tri\u00e9s : bouteilles, canettes, bouteilles d&rsquo;alcool, m\u00e9gots de cigarette, emballages de g\u00e2teaux, chaussures, plastiques en d\u00e9composition, &#8230;.<\/span><br \/>\n<span style=\"color: #00ff00\">Un grand bravo aux \u00e9l\u00e8ves et aux enseignants impliqu\u00e9s et \u00e0 tous les partenaires et m\u00e9dias. <\/span><\/p>\n<p><code><div class=\"h5p-iframe-wrapper\"><iframe id=\"h5p-iframe-27\" class=\"h5p-iframe\" data-content-id=\"27\" style=\"height:1px\" src=\"about:blank\" frameBorder=\"0\" scrolling=\"no\" title=\"CLEAN UP DAY\"><\/iframe><\/div><\/code><\/p>\n<p>&nbsp;<\/p>\n<p>Mme DELEBARRE<\/p>\n","protected":false},"excerpt":{"rendered":"<p>CLEAN UP DAY GEANT AU BOCAGE, Plus de 200 \u00e9l\u00e8ves pr\u00e9sents du Primaires au Lyc\u00e9e. Les \u00e9co-d\u00e9l\u00e9gu\u00e9s des lyc\u00e9e Bel Air, du lyc\u00e9e Cluny, du coll\u00e8ges Hippolyte Foucque et du coll\u00e8ge Lucet Langenier et des classes du primaire se sont retrouv\u00e9s pour une action de nettoyage du Parc du Bocage. Cette action a \u00e9t\u00e9 organis\u00e9e [&hellip;]<\/p>\n","protected":false},"author":28098,"featured_media":4326,"comment_status":"closed","ping_status":"closed","sticky":false,"template":"","format":"standard","meta":{"_et_pb_use_builder":"","_et_pb_old_content":"","_et_gb_content_width":"","footnotes":""},"categories":[109,1],"tags":[],"class_list":["post-4324","post","type-post","status-publish","format-standard","has-post-thumbnail","hentry","category-clean-up-day","category-non-classe"],"_links":{"self":[{"href":"https:\/\/etab.ac-reunion.fr\/clg-lucet-langenier\/wp-json\/wp\/v2\/posts\/4324","targetHints":{"allow":["GET"]}}],"collection":[{"href":"https:\/\/etab.ac-reunion.fr\/clg-lucet-langenier\/wp-json\/wp\/v2\/posts"}],"about":[{"href":"https:\/\/etab.ac-reunion.fr\/clg-lucet-langenier\/wp-json\/wp\/v2\/types\/post"}],"author":[{"embeddable":true,"href":"https:\/\/etab.ac-reunion.fr\/clg-lucet-langenier\/wp-json\/wp\/v2\/users\/28098"}],"replies":[{"embeddable":true,"href":"https:\/\/etab.ac-reunion.fr\/clg-lucet-langenier\/wp-json\/wp\/v2\/comments?post=4324"}],"version-history":[{"count":4,"href":"https:\/\/etab.ac-reunion.fr\/clg-lucet-langenier\/wp-json\/wp\/v2\/posts\/4324\/revisions"}],"predecessor-version":[{"id":4536,"href":"https:\/\/etab.ac-reunion.fr\/clg-lucet-langenier\/wp-json\/wp\/v2\/posts\/4324\/revisions\/4536"}],"wp:featuredmedia":[{"embeddable":true,"href":"https:\/\/etab.ac-reunion.fr\/clg-lucet-langenier\/wp-json\/wp\/v2\/media\/4326"}],"wp:attachment":[{"href":"https:\/\/etab.ac-reunion.fr\/clg-lucet-langenier\/wp-json\/wp\/v2\/media?parent=4324"}],"wp:term":[{"taxonomy":"category","embeddable":true,"href":"https:\/\/etab.ac-reunion.fr\/clg-lucet-langenier\/wp-json\/wp\/v2\/categories?post=4324"},{"taxonomy":"post_tag","embeddable":true,"href":"https:\/\/etab.ac-reunion.fr\/clg-lucet-langenier\/wp-json\/wp\/v2\/tags?post=4324"}],"curies":[{"name":"wp","href":"https:\/\/api.w.org\/{rel}","templated":true}]}}