{"id":4647,"date":"2024-12-04T19:14:26","date_gmt":"2024-12-04T15:14:26","guid":{"rendered":"https:\/\/etab.ac-reunion.fr\/clg-lucet-langenier\/?p=4647"},"modified":"2025-10-01T17:13:39","modified_gmt":"2025-10-01T13:13:39","slug":"journees-du-17-et-18-decembre","status":"publish","type":"post","link":"https:\/\/etab.ac-reunion.fr\/clg-lucet-langenier\/2024\/12\/04\/journees-du-17-et-18-decembre\/","title":{"rendered":"Journ\u00e9es du 17 et 18 d\u00e9cembre"},"content":{"rendered":"<p style=\"text-align: center\"><span style=\"color: #008080\">Les 17 et 18 D\u00e9cembre se d\u00e9rouleront les \u00e9preuves du brevet blanc pour les \u00e9l\u00e8ves de 3\u00e8me selon le planning disponible sur Pronote.<\/span><\/p>\n<p style=\"text-align: center\"><span style=\"color: #008080\">Les cours seront banalis\u00e9s pour les \u00e9l\u00e8ves de 6\u00e8me, 5\u00e8me et 4\u00e8me.\u00a0<\/span><\/p>\n","protected":false},"excerpt":{"rendered":"<p>Les 17 et 18 D\u00e9cembre se d\u00e9rouleront les \u00e9preuves du brevet blanc pour les \u00e9l\u00e8ves de 3\u00e8me selon le planning disponible sur Pronote. Les cours seront banalis\u00e9s pour les \u00e9l\u00e8ves de 6\u00e8me, 5\u00e8me et 4\u00e8me.\u00a0<\/p>\n","protected":false},"author":22103,"featured_media":0,"comment_status":"closed","ping_status":"closed","sticky":false,"template":"","format":"standard","meta":{"_et_pb_use_builder":"","_et_pb_old_content":"","_et_gb_content_width":"","footnotes":""},"categories":[79],"tags":[],"class_list":["post-4647","post","type-post","status-publish","format-standard","hentry","category-infos-parents"],"_links":{"self":[{"href":"https:\/\/etab.ac-reunion.fr\/clg-lucet-langenier\/wp-json\/wp\/v2\/posts\/4647","targetHints":{"allow":["GET"]}}],"collection":[{"href":"https:\/\/etab.ac-reunion.fr\/clg-lucet-langenier\/wp-json\/wp\/v2\/posts"}],"about":[{"href":"https:\/\/etab.ac-reunion.fr\/clg-lucet-langenier\/wp-json\/wp\/v2\/types\/post"}],"author":[{"embeddable":true,"href":"https:\/\/etab.ac-reunion.fr\/clg-lucet-langenier\/wp-json\/wp\/v2\/users\/22103"}],"replies":[{"embeddable":true,"href":"https:\/\/etab.ac-reunion.fr\/clg-lucet-langenier\/wp-json\/wp\/v2\/comments?post=4647"}],"version-history":[{"count":2,"href":"https:\/\/etab.ac-reunion.fr\/clg-lucet-langenier\/wp-json\/wp\/v2\/posts\/4647\/revisions"}],"predecessor-version":[{"id":4649,"href":"https:\/\/etab.ac-reunion.fr\/clg-lucet-langenier\/wp-json\/wp\/v2\/posts\/4647\/revisions\/4649"}],"wp:attachment":[{"href":"https:\/\/etab.ac-reunion.fr\/clg-lucet-langenier\/wp-json\/wp\/v2\/media?parent=4647"}],"wp:term":[{"taxonomy":"category","embeddable":true,"href":"https:\/\/etab.ac-reunion.fr\/clg-lucet-langenier\/wp-json\/wp\/v2\/categories?post=4647"},{"taxonomy":"post_tag","embeddable":true,"href":"https:\/\/etab.ac-reunion.fr\/clg-lucet-langenier\/wp-json\/wp\/v2\/tags?post=4647"}],"curies":[{"name":"wp","href":"https:\/\/api.w.org\/{rel}","templated":true}]}}