{"id":5667,"date":"2023-10-14T10:06:19","date_gmt":"2023-10-14T06:06:19","guid":{"rendered":"https:\/\/etab.ac-reunion.fr\/clg-marcel-goulette\/?p=5667"},"modified":"2023-10-14T10:07:03","modified_gmt":"2023-10-14T06:07:03","slug":"remise-du-label-egalite-filles-garcons","status":"publish","type":"post","link":"https:\/\/etab.ac-reunion.fr\/clg-marcel-goulette\/remise-du-label-egalite-filles-garcons\/","title":{"rendered":"Remise du label \u00c9galit\u00e9 Filles-Gar\u00e7ons"},"content":{"rendered":"<p><span style=\"font-family: arial, helvetica, sans-serif;font-size: 12pt\">Lundi 09 octobre a lieu le deuxi\u00e8me s\u00e9minaire \u00c9galit\u00e9 Filles-Gar\u00e7ons au <strong>MOCA<\/strong> \u00e0 Montgaillard.<\/span><\/p>\n<p><span style=\"font-family: arial, helvetica, sans-serif;font-size: 12pt\">Cette journ\u00e9e \u00e9tait l&rsquo;occasion de remettre aux \u00e9tablissements qui en avaient fait la demande, leur label Niveau 1, 2 ou 3 en fonction des actions men\u00e9es dans les coll\u00e8ges et lyc\u00e9es.<\/span><\/p>\n<p><span style=\"font-family: arial, helvetica, sans-serif;font-size: 12pt\">En pr\u00e9sence de la Pr\u00e9sidente du Conseil R\u00e9gional, du Recteur, des Inspecteurs, et des Chefs d\u2019\u00c9tablissement, les r\u00e9f\u00e9rents ont pu r\u00e9cup\u00e9rer les dipl\u00f4mes officiels de leur label.<\/span><\/p>\n<p><span style=\"font-family: arial, helvetica, sans-serif;font-size: 12pt\">Mme. Jogama, r\u00e9f\u00e9rente \u00e9galit\u00e9 filles-gar\u00e7ons du coll\u00e8ge, a re\u00e7u le label Niveau 1 pour le coll\u00e8ge Marcel Goulette.<\/span><\/p>\n<p><span style=\"font-family: arial, helvetica, sans-serif;font-size: 12pt\">Nous postulons bien \u00e9videmment pour le niveau 2 cette ann\u00e9e scolaire.<\/span><\/p>\n<p><span style=\"font-family: arial, helvetica, sans-serif;font-size: 12pt\">Merci \u00e0 tous les enseignants pour leur investissement dans les projets autour de l&rsquo;\u00e9galit\u00e9 Filles-Gar\u00e7ons.<\/span><\/p>\n<p style=\"text-align: center\"><a href=\"https:\/\/etab.ac-reunion.fr\/clg-marcel-goulette\/wp-content\/uploads\/sites\/153\/2023\/10\/Label1.jpeg\"><img loading=\"lazy\" decoding=\"async\" class=\"aligncenter size-full wp-image-5668\" src=\"https:\/\/etab.ac-reunion.fr\/clg-marcel-goulette\/wp-content\/uploads\/sites\/153\/2023\/10\/Label1.jpeg\" alt=\"\" width=\"640\" height=\"480\" srcset=\"https:\/\/etab.ac-reunion.fr\/clg-marcel-goulette\/wp-content\/uploads\/sites\/153\/2023\/10\/Label1.jpeg 640w, https:\/\/etab.ac-reunion.fr\/clg-marcel-goulette\/wp-content\/uploads\/sites\/153\/2023\/10\/Label1-300x225.jpeg 300w, https:\/\/etab.ac-reunion.fr\/clg-marcel-goulette\/wp-content\/uploads\/sites\/153\/2023\/10\/Label1-150x113.jpeg 150w\" sizes=\"auto, (max-width: 640px) 100vw, 640px\" \/><\/a><\/p>\n","protected":false},"excerpt":{"rendered":"<p>Lundi 09 octobre a lieu le deuxi\u00e8me s\u00e9minaire \u00c9galit\u00e9 Filles-Gar\u00e7ons au MOCA \u00e0 Montgaillard. Cette journ\u00e9e \u00e9tait l&rsquo;occasion de remettre aux \u00e9tablissements qui en avaient fait la demande, leur label\u2026<\/p>\n<p class=\"continue-reading-button\"> <a class=\"continue-reading-link\" href=\"https:\/\/etab.ac-reunion.fr\/clg-marcel-goulette\/remise-du-label-egalite-filles-garcons\/\">Lire la suite&#8230;<i class=\"crycon-right-dir\"><\/i><\/a><\/p>\n","protected":false},"author":32163,"featured_media":155,"comment_status":"closed","ping_status":"closed","sticky":false,"template":"","format":"standard","meta":{"footnotes":""},"categories":[43],"tags":[],"class_list":["post-5667","post","type-post","status-publish","format-standard","has-post-thumbnail","hentry","category-egalite-filles-garcons"],"_links":{"self":[{"href":"https:\/\/etab.ac-reunion.fr\/clg-marcel-goulette\/wp-json\/wp\/v2\/posts\/5667","targetHints":{"allow":["GET"]}}],"collection":[{"href":"https:\/\/etab.ac-reunion.fr\/clg-marcel-goulette\/wp-json\/wp\/v2\/posts"}],"about":[{"href":"https:\/\/etab.ac-reunion.fr\/clg-marcel-goulette\/wp-json\/wp\/v2\/types\/post"}],"author":[{"embeddable":true,"href":"https:\/\/etab.ac-reunion.fr\/clg-marcel-goulette\/wp-json\/wp\/v2\/users\/32163"}],"replies":[{"embeddable":true,"href":"https:\/\/etab.ac-reunion.fr\/clg-marcel-goulette\/wp-json\/wp\/v2\/comments?post=5667"}],"version-history":[{"count":2,"href":"https:\/\/etab.ac-reunion.fr\/clg-marcel-goulette\/wp-json\/wp\/v2\/posts\/5667\/revisions"}],"predecessor-version":[{"id":5670,"href":"https:\/\/etab.ac-reunion.fr\/clg-marcel-goulette\/wp-json\/wp\/v2\/posts\/5667\/revisions\/5670"}],"wp:featuredmedia":[{"embeddable":true,"href":"https:\/\/etab.ac-reunion.fr\/clg-marcel-goulette\/wp-json\/wp\/v2\/media\/155"}],"wp:attachment":[{"href":"https:\/\/etab.ac-reunion.fr\/clg-marcel-goulette\/wp-json\/wp\/v2\/media?parent=5667"}],"wp:term":[{"taxonomy":"category","embeddable":true,"href":"https:\/\/etab.ac-reunion.fr\/clg-marcel-goulette\/wp-json\/wp\/v2\/categories?post=5667"},{"taxonomy":"post_tag","embeddable":true,"href":"https:\/\/etab.ac-reunion.fr\/clg-marcel-goulette\/wp-json\/wp\/v2\/tags?post=5667"}],"curies":[{"name":"wp","href":"https:\/\/api.w.org\/{rel}","templated":true}]}}