{"id":6888,"date":"2025-06-16T15:04:37","date_gmt":"2025-06-16T11:04:37","guid":{"rendered":"https:\/\/etab.ac-reunion.fr\/clg-marcel-goulette\/?p=6888"},"modified":"2025-11-17T10:04:02","modified_gmt":"2025-11-17T06:04:02","slug":"journee-academique-du-developpement-durable","status":"publish","type":"post","link":"https:\/\/etab.ac-reunion.fr\/clg-marcel-goulette\/journee-academique-du-developpement-durable\/","title":{"rendered":"Journ\u00e9e Acad\u00e9mique du D\u00e9veloppement Durable"},"content":{"rendered":"<p>Le lundi 26 mai s\u2019est d\u00e9roul\u00e9e la journ\u00e9e r\u00e9gionale du d\u00e9veloppement durable au conservatoire botanique national de Mascarin.<\/p>\n<p>Le coll\u00e8ge <strong>Marcel GOULETTE<\/strong> a obtenu le label de d\u00e9veloppement durable de niveau 3.<\/p>\n<p>Le plus haut niveau, gr\u00e2ce \u00e0 l\u2019investissement de tous.<\/p>\n<p>Une d\u00e9l\u00e9gation d\u2019\u00e9l\u00e8ves participants \u00e0 l&rsquo;atelier serre a eu le plaisir de r\u00e9cup\u00e9rer cette r\u00e9compense.<\/p>\n<p><img loading=\"lazy\" decoding=\"async\" class=\"alignnone size-medium wp-image-6917\" src=\"https:\/\/etab.ac-reunion.fr\/clg-marcel-goulette\/wp-content\/uploads\/sites\/153\/2025\/06\/Wistiti-225x300.jpeg\" alt=\"\" width=\"225\" height=\"300\" srcset=\"https:\/\/etab.ac-reunion.fr\/clg-marcel-goulette\/wp-content\/uploads\/sites\/153\/2025\/06\/Wistiti-225x300.jpeg 225w, https:\/\/etab.ac-reunion.fr\/clg-marcel-goulette\/wp-content\/uploads\/sites\/153\/2025\/06\/Wistiti-90x120.jpeg 90w, https:\/\/etab.ac-reunion.fr\/clg-marcel-goulette\/wp-content\/uploads\/sites\/153\/2025\/06\/Wistiti-113x150.jpeg 113w, https:\/\/etab.ac-reunion.fr\/clg-marcel-goulette\/wp-content\/uploads\/sites\/153\/2025\/06\/Wistiti.jpeg 768w\" sizes=\"auto, (max-width: 225px) 100vw, 225px\" \/> <img loading=\"lazy\" decoding=\"async\" class=\"alignnone size-medium wp-image-6916\" src=\"https:\/\/etab.ac-reunion.fr\/clg-marcel-goulette\/wp-content\/uploads\/sites\/153\/2025\/06\/Waouuu-300x225.jpeg\" alt=\"\" width=\"300\" height=\"225\" srcset=\"https:\/\/etab.ac-reunion.fr\/clg-marcel-goulette\/wp-content\/uploads\/sites\/153\/2025\/06\/Waouuu-300x225.jpeg 300w, https:\/\/etab.ac-reunion.fr\/clg-marcel-goulette\/wp-content\/uploads\/sites\/153\/2025\/06\/Waouuu-120x90.jpeg 120w, https:\/\/etab.ac-reunion.fr\/clg-marcel-goulette\/wp-content\/uploads\/sites\/153\/2025\/06\/Waouuu-768x576.jpeg 768w, https:\/\/etab.ac-reunion.fr\/clg-marcel-goulette\/wp-content\/uploads\/sites\/153\/2025\/06\/Waouuu-150x113.jpeg 150w, https:\/\/etab.ac-reunion.fr\/clg-marcel-goulette\/wp-content\/uploads\/sites\/153\/2025\/06\/Waouuu.jpeg 1024w\" sizes=\"auto, (max-width: 300px) 100vw, 300px\" \/> <img loading=\"lazy\" decoding=\"async\" class=\"alignnone size-medium wp-image-6914\" src=\"https:\/\/etab.ac-reunion.fr\/clg-marcel-goulette\/wp-content\/uploads\/sites\/153\/2025\/06\/Trek-mascareigne-225x300.jpeg\" alt=\"\" width=\"225\" height=\"300\" srcset=\"https:\/\/etab.ac-reunion.fr\/clg-marcel-goulette\/wp-content\/uploads\/sites\/153\/2025\/06\/Trek-mascareigne-225x300.jpeg 225w, https:\/\/etab.ac-reunion.fr\/clg-marcel-goulette\/wp-content\/uploads\/sites\/153\/2025\/06\/Trek-mascareigne-90x120.jpeg 90w, https:\/\/etab.ac-reunion.fr\/clg-marcel-goulette\/wp-content\/uploads\/sites\/153\/2025\/06\/Trek-mascareigne-113x150.jpeg 113w, https:\/\/etab.ac-reunion.fr\/clg-marcel-goulette\/wp-content\/uploads\/sites\/153\/2025\/06\/Trek-mascareigne.jpeg 768w\" sizes=\"auto, (max-width: 225px) 100vw, 225px\" \/> <img loading=\"lazy\" decoding=\"async\" class=\"alignnone size-medium wp-image-6915\" src=\"https:\/\/etab.ac-reunion.fr\/clg-marcel-goulette\/wp-content\/uploads\/sites\/153\/2025\/06\/Visite-225x300.jpeg\" alt=\"\" width=\"225\" height=\"300\" srcset=\"https:\/\/etab.ac-reunion.fr\/clg-marcel-goulette\/wp-content\/uploads\/sites\/153\/2025\/06\/Visite-225x300.jpeg 225w, https:\/\/etab.ac-reunion.fr\/clg-marcel-goulette\/wp-content\/uploads\/sites\/153\/2025\/06\/Visite-90x120.jpeg 90w, https:\/\/etab.ac-reunion.fr\/clg-marcel-goulette\/wp-content\/uploads\/sites\/153\/2025\/06\/Visite-113x150.jpeg 113w, https:\/\/etab.ac-reunion.fr\/clg-marcel-goulette\/wp-content\/uploads\/sites\/153\/2025\/06\/Visite.jpeg 768w\" sizes=\"auto, (max-width: 225px) 100vw, 225px\" \/> <img loading=\"lazy\" decoding=\"async\" class=\"alignnone size-medium wp-image-6913\" src=\"https:\/\/etab.ac-reunion.fr\/clg-marcel-goulette\/wp-content\/uploads\/sites\/153\/2025\/06\/Ti-sourire-225x300.jpeg\" alt=\"\" width=\"225\" height=\"300\" srcset=\"https:\/\/etab.ac-reunion.fr\/clg-marcel-goulette\/wp-content\/uploads\/sites\/153\/2025\/06\/Ti-sourire-225x300.jpeg 225w, https:\/\/etab.ac-reunion.fr\/clg-marcel-goulette\/wp-content\/uploads\/sites\/153\/2025\/06\/Ti-sourire-90x120.jpeg 90w, https:\/\/etab.ac-reunion.fr\/clg-marcel-goulette\/wp-content\/uploads\/sites\/153\/2025\/06\/Ti-sourire-113x150.jpeg 113w, https:\/\/etab.ac-reunion.fr\/clg-marcel-goulette\/wp-content\/uploads\/sites\/153\/2025\/06\/Ti-sourire.jpeg 768w\" sizes=\"auto, (max-width: 225px) 100vw, 225px\" \/> <img loading=\"lazy\" decoding=\"async\" class=\"alignnone size-medium wp-image-6912\" src=\"https:\/\/etab.ac-reunion.fr\/clg-marcel-goulette\/wp-content\/uploads\/sites\/153\/2025\/06\/Sur-la-route-du-conseravtoire-225x300.jpeg\" alt=\"\" width=\"225\" height=\"300\" srcset=\"https:\/\/etab.ac-reunion.fr\/clg-marcel-goulette\/wp-content\/uploads\/sites\/153\/2025\/06\/Sur-la-route-du-conseravtoire-225x300.jpeg 225w, https:\/\/etab.ac-reunion.fr\/clg-marcel-goulette\/wp-content\/uploads\/sites\/153\/2025\/06\/Sur-la-route-du-conseravtoire-90x120.jpeg 90w, https:\/\/etab.ac-reunion.fr\/clg-marcel-goulette\/wp-content\/uploads\/sites\/153\/2025\/06\/Sur-la-route-du-conseravtoire-113x150.jpeg 113w, https:\/\/etab.ac-reunion.fr\/clg-marcel-goulette\/wp-content\/uploads\/sites\/153\/2025\/06\/Sur-la-route-du-conseravtoire.jpeg 768w\" sizes=\"auto, (max-width: 225px) 100vw, 225px\" \/> <img loading=\"lazy\" decoding=\"async\" class=\"alignnone size-medium wp-image-6911\" src=\"https:\/\/etab.ac-reunion.fr\/clg-marcel-goulette\/wp-content\/uploads\/sites\/153\/2025\/06\/Quelquuun-peu-maider-\uf025-225x300.jpeg\" alt=\"\" width=\"225\" height=\"300\" srcset=\"https:\/\/etab.ac-reunion.fr\/clg-marcel-goulette\/wp-content\/uploads\/sites\/153\/2025\/06\/Quelquuun-peu-maider-\uf025-225x300.jpeg 225w, https:\/\/etab.ac-reunion.fr\/clg-marcel-goulette\/wp-content\/uploads\/sites\/153\/2025\/06\/Quelquuun-peu-maider-\uf025-90x120.jpeg 90w, https:\/\/etab.ac-reunion.fr\/clg-marcel-goulette\/wp-content\/uploads\/sites\/153\/2025\/06\/Quelquuun-peu-maider-\uf025-113x150.jpeg 113w, https:\/\/etab.ac-reunion.fr\/clg-marcel-goulette\/wp-content\/uploads\/sites\/153\/2025\/06\/Quelquuun-peu-maider-\uf025.jpeg 768w\" sizes=\"auto, (max-width: 225px) 100vw, 225px\" \/> <img loading=\"lazy\" decoding=\"async\" class=\"alignnone size-medium wp-image-6910\" src=\"https:\/\/etab.ac-reunion.fr\/clg-marcel-goulette\/wp-content\/uploads\/sites\/153\/2025\/06\/Perdus-\uf025-300x225.jpeg\" alt=\"\" width=\"300\" height=\"225\" srcset=\"https:\/\/etab.ac-reunion.fr\/clg-marcel-goulette\/wp-content\/uploads\/sites\/153\/2025\/06\/Perdus-\uf025-300x225.jpeg 300w, https:\/\/etab.ac-reunion.fr\/clg-marcel-goulette\/wp-content\/uploads\/sites\/153\/2025\/06\/Perdus-\uf025-120x90.jpeg 120w, https:\/\/etab.ac-reunion.fr\/clg-marcel-goulette\/wp-content\/uploads\/sites\/153\/2025\/06\/Perdus-\uf025-768x576.jpeg 768w, https:\/\/etab.ac-reunion.fr\/clg-marcel-goulette\/wp-content\/uploads\/sites\/153\/2025\/06\/Perdus-\uf025-150x113.jpeg 150w, https:\/\/etab.ac-reunion.fr\/clg-marcel-goulette\/wp-content\/uploads\/sites\/153\/2025\/06\/Perdus-\uf025.jpeg 1024w\" sizes=\"auto, (max-width: 300px) 100vw, 300px\" \/> <img loading=\"lazy\" decoding=\"async\" class=\"alignnone size-medium wp-image-6909\" src=\"https:\/\/etab.ac-reunion.fr\/clg-marcel-goulette\/wp-content\/uploads\/sites\/153\/2025\/06\/Pause-dejeuner-300x225.jpeg\" alt=\"\" width=\"300\" height=\"225\" srcset=\"https:\/\/etab.ac-reunion.fr\/clg-marcel-goulette\/wp-content\/uploads\/sites\/153\/2025\/06\/Pause-dejeuner-300x225.jpeg 300w, https:\/\/etab.ac-reunion.fr\/clg-marcel-goulette\/wp-content\/uploads\/sites\/153\/2025\/06\/Pause-dejeuner-120x90.jpeg 120w, https:\/\/etab.ac-reunion.fr\/clg-marcel-goulette\/wp-content\/uploads\/sites\/153\/2025\/06\/Pause-dejeuner-768x576.jpeg 768w, https:\/\/etab.ac-reunion.fr\/clg-marcel-goulette\/wp-content\/uploads\/sites\/153\/2025\/06\/Pause-dejeuner-150x113.jpeg 150w, https:\/\/etab.ac-reunion.fr\/clg-marcel-goulette\/wp-content\/uploads\/sites\/153\/2025\/06\/Pause-dejeuner.jpeg 1024w\" sizes=\"auto, (max-width: 300px) 100vw, 300px\" \/> <img loading=\"lazy\" decoding=\"async\" class=\"alignnone size-medium wp-image-6900\" src=\"https:\/\/etab.ac-reunion.fr\/clg-marcel-goulette\/wp-content\/uploads\/sites\/153\/2025\/06\/Lino-\uf025-225x300.jpeg\" alt=\"\" width=\"225\" height=\"300\" srcset=\"https:\/\/etab.ac-reunion.fr\/clg-marcel-goulette\/wp-content\/uploads\/sites\/153\/2025\/06\/Lino-\uf025-225x300.jpeg 225w, https:\/\/etab.ac-reunion.fr\/clg-marcel-goulette\/wp-content\/uploads\/sites\/153\/2025\/06\/Lino-\uf025-90x120.jpeg 90w, https:\/\/etab.ac-reunion.fr\/clg-marcel-goulette\/wp-content\/uploads\/sites\/153\/2025\/06\/Lino-\uf025-113x150.jpeg 113w, https:\/\/etab.ac-reunion.fr\/clg-marcel-goulette\/wp-content\/uploads\/sites\/153\/2025\/06\/Lino-\uf025.jpeg 768w\" sizes=\"auto, (max-width: 225px) 100vw, 225px\" \/> <img loading=\"lazy\" decoding=\"async\" class=\"alignnone size-medium wp-image-6901\" src=\"https:\/\/etab.ac-reunion.fr\/clg-marcel-goulette\/wp-content\/uploads\/sites\/153\/2025\/06\/Mais-ou-est-Elohim-\uf025-225x300.jpeg\" alt=\"\" width=\"225\" height=\"300\" srcset=\"https:\/\/etab.ac-reunion.fr\/clg-marcel-goulette\/wp-content\/uploads\/sites\/153\/2025\/06\/Mais-ou-est-Elohim-\uf025-225x300.jpeg 225w, https:\/\/etab.ac-reunion.fr\/clg-marcel-goulette\/wp-content\/uploads\/sites\/153\/2025\/06\/Mais-ou-est-Elohim-\uf025-90x120.jpeg 90w, https:\/\/etab.ac-reunion.fr\/clg-marcel-goulette\/wp-content\/uploads\/sites\/153\/2025\/06\/Mais-ou-est-Elohim-\uf025-113x150.jpeg 113w, https:\/\/etab.ac-reunion.fr\/clg-marcel-goulette\/wp-content\/uploads\/sites\/153\/2025\/06\/Mais-ou-est-Elohim-\uf025.jpeg 360w\" sizes=\"auto, (max-width: 225px) 100vw, 225px\" \/> <img loading=\"lazy\" decoding=\"async\" class=\"alignnone size-medium wp-image-6902\" src=\"https:\/\/etab.ac-reunion.fr\/clg-marcel-goulette\/wp-content\/uploads\/sites\/153\/2025\/06\/Mais-ou-est-le-panda-\uf025-225x300.jpeg\" alt=\"\" width=\"225\" height=\"300\" srcset=\"https:\/\/etab.ac-reunion.fr\/clg-marcel-goulette\/wp-content\/uploads\/sites\/153\/2025\/06\/Mais-ou-est-le-panda-\uf025-225x300.jpeg 225w, https:\/\/etab.ac-reunion.fr\/clg-marcel-goulette\/wp-content\/uploads\/sites\/153\/2025\/06\/Mais-ou-est-le-panda-\uf025-90x120.jpeg 90w, https:\/\/etab.ac-reunion.fr\/clg-marcel-goulette\/wp-content\/uploads\/sites\/153\/2025\/06\/Mais-ou-est-le-panda-\uf025-113x150.jpeg 113w, https:\/\/etab.ac-reunion.fr\/clg-marcel-goulette\/wp-content\/uploads\/sites\/153\/2025\/06\/Mais-ou-est-le-panda-\uf025.jpeg 768w\" sizes=\"auto, (max-width: 225px) 100vw, 225px\" \/> <img loading=\"lazy\" decoding=\"async\" class=\"alignnone size-medium wp-image-6903\" src=\"https:\/\/etab.ac-reunion.fr\/clg-marcel-goulette\/wp-content\/uploads\/sites\/153\/2025\/06\/Mais-ou-sont-lespousses-de-bambous-\uf025-225x300.jpeg\" alt=\"\" width=\"225\" height=\"300\" srcset=\"https:\/\/etab.ac-reunion.fr\/clg-marcel-goulette\/wp-content\/uploads\/sites\/153\/2025\/06\/Mais-ou-sont-lespousses-de-bambous-\uf025-225x300.jpeg 225w, https:\/\/etab.ac-reunion.fr\/clg-marcel-goulette\/wp-content\/uploads\/sites\/153\/2025\/06\/Mais-ou-sont-lespousses-de-bambous-\uf025-90x120.jpeg 90w, https:\/\/etab.ac-reunion.fr\/clg-marcel-goulette\/wp-content\/uploads\/sites\/153\/2025\/06\/Mais-ou-sont-lespousses-de-bambous-\uf025-113x150.jpeg 113w, https:\/\/etab.ac-reunion.fr\/clg-marcel-goulette\/wp-content\/uploads\/sites\/153\/2025\/06\/Mais-ou-sont-lespousses-de-bambous-\uf025.jpeg 768w\" sizes=\"auto, (max-width: 225px) 100vw, 225px\" \/> <img loading=\"lazy\" decoding=\"async\" class=\"alignnone size-medium wp-image-6904\" src=\"https:\/\/etab.ac-reunion.fr\/clg-marcel-goulette\/wp-content\/uploads\/sites\/153\/2025\/06\/Merci-Damien-225x300.jpeg\" alt=\"\" width=\"225\" height=\"300\" srcset=\"https:\/\/etab.ac-reunion.fr\/clg-marcel-goulette\/wp-content\/uploads\/sites\/153\/2025\/06\/Merci-Damien-225x300.jpeg 225w, https:\/\/etab.ac-reunion.fr\/clg-marcel-goulette\/wp-content\/uploads\/sites\/153\/2025\/06\/Merci-Damien-90x120.jpeg 90w, https:\/\/etab.ac-reunion.fr\/clg-marcel-goulette\/wp-content\/uploads\/sites\/153\/2025\/06\/Merci-Damien-113x150.jpeg 113w, https:\/\/etab.ac-reunion.fr\/clg-marcel-goulette\/wp-content\/uploads\/sites\/153\/2025\/06\/Merci-Damien.jpeg 768w\" sizes=\"auto, (max-width: 225px) 100vw, 225px\" \/> <img loading=\"lazy\" decoding=\"async\" class=\"alignnone size-medium wp-image-6905\" src=\"https:\/\/etab.ac-reunion.fr\/clg-marcel-goulette\/wp-content\/uploads\/sites\/153\/2025\/06\/Moment-detente-225x300.jpeg\" alt=\"\" width=\"225\" height=\"300\" srcset=\"https:\/\/etab.ac-reunion.fr\/clg-marcel-goulette\/wp-content\/uploads\/sites\/153\/2025\/06\/Moment-detente-225x300.jpeg 225w, https:\/\/etab.ac-reunion.fr\/clg-marcel-goulette\/wp-content\/uploads\/sites\/153\/2025\/06\/Moment-detente-90x120.jpeg 90w, https:\/\/etab.ac-reunion.fr\/clg-marcel-goulette\/wp-content\/uploads\/sites\/153\/2025\/06\/Moment-detente-113x150.jpeg 113w, https:\/\/etab.ac-reunion.fr\/clg-marcel-goulette\/wp-content\/uploads\/sites\/153\/2025\/06\/Moment-detente.jpeg 768w\" sizes=\"auto, (max-width: 225px) 100vw, 225px\" \/> <img loading=\"lazy\" decoding=\"async\" class=\"alignnone size-medium wp-image-6906\" src=\"https:\/\/etab.ac-reunion.fr\/clg-marcel-goulette\/wp-content\/uploads\/sites\/153\/2025\/06\/Nai-pas-peur-Judi-225x300.jpeg\" alt=\"\" width=\"225\" height=\"300\" srcset=\"https:\/\/etab.ac-reunion.fr\/clg-marcel-goulette\/wp-content\/uploads\/sites\/153\/2025\/06\/Nai-pas-peur-Judi-225x300.jpeg 225w, https:\/\/etab.ac-reunion.fr\/clg-marcel-goulette\/wp-content\/uploads\/sites\/153\/2025\/06\/Nai-pas-peur-Judi-90x120.jpeg 90w, https:\/\/etab.ac-reunion.fr\/clg-marcel-goulette\/wp-content\/uploads\/sites\/153\/2025\/06\/Nai-pas-peur-Judi-113x150.jpeg 113w, https:\/\/etab.ac-reunion.fr\/clg-marcel-goulette\/wp-content\/uploads\/sites\/153\/2025\/06\/Nai-pas-peur-Judi.jpeg 768w\" sizes=\"auto, (max-width: 225px) 100vw, 225px\" \/> <img loading=\"lazy\" decoding=\"async\" class=\"alignnone size-medium wp-image-6907\" src=\"https:\/\/etab.ac-reunion.fr\/clg-marcel-goulette\/wp-content\/uploads\/sites\/153\/2025\/06\/Ou-sommes-nous-\uf025-300x225.jpeg\" alt=\"\" width=\"300\" height=\"225\" srcset=\"https:\/\/etab.ac-reunion.fr\/clg-marcel-goulette\/wp-content\/uploads\/sites\/153\/2025\/06\/Ou-sommes-nous-\uf025-300x225.jpeg 300w, https:\/\/etab.ac-reunion.fr\/clg-marcel-goulette\/wp-content\/uploads\/sites\/153\/2025\/06\/Ou-sommes-nous-\uf025-120x90.jpeg 120w, https:\/\/etab.ac-reunion.fr\/clg-marcel-goulette\/wp-content\/uploads\/sites\/153\/2025\/06\/Ou-sommes-nous-\uf025-768x576.jpeg 768w, https:\/\/etab.ac-reunion.fr\/clg-marcel-goulette\/wp-content\/uploads\/sites\/153\/2025\/06\/Ou-sommes-nous-\uf025-150x113.jpeg 150w, https:\/\/etab.ac-reunion.fr\/clg-marcel-goulette\/wp-content\/uploads\/sites\/153\/2025\/06\/Ou-sommes-nous-\uf025.jpeg 1024w\" sizes=\"auto, (max-width: 300px) 100vw, 300px\" \/> <img loading=\"lazy\" decoding=\"async\" class=\"alignnone size-medium wp-image-6908\" src=\"https:\/\/etab.ac-reunion.fr\/clg-marcel-goulette\/wp-content\/uploads\/sites\/153\/2025\/06\/pas-de-balancoire-\uf025-225x300.jpeg\" alt=\"\" width=\"225\" height=\"300\" srcset=\"https:\/\/etab.ac-reunion.fr\/clg-marcel-goulette\/wp-content\/uploads\/sites\/153\/2025\/06\/pas-de-balancoire-\uf025-225x300.jpeg 225w, https:\/\/etab.ac-reunion.fr\/clg-marcel-goulette\/wp-content\/uploads\/sites\/153\/2025\/06\/pas-de-balancoire-\uf025-90x120.jpeg 90w, https:\/\/etab.ac-reunion.fr\/clg-marcel-goulette\/wp-content\/uploads\/sites\/153\/2025\/06\/pas-de-balancoire-\uf025-113x150.jpeg 113w, https:\/\/etab.ac-reunion.fr\/clg-marcel-goulette\/wp-content\/uploads\/sites\/153\/2025\/06\/pas-de-balancoire-\uf025.jpeg 768w\" sizes=\"auto, (max-width: 225px) 100vw, 225px\" \/> <img loading=\"lazy\" decoding=\"async\" class=\"alignnone size-medium wp-image-6899\" src=\"https:\/\/etab.ac-reunion.fr\/clg-marcel-goulette\/wp-content\/uploads\/sites\/153\/2025\/06\/Les-beaux-poissons-225x300.jpeg\" alt=\"\" width=\"225\" height=\"300\" srcset=\"https:\/\/etab.ac-reunion.fr\/clg-marcel-goulette\/wp-content\/uploads\/sites\/153\/2025\/06\/Les-beaux-poissons-225x300.jpeg 225w, https:\/\/etab.ac-reunion.fr\/clg-marcel-goulette\/wp-content\/uploads\/sites\/153\/2025\/06\/Les-beaux-poissons-90x120.jpeg 90w, https:\/\/etab.ac-reunion.fr\/clg-marcel-goulette\/wp-content\/uploads\/sites\/153\/2025\/06\/Les-beaux-poissons-113x150.jpeg 113w, https:\/\/etab.ac-reunion.fr\/clg-marcel-goulette\/wp-content\/uploads\/sites\/153\/2025\/06\/Les-beaux-poissons.jpeg 768w\" sizes=\"auto, (max-width: 225px) 100vw, 225px\" \/> <img loading=\"lazy\" decoding=\"async\" class=\"alignnone size-medium wp-image-6898\" src=\"https:\/\/etab.ac-reunion.fr\/clg-marcel-goulette\/wp-content\/uploads\/sites\/153\/2025\/06\/La-belle-equipe-225x300.jpeg\" alt=\"\" width=\"225\" height=\"300\" srcset=\"https:\/\/etab.ac-reunion.fr\/clg-marcel-goulette\/wp-content\/uploads\/sites\/153\/2025\/06\/La-belle-equipe-225x300.jpeg 225w, https:\/\/etab.ac-reunion.fr\/clg-marcel-goulette\/wp-content\/uploads\/sites\/153\/2025\/06\/La-belle-equipe-90x120.jpeg 90w, https:\/\/etab.ac-reunion.fr\/clg-marcel-goulette\/wp-content\/uploads\/sites\/153\/2025\/06\/La-belle-equipe-113x150.jpeg 113w, https:\/\/etab.ac-reunion.fr\/clg-marcel-goulette\/wp-content\/uploads\/sites\/153\/2025\/06\/La-belle-equipe.jpeg 768w\" sizes=\"auto, (max-width: 225px) 100vw, 225px\" \/> <img loading=\"lazy\" decoding=\"async\" class=\"alignnone size-medium wp-image-6897\" src=\"https:\/\/etab.ac-reunion.fr\/clg-marcel-goulette\/wp-content\/uploads\/sites\/153\/2025\/06\/La-belle-equipe-2-225x300.jpeg\" alt=\"\" width=\"225\" height=\"300\" srcset=\"https:\/\/etab.ac-reunion.fr\/clg-marcel-goulette\/wp-content\/uploads\/sites\/153\/2025\/06\/La-belle-equipe-2-225x300.jpeg 225w, https:\/\/etab.ac-reunion.fr\/clg-marcel-goulette\/wp-content\/uploads\/sites\/153\/2025\/06\/La-belle-equipe-2-90x120.jpeg 90w, https:\/\/etab.ac-reunion.fr\/clg-marcel-goulette\/wp-content\/uploads\/sites\/153\/2025\/06\/La-belle-equipe-2-113x150.jpeg 113w, https:\/\/etab.ac-reunion.fr\/clg-marcel-goulette\/wp-content\/uploads\/sites\/153\/2025\/06\/La-belle-equipe-2.jpeg 768w\" sizes=\"auto, (max-width: 225px) 100vw, 225px\" \/> <img loading=\"lazy\" decoding=\"async\" class=\"alignnone size-medium wp-image-6896\" src=\"https:\/\/etab.ac-reunion.fr\/clg-marcel-goulette\/wp-content\/uploads\/sites\/153\/2025\/06\/La-bambouseraie-225x300.jpeg\" alt=\"\" width=\"225\" height=\"300\" srcset=\"https:\/\/etab.ac-reunion.fr\/clg-marcel-goulette\/wp-content\/uploads\/sites\/153\/2025\/06\/La-bambouseraie-225x300.jpeg 225w, https:\/\/etab.ac-reunion.fr\/clg-marcel-goulette\/wp-content\/uploads\/sites\/153\/2025\/06\/La-bambouseraie-90x120.jpeg 90w, https:\/\/etab.ac-reunion.fr\/clg-marcel-goulette\/wp-content\/uploads\/sites\/153\/2025\/06\/La-bambouseraie-113x150.jpeg 113w, https:\/\/etab.ac-reunion.fr\/clg-marcel-goulette\/wp-content\/uploads\/sites\/153\/2025\/06\/La-bambouseraie.jpeg 768w\" sizes=\"auto, (max-width: 225px) 100vw, 225px\" \/> <img loading=\"lazy\" decoding=\"async\" class=\"alignnone size-medium wp-image-6895\" src=\"https:\/\/etab.ac-reunion.fr\/clg-marcel-goulette\/wp-content\/uploads\/sites\/153\/2025\/06\/fatigues-\uf025-225x300.jpeg\" alt=\"\" width=\"225\" height=\"300\" srcset=\"https:\/\/etab.ac-reunion.fr\/clg-marcel-goulette\/wp-content\/uploads\/sites\/153\/2025\/06\/fatigues-\uf025-225x300.jpeg 225w, https:\/\/etab.ac-reunion.fr\/clg-marcel-goulette\/wp-content\/uploads\/sites\/153\/2025\/06\/fatigues-\uf025-90x120.jpeg 90w, https:\/\/etab.ac-reunion.fr\/clg-marcel-goulette\/wp-content\/uploads\/sites\/153\/2025\/06\/fatigues-\uf025-113x150.jpeg 113w, https:\/\/etab.ac-reunion.fr\/clg-marcel-goulette\/wp-content\/uploads\/sites\/153\/2025\/06\/fatigues-\uf025.jpeg 768w\" sizes=\"auto, (max-width: 225px) 100vw, 225px\" \/> <img loading=\"lazy\" decoding=\"async\" class=\"alignnone size-medium wp-image-6894\" src=\"https:\/\/etab.ac-reunion.fr\/clg-marcel-goulette\/wp-content\/uploads\/sites\/153\/2025\/06\/Eliot-reviens--225x300.jpeg\" alt=\"\" width=\"225\" height=\"300\" srcset=\"https:\/\/etab.ac-reunion.fr\/clg-marcel-goulette\/wp-content\/uploads\/sites\/153\/2025\/06\/Eliot-reviens--225x300.jpeg 225w, https:\/\/etab.ac-reunion.fr\/clg-marcel-goulette\/wp-content\/uploads\/sites\/153\/2025\/06\/Eliot-reviens--90x120.jpeg 90w, https:\/\/etab.ac-reunion.fr\/clg-marcel-goulette\/wp-content\/uploads\/sites\/153\/2025\/06\/Eliot-reviens--113x150.jpeg 113w, https:\/\/etab.ac-reunion.fr\/clg-marcel-goulette\/wp-content\/uploads\/sites\/153\/2025\/06\/Eliot-reviens-.jpeg 768w\" sizes=\"auto, (max-width: 225px) 100vw, 225px\" \/> <img loading=\"lazy\" decoding=\"async\" class=\"alignnone size-medium wp-image-6893\" src=\"https:\/\/etab.ac-reunion.fr\/clg-marcel-goulette\/wp-content\/uploads\/sites\/153\/2025\/06\/Depechez-vous-225x300.jpeg\" alt=\"\" width=\"225\" height=\"300\" srcset=\"https:\/\/etab.ac-reunion.fr\/clg-marcel-goulette\/wp-content\/uploads\/sites\/153\/2025\/06\/Depechez-vous-225x300.jpeg 225w, https:\/\/etab.ac-reunion.fr\/clg-marcel-goulette\/wp-content\/uploads\/sites\/153\/2025\/06\/Depechez-vous-90x120.jpeg 90w, https:\/\/etab.ac-reunion.fr\/clg-marcel-goulette\/wp-content\/uploads\/sites\/153\/2025\/06\/Depechez-vous-113x150.jpeg 113w, https:\/\/etab.ac-reunion.fr\/clg-marcel-goulette\/wp-content\/uploads\/sites\/153\/2025\/06\/Depechez-vous.jpeg 768w\" sizes=\"auto, (max-width: 225px) 100vw, 225px\" \/> <img loading=\"lazy\" decoding=\"async\" class=\"alignnone size-medium wp-image-6892\" src=\"https:\/\/etab.ac-reunion.fr\/clg-marcel-goulette\/wp-content\/uploads\/sites\/153\/2025\/06\/Dans-je-jardin-des-orchidees-225x300.jpeg\" alt=\"\" width=\"225\" height=\"300\" srcset=\"https:\/\/etab.ac-reunion.fr\/clg-marcel-goulette\/wp-content\/uploads\/sites\/153\/2025\/06\/Dans-je-jardin-des-orchidees-225x300.jpeg 225w, https:\/\/etab.ac-reunion.fr\/clg-marcel-goulette\/wp-content\/uploads\/sites\/153\/2025\/06\/Dans-je-jardin-des-orchidees-90x120.jpeg 90w, https:\/\/etab.ac-reunion.fr\/clg-marcel-goulette\/wp-content\/uploads\/sites\/153\/2025\/06\/Dans-je-jardin-des-orchidees-113x150.jpeg 113w, https:\/\/etab.ac-reunion.fr\/clg-marcel-goulette\/wp-content\/uploads\/sites\/153\/2025\/06\/Dans-je-jardin-des-orchidees.jpeg 768w\" sizes=\"auto, (max-width: 225px) 100vw, 225px\" \/> <img loading=\"lazy\" decoding=\"async\" class=\"alignnone size-medium wp-image-6891\" src=\"https:\/\/etab.ac-reunion.fr\/clg-marcel-goulette\/wp-content\/uploads\/sites\/153\/2025\/06\/Coucou-225x300.jpeg\" alt=\"\" width=\"225\" height=\"300\" srcset=\"https:\/\/etab.ac-reunion.fr\/clg-marcel-goulette\/wp-content\/uploads\/sites\/153\/2025\/06\/Coucou-225x300.jpeg 225w, https:\/\/etab.ac-reunion.fr\/clg-marcel-goulette\/wp-content\/uploads\/sites\/153\/2025\/06\/Coucou-90x120.jpeg 90w, https:\/\/etab.ac-reunion.fr\/clg-marcel-goulette\/wp-content\/uploads\/sites\/153\/2025\/06\/Coucou-113x150.jpeg 113w, https:\/\/etab.ac-reunion.fr\/clg-marcel-goulette\/wp-content\/uploads\/sites\/153\/2025\/06\/Coucou.jpeg 768w\" sizes=\"auto, (max-width: 225px) 100vw, 225px\" \/> <img loading=\"lazy\" decoding=\"async\" class=\"alignnone size-medium wp-image-6890\" src=\"https:\/\/etab.ac-reunion.fr\/clg-marcel-goulette\/wp-content\/uploads\/sites\/153\/2025\/06\/Cest-beau-300x225.jpeg\" alt=\"\" width=\"300\" height=\"225\" srcset=\"https:\/\/etab.ac-reunion.fr\/clg-marcel-goulette\/wp-content\/uploads\/sites\/153\/2025\/06\/Cest-beau-300x225.jpeg 300w, https:\/\/etab.ac-reunion.fr\/clg-marcel-goulette\/wp-content\/uploads\/sites\/153\/2025\/06\/Cest-beau-120x90.jpeg 120w, https:\/\/etab.ac-reunion.fr\/clg-marcel-goulette\/wp-content\/uploads\/sites\/153\/2025\/06\/Cest-beau-150x113.jpeg 150w, https:\/\/etab.ac-reunion.fr\/clg-marcel-goulette\/wp-content\/uploads\/sites\/153\/2025\/06\/Cest-beau.jpeg 480w\" sizes=\"auto, (max-width: 300px) 100vw, 300px\" \/> <img loading=\"lazy\" decoding=\"async\" class=\"alignnone size-medium wp-image-6889\" src=\"https:\/\/etab.ac-reunion.fr\/clg-marcel-goulette\/wp-content\/uploads\/sites\/153\/2025\/06\/Cerf-\uf025-225x300.jpeg\" alt=\"\" width=\"225\" height=\"300\" srcset=\"https:\/\/etab.ac-reunion.fr\/clg-marcel-goulette\/wp-content\/uploads\/sites\/153\/2025\/06\/Cerf-\uf025-225x300.jpeg 225w, https:\/\/etab.ac-reunion.fr\/clg-marcel-goulette\/wp-content\/uploads\/sites\/153\/2025\/06\/Cerf-\uf025-90x120.jpeg 90w, https:\/\/etab.ac-reunion.fr\/clg-marcel-goulette\/wp-content\/uploads\/sites\/153\/2025\/06\/Cerf-\uf025-113x150.jpeg 113w, https:\/\/etab.ac-reunion.fr\/clg-marcel-goulette\/wp-content\/uploads\/sites\/153\/2025\/06\/Cerf-\uf025.jpeg 360w\" sizes=\"auto, (max-width: 225px) 100vw, 225px\" \/><\/p>\n<p>&nbsp;<\/p>\n","protected":false},"excerpt":{"rendered":"<p>Le lundi 26 mai s\u2019est d\u00e9roul\u00e9e la journ\u00e9e r\u00e9gionale du d\u00e9veloppement durable au conservatoire botanique national de Mascarin. Le coll\u00e8ge Marcel GOULETTE a obtenu le label de d\u00e9veloppement durable de\u2026<\/p>\n<p class=\"continue-reading-button\"> <a class=\"continue-reading-link\" href=\"https:\/\/etab.ac-reunion.fr\/clg-marcel-goulette\/journee-academique-du-developpement-durable\/\">Lire la suite&#8230;<i class=\"crycon-right-dir\"><\/i><\/a><\/p>\n","protected":false},"author":37644,"featured_media":6916,"comment_status":"closed","ping_status":"closed","sticky":false,"template":"","format":"standard","meta":{"footnotes":""},"categories":[37],"tags":[],"class_list":["post-6888","post","type-post","status-publish","format-standard","has-post-thumbnail","hentry","category-evenements-manifestations-sorties-scolaires"],"_links":{"self":[{"href":"https:\/\/etab.ac-reunion.fr\/clg-marcel-goulette\/wp-json\/wp\/v2\/posts\/6888","targetHints":{"allow":["GET"]}}],"collection":[{"href":"https:\/\/etab.ac-reunion.fr\/clg-marcel-goulette\/wp-json\/wp\/v2\/posts"}],"about":[{"href":"https:\/\/etab.ac-reunion.fr\/clg-marcel-goulette\/wp-json\/wp\/v2\/types\/post"}],"author":[{"embeddable":true,"href":"https:\/\/etab.ac-reunion.fr\/clg-marcel-goulette\/wp-json\/wp\/v2\/users\/37644"}],"replies":[{"embeddable":true,"href":"https:\/\/etab.ac-reunion.fr\/clg-marcel-goulette\/wp-json\/wp\/v2\/comments?post=6888"}],"version-history":[{"count":5,"href":"https:\/\/etab.ac-reunion.fr\/clg-marcel-goulette\/wp-json\/wp\/v2\/posts\/6888\/revisions"}],"predecessor-version":[{"id":6938,"href":"https:\/\/etab.ac-reunion.fr\/clg-marcel-goulette\/wp-json\/wp\/v2\/posts\/6888\/revisions\/6938"}],"wp:featuredmedia":[{"embeddable":true,"href":"https:\/\/etab.ac-reunion.fr\/clg-marcel-goulette\/wp-json\/wp\/v2\/media\/6916"}],"wp:attachment":[{"href":"https:\/\/etab.ac-reunion.fr\/clg-marcel-goulette\/wp-json\/wp\/v2\/media?parent=6888"}],"wp:term":[{"taxonomy":"category","embeddable":true,"href":"https:\/\/etab.ac-reunion.fr\/clg-marcel-goulette\/wp-json\/wp\/v2\/categories?post=6888"},{"taxonomy":"post_tag","embeddable":true,"href":"https:\/\/etab.ac-reunion.fr\/clg-marcel-goulette\/wp-json\/wp\/v2\/tags?post=6888"}],"curies":[{"name":"wp","href":"https:\/\/api.w.org\/{rel}","templated":true}]}}