{"id":7984,"date":"2026-03-20T16:07:09","date_gmt":"2026-03-20T12:07:09","guid":{"rendered":"https:\/\/etab.ac-reunion.fr\/clg-marcel-goulette\/?p=7984"},"modified":"2026-03-20T16:10:36","modified_gmt":"2026-03-20T12:10:36","slug":"un-cadran-solaire-en-construction-au-college","status":"publish","type":"post","link":"https:\/\/etab.ac-reunion.fr\/clg-marcel-goulette\/un-cadran-solaire-en-construction-au-college\/","title":{"rendered":"Un cadran solaire en construction au coll\u00e8ge !"},"content":{"rendered":"\n<p><em>Les \u00e9l\u00e8ves de 3A se lancent dans un projet scientifique concret et passionnant<\/em><\/p>\n\n\n\n<figure class=\"wp-block-image size-large\"><img loading=\"lazy\" decoding=\"async\" width=\"768\" height=\"1024\" src=\"https:\/\/etab.ac-reunion.fr\/clg-marcel-goulette\/wp-content\/uploads\/sites\/153\/2026\/03\/cadran-solaire2-2026-768x1024.jpg\" alt=\"\" class=\"wp-image-7985\" srcset=\"https:\/\/etab.ac-reunion.fr\/clg-marcel-goulette\/wp-content\/uploads\/sites\/153\/2026\/03\/cadran-solaire2-2026-768x1024.jpg 768w, https:\/\/etab.ac-reunion.fr\/clg-marcel-goulette\/wp-content\/uploads\/sites\/153\/2026\/03\/cadran-solaire2-2026-225x300.jpg 225w, https:\/\/etab.ac-reunion.fr\/clg-marcel-goulette\/wp-content\/uploads\/sites\/153\/2026\/03\/cadran-solaire2-2026-90x120.jpg 90w, https:\/\/etab.ac-reunion.fr\/clg-marcel-goulette\/wp-content\/uploads\/sites\/153\/2026\/03\/cadran-solaire2-2026-113x150.jpg 113w, https:\/\/etab.ac-reunion.fr\/clg-marcel-goulette\/wp-content\/uploads\/sites\/153\/2026\/03\/cadran-solaire2-2026.jpg 1125w\" sizes=\"auto, (max-width: 768px) 100vw, 768px\" \/><\/figure>\n\n\n\n<div style=\"height:29px\" aria-hidden=\"true\" class=\"wp-block-spacer\"><\/div>\n\n\n\n<p>Vous vous \u00eates peut-\u00eatre demand\u00e9, en apercevant les rubalises \u00e0 l\u2019entr\u00e9e du coll\u00e8ge, ce qui se pr\u00e9parait\u2026 Rassurez-vous, il ne s\u2019agissait pas d\u2019une sc\u00e8ne de crime !<\/p>\n\n\n\n<p>Le jeudi 19 mars, les \u00e9l\u00e8ves de 3A ont particip\u00e9 \u00e0 une activit\u00e9 scientifique originale dans le cadre du projet \u00ab Classe astro \u00bb.<\/p>\n\n\n\n<div style=\"height:29px\" aria-hidden=\"true\" class=\"wp-block-spacer\"><\/div>\n\n\n\n<hr class=\"wp-block-separator has-alpha-channel-opacity\" \/>\n\n\n\n<div style=\"height:30px\" aria-hidden=\"true\" class=\"wp-block-spacer\"><\/div>\n\n\n\n<h3 class=\"wp-block-heading\">\ud83d\udd2d Une intervention scientifique concr\u00e8te<\/h3>\n\n\n\n<p>Ils ont eu la chance d\u2019accueillir Madame Perrigault, de l\u2019Association Astronomique de La R\u00e9union, invit\u00e9e par leurs enseignants, Monsieur BOUCHET et Madame LAMBERT. Apr\u00e8s une pr\u00e9sentation du cadran solaire anal\u00e9matique, les \u00e9l\u00e8ves ont r\u00e9fl\u00e9chi \u00e0 son fonctionnement et \u00e0 son implantation.<\/p>\n\n\n\n<div style=\"height:30px\" aria-hidden=\"true\" class=\"wp-block-spacer\"><\/div>\n\n\n\n<h3 class=\"wp-block-heading\">\ud83d\udccf Des math\u00e9matiques appliqu\u00e9es sur le terrain<\/h3>\n\n\n\n<p>Les \u00e9l\u00e8ves ont ensuite recherch\u00e9 l\u2019emplacement id\u00e9al dans le coll\u00e8ge et install\u00e9 un gnomon (b\u00e2ton vertical). Tout au long de la journ\u00e9e, ils ont relev\u00e9 la position de son ombre \u00e0 diff\u00e9rents moments.<\/p>\n\n\n\n<p>Ces observations leur ont permis de tracer la ligne Est-Ouest, puis d\u2019utiliser le th\u00e9or\u00e8me de Pythagore pour d\u00e9terminer le m\u00e9ridien du lieu (axe Nord-Sud).<\/p>\n\n\n\n<div style=\"height:30px\" aria-hidden=\"true\" class=\"wp-block-spacer\"><\/div>\n\n\n\n<p>Une belle mani\u00e8re de donner du sens aux apprentissages en liant sciences, observation et travail collectif.<\/p>\n\n\n\n<p>\ud83d\udc49 La suite du projet au prochain \u00e9pisode !<\/p>\n\n\n\n<figure class=\"wp-block-gallery has-nested-images columns-default is-cropped wp-block-gallery-1 is-layout-flex wp-block-gallery-is-layout-flex\">\n<figure class=\"wp-block-image size-large\"><img loading=\"lazy\" decoding=\"async\" width=\"768\" height=\"1024\" data-id=\"7987\" src=\"https:\/\/etab.ac-reunion.fr\/clg-marcel-goulette\/wp-content\/uploads\/sites\/153\/2026\/03\/cadran-solaire1-2026-768x1024.jpg\" alt=\"\" class=\"wp-image-7987\" srcset=\"https:\/\/etab.ac-reunion.fr\/clg-marcel-goulette\/wp-content\/uploads\/sites\/153\/2026\/03\/cadran-solaire1-2026-768x1024.jpg 768w, https:\/\/etab.ac-reunion.fr\/clg-marcel-goulette\/wp-content\/uploads\/sites\/153\/2026\/03\/cadran-solaire1-2026-225x300.jpg 225w, https:\/\/etab.ac-reunion.fr\/clg-marcel-goulette\/wp-content\/uploads\/sites\/153\/2026\/03\/cadran-solaire1-2026-90x120.jpg 90w, https:\/\/etab.ac-reunion.fr\/clg-marcel-goulette\/wp-content\/uploads\/sites\/153\/2026\/03\/cadran-solaire1-2026-113x150.jpg 113w, https:\/\/etab.ac-reunion.fr\/clg-marcel-goulette\/wp-content\/uploads\/sites\/153\/2026\/03\/cadran-solaire1-2026.jpg 1125w\" sizes=\"auto, (max-width: 768px) 100vw, 768px\" \/><\/figure>\n\n\n\n<figure class=\"wp-block-image size-large\"><img decoding=\"async\" data-id=\"7986\" src=\"https:\/\/etab.ac-reunion.fr\/clg-marcel-goulette\/wp-content\/uploads\/sites\/153\/2026\/03\/cadran-solaire2-2026-1-768x1024.jpg\" alt=\"\" class=\"wp-image-7986\" \/><\/figure>\n\n\n\n<figure class=\"wp-block-image size-large\"><img loading=\"lazy\" decoding=\"async\" width=\"768\" height=\"1024\" data-id=\"7988\" src=\"https:\/\/etab.ac-reunion.fr\/clg-marcel-goulette\/wp-content\/uploads\/sites\/153\/2026\/03\/cadran-solaire3-2026-768x1024.jpg\" alt=\"\" class=\"wp-image-7988\" srcset=\"https:\/\/etab.ac-reunion.fr\/clg-marcel-goulette\/wp-content\/uploads\/sites\/153\/2026\/03\/cadran-solaire3-2026-768x1024.jpg 768w, https:\/\/etab.ac-reunion.fr\/clg-marcel-goulette\/wp-content\/uploads\/sites\/153\/2026\/03\/cadran-solaire3-2026-225x300.jpg 225w, https:\/\/etab.ac-reunion.fr\/clg-marcel-goulette\/wp-content\/uploads\/sites\/153\/2026\/03\/cadran-solaire3-2026-90x120.jpg 90w, https:\/\/etab.ac-reunion.fr\/clg-marcel-goulette\/wp-content\/uploads\/sites\/153\/2026\/03\/cadran-solaire3-2026-113x150.jpg 113w, https:\/\/etab.ac-reunion.fr\/clg-marcel-goulette\/wp-content\/uploads\/sites\/153\/2026\/03\/cadran-solaire3-2026.jpg 1125w\" sizes=\"auto, (max-width: 768px) 100vw, 768px\" \/><\/figure>\n<\/figure>\n","protected":false},"excerpt":{"rendered":"<p>Les \u00e9l\u00e8ves de 3A se lancent dans un projet scientifique concret et passionnant Vous vous \u00eates peut-\u00eatre demand\u00e9, en apercevant les rubalises \u00e0 l\u2019entr\u00e9e du coll\u00e8ge, ce qui se pr\u00e9parait\u2026\u2026<\/p>\n<p class=\"continue-reading-button\"> <a class=\"continue-reading-link\" href=\"https:\/\/etab.ac-reunion.fr\/clg-marcel-goulette\/un-cadran-solaire-en-construction-au-college\/\">Lire la suite&#8230;<i class=\"crycon-right-dir\"><\/i><\/a><\/p>\n","protected":false},"author":38518,"featured_media":7986,"comment_status":"closed","ping_status":"closed","sticky":false,"template":"","format":"standard","meta":{"footnotes":""},"categories":[99,88],"tags":[],"class_list":["post-7984","post","type-post","status-publish","format-standard","has-post-thumbnail","hentry","category-actu-vie-scolaire","category-sciences"],"_links":{"self":[{"href":"https:\/\/etab.ac-reunion.fr\/clg-marcel-goulette\/wp-json\/wp\/v2\/posts\/7984","targetHints":{"allow":["GET"]}}],"collection":[{"href":"https:\/\/etab.ac-reunion.fr\/clg-marcel-goulette\/wp-json\/wp\/v2\/posts"}],"about":[{"href":"https:\/\/etab.ac-reunion.fr\/clg-marcel-goulette\/wp-json\/wp\/v2\/types\/post"}],"author":[{"embeddable":true,"href":"https:\/\/etab.ac-reunion.fr\/clg-marcel-goulette\/wp-json\/wp\/v2\/users\/38518"}],"replies":[{"embeddable":true,"href":"https:\/\/etab.ac-reunion.fr\/clg-marcel-goulette\/wp-json\/wp\/v2\/comments?post=7984"}],"version-history":[{"count":4,"href":"https:\/\/etab.ac-reunion.fr\/clg-marcel-goulette\/wp-json\/wp\/v2\/posts\/7984\/revisions"}],"predecessor-version":[{"id":7992,"href":"https:\/\/etab.ac-reunion.fr\/clg-marcel-goulette\/wp-json\/wp\/v2\/posts\/7984\/revisions\/7992"}],"wp:featuredmedia":[{"embeddable":true,"href":"https:\/\/etab.ac-reunion.fr\/clg-marcel-goulette\/wp-json\/wp\/v2\/media\/7986"}],"wp:attachment":[{"href":"https:\/\/etab.ac-reunion.fr\/clg-marcel-goulette\/wp-json\/wp\/v2\/media?parent=7984"}],"wp:term":[{"taxonomy":"category","embeddable":true,"href":"https:\/\/etab.ac-reunion.fr\/clg-marcel-goulette\/wp-json\/wp\/v2\/categories?post=7984"},{"taxonomy":"post_tag","embeddable":true,"href":"https:\/\/etab.ac-reunion.fr\/clg-marcel-goulette\/wp-json\/wp\/v2\/tags?post=7984"}],"curies":[{"name":"wp","href":"https:\/\/api.w.org\/{rel}","templated":true}]}}